{"id":98070,"date":"2026-09-05T13:10:09","date_gmt":"2026-09-05T16:10:09","guid":{"rendered":"https:\/\/blogdoeloiltoncajuhy.com.br\/site\/?p=98070"},"modified":"2026-09-05T13:10:11","modified_gmt":"2026-09-05T16:10:11","slug":"mais-de-13-mil-produtores-rurais-da-bahia-podem-renegociar-dividas-com-o-banco-do-nordeste","status":"publish","type":"post","link":"https:\/\/blogdoeloiltoncajuhy.com.br\/site\/mais-de-13-mil-produtores-rurais-da-bahia-podem-renegociar-dividas-com-o-banco-do-nordeste\/","title":{"rendered":"Mais de 13 mil produtores rurais da Bahia podem renegociar d\u00edvidas com o Banco do Nordeste"},"content":{"rendered":"\n<p class=\"has-medium-font-size wp-block-paragraph\">Medida beneficia mais de 100 mil produtores em toda a \u00e1rea de atua\u00e7\u00e3o do BNB e permite renegocia\u00e7\u00e3o de d\u00e9bitos com prazo de at\u00e9 10 anos.<\/p>\n\n\n\n<p class=\"wp-block-paragraph\"><strong>Por Blog do Eloilton Cajuhy \u2013 BEC<\/strong><\/p>\n\n\n\n<p class=\"wp-block-paragraph\">&#x1f4f2;<a href=\"https:\/\/whatsapp.com\/channel\/0029VaAT7tDLI8Yfj5y9Z50Z\"><strong>\u00a0<mark style=\"background-color:rgba(0, 0, 0, 0)\" class=\"has-inline-color has-luminous-vivid-orange-color\">Siga o canal do BEC no WhatsApp<\/mark><\/strong><\/a><\/p>\n\n\n\n<figure class=\"wp-block-image aligncenter size-full\"><a href=\"https:\/\/i0.wp.com\/blogdoeloiltoncajuhy.com.br\/site\/wp-content\/uploads\/2026\/09\/Dividas-Rurais-Imagem-em-IA.jpg?ssl=1\"><img data-recalc-dims=\"1\" fetchpriority=\"high\" decoding=\"async\" width=\"740\" height=\"555\" src=\"https:\/\/i0.wp.com\/blogdoeloiltoncajuhy.com.br\/site\/wp-content\/uploads\/2026\/09\/Dividas-Rurais-Imagem-em-IA.jpg?resize=740%2C555&#038;ssl=1\" alt=\"\" class=\"wp-image-98071\" srcset=\"https:\/\/i0.wp.com\/blogdoeloiltoncajuhy.com.br\/site\/wp-content\/uploads\/2026\/09\/Dividas-Rurais-Imagem-em-IA.jpg?w=740&amp;ssl=1 740w, https:\/\/i0.wp.com\/blogdoeloiltoncajuhy.com.br\/site\/wp-content\/uploads\/2026\/09\/Dividas-Rurais-Imagem-em-IA.jpg?resize=300%2C225&amp;ssl=1 300w\" sizes=\"(max-width: 740px) 100vw, 740px\" \/><\/a><figcaption class=\"wp-element-caption\"><sub>Prazo final para ades\u00e3o \u00e0 regulariza\u00e7\u00e3o das d\u00edvidas vai at\u00e9 novembro de 2026 &#8211; &#x1f4f7; IA<\/sub><\/figcaption><\/figure>\n\n\n\n<p class=\"wp-block-paragraph\">Mais de 13,3 mil produtores rurais da Bahia, respons\u00e1veis por cerca de 15 mil opera\u00e7\u00f5es de cr\u00e9dito, poder\u00e3o renegociar suas d\u00edvidas junto ao Banco do Nordeste (BNB). A medida come\u00e7a a valer neste m\u00eas de setembro e faz parte das novas condi\u00e7\u00f5es autorizadas pela Medida Provis\u00f3ria 1.376\/2026.<\/p>\n\n\n\n<p class=\"wp-block-paragraph\">Em toda a \u00e1rea de atua\u00e7\u00e3o do Banco do Nordeste \u2014 que inclui os nove estados nordestinos e parte dos estados de Minas Gerais e Esp\u00edrito Santo \u2014 mais de 100 mil produtores rurais poder\u00e3o ser beneficiados. Ao todo, s\u00e3o mais de 117 mil opera\u00e7\u00f5es de cr\u00e9dito pass\u00edveis de renegocia\u00e7\u00e3o.<\/p>\n\n\n\n<p class=\"wp-block-paragraph\">O prazo para aderir \u00e0s condi\u00e7\u00f5es especiais termina em 12 de novembro de 2026.<\/p>\n\n\n\n<p class=\"has-black-color has-text-color has-link-color has-medium-font-size wp-elements-1 wp-block-paragraph\"><strong>Quem pode participar<\/strong><\/p>\n\n\n\n<p class=\"wp-block-paragraph\">A medida contempla produtores do agroneg\u00f3cio, agricultores familiares e cooperativas de produ\u00e7\u00e3o agropecu\u00e1ria que tenham registrado perdas em pelo menos duas safras entre 2019 e 2025 ou redu\u00e7\u00e3o de, no m\u00ednimo, 30% da renda bruta agropecu\u00e1ria esperada.<\/p>\n\n\n\n<p class=\"wp-block-paragraph\">As perdas precisam ser comprovadas por meio de laudo elaborado por profissional legalmente habilitado, atestando que os preju\u00edzos foram provocados por eventos clim\u00e1ticos e\/ou pela redu\u00e7\u00e3o relevante dos pre\u00e7os de mercado.<\/p>\n\n\n\n<p class=\"has-black-color has-text-color has-link-color has-medium-font-size wp-elements-2 wp-block-paragraph\"><strong>Quais d\u00edvidas podem ser renegociadas?<\/strong><\/p>\n\n\n\n<p class=\"wp-block-paragraph\">Podem entrar na renegocia\u00e7\u00e3o opera\u00e7\u00f5es de investimento com parcelas vencidas ou a vencer entre 1\u00ba de janeiro de 2024 e 31 de dezembro de 2026.<\/p>\n\n\n\n<p class=\"wp-block-paragraph\">Tamb\u00e9m est\u00e3o inclu\u00eddas opera\u00e7\u00f5es de custeio, comercializa\u00e7\u00e3o, industrializa\u00e7\u00e3o e investimento contratadas at\u00e9 31 de dezembro de 2025, desde que estejam inadimplentes desde 1\u00ba de janeiro de 2024 e tenham permanecido em d\u00e9bito at\u00e9 31 de maio de 2026.<\/p>\n\n\n\n<p class=\"wp-block-paragraph\">D\u00edvidas que j\u00e1 haviam sido renegociadas ou prorrogadas at\u00e9 31 de maio deste ano e que estejam em dia tamb\u00e9m poder\u00e3o ter acesso \u00e0s novas condi\u00e7\u00f5es.<\/p>\n\n\n\n<p class=\"has-black-color has-text-color has-link-color has-medium-font-size wp-elements-3 wp-block-paragraph\"><strong>Prazo de pagamento pode chegar a 10 anos<\/strong><\/p>\n\n\n\n<p class=\"wp-block-paragraph\">De acordo com as regras da medida, o prazo para pagamento poder\u00e1 chegar a dez anos, dependendo da situa\u00e7\u00e3o de cada empreendimento rural. Tamb\u00e9m est\u00e1 prevista car\u00eancia de um ano para o in\u00edcio do pagamento do principal da d\u00edvida.<\/p>\n\n\n\n<p class=\"wp-block-paragraph\">Para os produtores baianos, a iniciativa representa uma oportunidade de reorganizar as finan\u00e7as ap\u00f3s per\u00edodos marcados por dificuldades clim\u00e1ticas e econ\u00f4micas que afetaram a produ\u00e7\u00e3o e a comercializa\u00e7\u00e3o.<\/p>\n\n\n\n<blockquote class=\"wp-block-quote is-layout-flow wp-block-quote-is-layout-flow\">\n<p class=\"wp-block-paragraph\"><strong><mark style=\"background-color:rgba(0, 0, 0, 0)\" class=\"has-inline-color has-black-color\">\u201cA ades\u00e3o representa uma oportunidade concreta para que os produtores rurais que sofreram com condi\u00e7\u00f5es adversas reorganizem sua vida financeira, preservem sua capacidade produtiva e retomem o crescimento de suas atividades\u201d, destacou o superintendente estadual em exerc\u00edcio do Banco do Nordeste na Bahia, Redson Mamona.<\/mark><\/strong><\/p>\n<\/blockquote>\n\n\n\n<p class=\"has-black-color has-text-color has-link-color has-medium-font-size wp-elements-4 wp-block-paragraph\"><strong>Como fazer a renegocia\u00e7\u00e3o<\/strong><\/p>\n\n\n\n<p class=\"wp-block-paragraph\">Os produtores interessados t\u00eam at\u00e9 12 de novembro de 2026 para aderir \u00e0s condi\u00e7\u00f5es previstas pela MP 1.376\/2026.<\/p>\n\n\n\n<p class=\"wp-block-paragraph\">A orienta\u00e7\u00e3o \u00e9 procurar a ag\u00eancia do Banco do Nordeste onde mant\u00e9m relacionamento ou utilizar os canais digitais disponibilizados pela institui\u00e7\u00e3o, como o Portal BNB e o WhatsApp do banco, pelo n\u00famero (85) 4020-0004.<\/p>\n\n\n\n<p class=\"wp-block-paragraph\">Para a Bahia e todo o Nordeste, a medida pode representar um importante mecanismo de recupera\u00e7\u00e3o para produtores que enfrentaram perdas nas \u00faltimas safras e precisam recuperar a capacidade de investimento e produ\u00e7\u00e3o.<\/p>\n","protected":false},"excerpt":{"rendered":"<p>Medida beneficia mais de 100 mil produtores em toda a \u00e1rea de atua\u00e7\u00e3o do BNB e permite renegocia\u00e7\u00e3o de d\u00e9bitos com prazo de at\u00e9 10 anos. Por Blog do Eloilton Cajuhy \u2013 BEC &#x1f4f2;\u00a0Siga o canal do BEC no WhatsApp Mais de 13,3 mil produtores rurais da Bahia, respons\u00e1veis por cerca de 15 mil opera\u00e7\u00f5es [&hellip;]<\/p>\n","protected":false},"author":2,"featured_media":98071,"comment_status":"open","ping_status":"open","sticky":false,"template":"","format":"standard","meta":{"_acf_changed":false,"_monsterinsights_skip_tracking":false,"_monsterinsights_sitenote_active":false,"_monsterinsights_sitenote_note":"","_monsterinsights_sitenote_category":0,"_jetpack_newsletter_access":"","_jetpack_dont_email_post_to_subs":false,"_jetpack_newsletter_tier_id":0,"_jetpack_memberships_contains_paywalled_content":false,"_jetpack_feature_clip_id":0,"_jetpack_memberships_contains_paid_content":false,"footnotes":"","jetpack_publicize_message":"","jetpack_publicize_feature_enabled":true,"jetpack_social_post_already_shared":false,"jetpack_social_options":{"image_generator_settings":{"template":"highway","default_image_id":0,"font":"","enabled":false},"version":2},"jetpack_post_was_ever_published":false},"categories":[31],"tags":[],"class_list":["post-98070","post","type-post","status-publish","format-standard","has-post-thumbnail","hentry","category-economia"],"acf":[],"jetpack_publicize_connections":[],"jetpack_sharing_enabled":true,"publishpress_future_workflow_manual_trigger":{"enabledWorkflows":[]},"jetpack_featured_media_url":"https:\/\/i0.wp.com\/blogdoeloiltoncajuhy.com.br\/site\/wp-content\/uploads\/2026\/09\/Dividas-Rurais-Imagem-em-IA.jpg?fit=740%2C555&ssl=1","_links":{"self":[{"href":"https:\/\/blogdoeloiltoncajuhy.com.br\/site\/wp-json\/wp\/v2\/posts\/98070","targetHints":{"allow":["GET"]}}],"collection":[{"href":"https:\/\/blogdoeloiltoncajuhy.com.br\/site\/wp-json\/wp\/v2\/posts"}],"about":[{"href":"https:\/\/blogdoeloiltoncajuhy.com.br\/site\/wp-json\/wp\/v2\/types\/post"}],"author":[{"embeddable":true,"href":"https:\/\/blogdoeloiltoncajuhy.com.br\/site\/wp-json\/wp\/v2\/users\/2"}],"replies":[{"embeddable":true,"href":"https:\/\/blogdoeloiltoncajuhy.com.br\/site\/wp-json\/wp\/v2\/comments?post=98070"}],"version-history":[{"count":1,"href":"https:\/\/blogdoeloiltoncajuhy.com.br\/site\/wp-json\/wp\/v2\/posts\/98070\/revisions"}],"predecessor-version":[{"id":98072,"href":"https:\/\/blogdoeloiltoncajuhy.com.br\/site\/wp-json\/wp\/v2\/posts\/98070\/revisions\/98072"}],"wp:featuredmedia":[{"embeddable":true,"href":"https:\/\/blogdoeloiltoncajuhy.com.br\/site\/wp-json\/wp\/v2\/media\/98071"}],"wp:attachment":[{"href":"https:\/\/blogdoeloiltoncajuhy.com.br\/site\/wp-json\/wp\/v2\/media?parent=98070"}],"wp:term":[{"taxonomy":"category","embeddable":true,"href":"https:\/\/blogdoeloiltoncajuhy.com.br\/site\/wp-json\/wp\/v2\/categories?post=98070"},{"taxonomy":"post_tag","embeddable":true,"href":"https:\/\/blogdoeloiltoncajuhy.com.br\/site\/wp-json\/wp\/v2\/tags?post=98070"}],"curies":[{"name":"wp","href":"https:\/\/api.w.org\/{rel}","templated":true}]}}