{"id":98032,"date":"2026-09-03T15:48:49","date_gmt":"2026-09-03T18:48:49","guid":{"rendered":"https:\/\/blogdoeloiltoncajuhy.com.br\/site\/?p=98032"},"modified":"2026-09-03T15:48:51","modified_gmt":"2026-09-03T18:48:51","slug":"cantor-que-perdeu-as-duas-pernas-em-acidente-recebe-alta-apos-11-dias-internado","status":"publish","type":"post","link":"https:\/\/blogdoeloiltoncajuhy.com.br\/site\/cantor-que-perdeu-as-duas-pernas-em-acidente-recebe-alta-apos-11-dias-internado\/","title":{"rendered":"Cantor que perdeu as duas pernas em acidente recebe alta ap\u00f3s 11 dias internado"},"content":{"rendered":"\n<p class=\"has-medium-font-size wp-block-paragraph\">Robert Astro, de 25 anos, foi v\u00edtima de um acidente em Serrinha. Motorista que causou colis\u00e3o apresentava sinais de embriaguez.<\/p>\n\n\n\n<p class=\"wp-block-paragraph\"><strong>Blog do Eloilton Cajuhy \u2013 BEC<\/strong><\/p>\n\n\n\n<p class=\"wp-block-paragraph\">&#x1f4f2;\u00a0<a href=\"https:\/\/whatsapp.com\/channel\/0029VaAT7tDLI8Yfj5y9Z50Z\"><strong><mark style=\"background-color:rgba(0, 0, 0, 0)\" class=\"has-inline-color has-luminous-vivid-orange-color\">Siga o canal do BEC no WhatsApp<\/mark><\/strong><\/a><\/p>\n\n\n\n<figure class=\"wp-block-image aligncenter size-full\"><a href=\"https:\/\/i0.wp.com\/blogdoeloiltoncajuhy.com.br\/site\/wp-content\/uploads\/2026\/09\/Cantor-recebe-alta-na-Bahia-%E2%80%94-Reproducao-TV-Subae.jpeg?ssl=1\"><img data-recalc-dims=\"1\" fetchpriority=\"high\" decoding=\"async\" width=\"800\" height=\"324\" src=\"https:\/\/i0.wp.com\/blogdoeloiltoncajuhy.com.br\/site\/wp-content\/uploads\/2026\/09\/Cantor-recebe-alta-na-Bahia-%E2%80%94-Reproducao-TV-Subae.jpeg?resize=800%2C324&#038;ssl=1\" alt=\"\" class=\"wp-image-98033\" srcset=\"https:\/\/i0.wp.com\/blogdoeloiltoncajuhy.com.br\/site\/wp-content\/uploads\/2026\/09\/Cantor-recebe-alta-na-Bahia-%E2%80%94-Reproducao-TV-Subae.jpeg?w=804&amp;ssl=1 804w, https:\/\/i0.wp.com\/blogdoeloiltoncajuhy.com.br\/site\/wp-content\/uploads\/2026\/09\/Cantor-recebe-alta-na-Bahia-%E2%80%94-Reproducao-TV-Subae.jpeg?resize=300%2C122&amp;ssl=1 300w, https:\/\/i0.wp.com\/blogdoeloiltoncajuhy.com.br\/site\/wp-content\/uploads\/2026\/09\/Cantor-recebe-alta-na-Bahia-%E2%80%94-Reproducao-TV-Subae.jpeg?resize=767%2C311&amp;ssl=1 767w\" sizes=\"(max-width: 800px) 100vw, 800px\" \/><\/a><figcaption class=\"wp-element-caption\"><sub>Cantor que perdeu as duas pernas em acidente recebe alta ap\u00f3s 11 dias internado na Bahia \u2014 &#x1f4f7; Reprodu\u00e7\u00e3o\/TV Suba\u00e9<\/sub><\/figcaption><\/figure>\n\n\n\n<p class=\"wp-block-paragraph\">O cantor <strong><mark style=\"background-color:rgba(0, 0, 0, 0)\" class=\"has-inline-color has-black-color\">Robert Astro<\/mark><\/strong>, que perdeu as duas pernas ap\u00f3s um acidente de tr\u00e2nsito, recebeu alta hospitalar nesta quarta-feira (2). Ele passou 11 dias internado no Hospital Cl\u00e9riston Andrade, em Feira de Santana.<\/p>\n\n\n\n<p class=\"wp-block-paragraph\">O artista foi internado no dia 23 de agosto, quando o acidente aconteceu. Ele chegou a ficar cinco dias na Unidade de Tratamento Intensivo (UTI) e foi transferido para a enfermaria na \u00faltima sexta-feira (28).<\/p>\n\n\n\n<p class=\"wp-block-paragraph\">Familiares e amigos de Robert Astro realizaram uma recep\u00e7\u00e3o para o cantor na sa\u00edda do hospital. O artista deixou o local em uma cadeira de rodas e a recupera\u00e7\u00e3o dele foi comemorada pelos familiares.<\/p>\n\n\n\n<figure class=\"wp-block-image aligncenter size-full\"><a href=\"https:\/\/i0.wp.com\/blogdoeloiltoncajuhy.com.br\/site\/wp-content\/uploads\/2026\/08\/Cantor-Robert-Astro-%E2%80%94-Redes-Sociais.jpeg\"><img data-recalc-dims=\"1\" decoding=\"async\" width=\"389\" height=\"501\" src=\"https:\/\/i0.wp.com\/blogdoeloiltoncajuhy.com.br\/site\/wp-content\/uploads\/2026\/08\/Cantor-Robert-Astro-%E2%80%94-Redes-Sociais.jpeg?resize=389%2C501\" alt=\"\" class=\"wp-image-97844\" srcset=\"https:\/\/i0.wp.com\/blogdoeloiltoncajuhy.com.br\/site\/wp-content\/uploads\/2026\/08\/Cantor-Robert-Astro-%E2%80%94-Redes-Sociais.jpeg?w=389&amp;ssl=1 389w, https:\/\/i0.wp.com\/blogdoeloiltoncajuhy.com.br\/site\/wp-content\/uploads\/2026\/08\/Cantor-Robert-Astro-%E2%80%94-Redes-Sociais.jpeg?resize=233%2C300&amp;ssl=1 233w\" sizes=\"(max-width: 389px) 100vw, 389px\" \/><\/a><figcaption class=\"wp-element-caption\"><sub>&#x1f4f7; Redes Sociais<\/sub><\/figcaption><\/figure>\n\n\n\n<p class=\"has-black-color has-text-color has-link-color has-medium-font-size wp-elements-1 wp-block-paragraph\"><strong>Relembre o caso<\/strong><\/p>\n\n\n\n<p class=\"wp-block-paragraph\">No dia do acidente, Robert estava em p\u00e9 entre dois carros estacionados quando uma caminhonete atingiu a traseira de um dos ve\u00edculos e o prensou. O cantor foi socorrido pelo Servi\u00e7o de Atendimento M\u00f3vel de Urg\u00eancia (Samu) e levado inicialmente para o Hospital Municipal de Serrinha.<\/p>\n\n\n\n<p class=\"wp-block-paragraph\">Devido \u00e0 gravidade dos ferimentos, ele foi transferido para uma unidade de maior complexidade em Feira de Santana, onde passou por cirurgia e teve as pernas amputadas.<\/p>\n\n\n\n<p class=\"wp-block-paragraph\">O motorista da caminhonete, de 39 anos, foi localizado ap\u00f3s o acidente. Segundo a Pol\u00edcia Militar, ele apresentava sinais vis\u00edveis de embriaguez.<\/p>\n\n\n\n<p class=\"wp-block-paragraph\">O homem foi preso em flagrante pela Pol\u00edcia Civil por les\u00e3o corporal culposa na dire\u00e7\u00e3o de ve\u00edculo automotor e por conduzir ve\u00edculo com capacidade psicomotora alterada. Ap\u00f3s passar por audi\u00eancia de cust\u00f3dia, ele teve a pris\u00e3o convertida para preventiva<\/p>\n","protected":false},"excerpt":{"rendered":"<p>Robert Astro, de 25 anos, foi v\u00edtima de um acidente em Serrinha. Motorista que causou colis\u00e3o apresentava sinais de embriaguez. Blog do Eloilton Cajuhy \u2013 BEC &#x1f4f2;\u00a0Siga o canal do BEC no WhatsApp O cantor Robert Astro, que perdeu as duas pernas ap\u00f3s um acidente de tr\u00e2nsito, recebeu alta hospitalar nesta quarta-feira (2). Ele passou [&hellip;]<\/p>\n","protected":false},"author":2,"featured_media":98033,"comment_status":"open","ping_status":"open","sticky":false,"template":"","format":"standard","meta":{"_acf_changed":false,"_monsterinsights_skip_tracking":false,"_monsterinsights_sitenote_active":false,"_monsterinsights_sitenote_note":"","_monsterinsights_sitenote_category":0,"_jetpack_newsletter_access":"","_jetpack_dont_email_post_to_subs":false,"_jetpack_newsletter_tier_id":0,"_jetpack_memberships_contains_paywalled_content":false,"_jetpack_feature_clip_id":0,"_jetpack_memberships_contains_paid_content":false,"footnotes":"","jetpack_publicize_message":"","jetpack_publicize_feature_enabled":true,"jetpack_social_post_already_shared":false,"jetpack_social_options":{"image_generator_settings":{"template":"highway","default_image_id":0,"font":"","enabled":false},"version":2},"jetpack_post_was_ever_published":false},"categories":[1],"tags":[],"class_list":["post-98032","post","type-post","status-publish","format-standard","has-post-thumbnail","hentry","category-noticias"],"acf":[],"jetpack_publicize_connections":[],"jetpack_sharing_enabled":true,"publishpress_future_workflow_manual_trigger":{"enabledWorkflows":[]},"jetpack_featured_media_url":"https:\/\/i0.wp.com\/blogdoeloiltoncajuhy.com.br\/site\/wp-content\/uploads\/2026\/09\/Cantor-recebe-alta-na-Bahia-%E2%80%94-Reproducao-TV-Subae.jpeg?fit=804%2C326&ssl=1","_links":{"self":[{"href":"https:\/\/blogdoeloiltoncajuhy.com.br\/site\/wp-json\/wp\/v2\/posts\/98032","targetHints":{"allow":["GET"]}}],"collection":[{"href":"https:\/\/blogdoeloiltoncajuhy.com.br\/site\/wp-json\/wp\/v2\/posts"}],"about":[{"href":"https:\/\/blogdoeloiltoncajuhy.com.br\/site\/wp-json\/wp\/v2\/types\/post"}],"author":[{"embeddable":true,"href":"https:\/\/blogdoeloiltoncajuhy.com.br\/site\/wp-json\/wp\/v2\/users\/2"}],"replies":[{"embeddable":true,"href":"https:\/\/blogdoeloiltoncajuhy.com.br\/site\/wp-json\/wp\/v2\/comments?post=98032"}],"version-history":[{"count":1,"href":"https:\/\/blogdoeloiltoncajuhy.com.br\/site\/wp-json\/wp\/v2\/posts\/98032\/revisions"}],"predecessor-version":[{"id":98034,"href":"https:\/\/blogdoeloiltoncajuhy.com.br\/site\/wp-json\/wp\/v2\/posts\/98032\/revisions\/98034"}],"wp:featuredmedia":[{"embeddable":true,"href":"https:\/\/blogdoeloiltoncajuhy.com.br\/site\/wp-json\/wp\/v2\/media\/98033"}],"wp:attachment":[{"href":"https:\/\/blogdoeloiltoncajuhy.com.br\/site\/wp-json\/wp\/v2\/media?parent=98032"}],"wp:term":[{"taxonomy":"category","embeddable":true,"href":"https:\/\/blogdoeloiltoncajuhy.com.br\/site\/wp-json\/wp\/v2\/categories?post=98032"},{"taxonomy":"post_tag","embeddable":true,"href":"https:\/\/blogdoeloiltoncajuhy.com.br\/site\/wp-json\/wp\/v2\/tags?post=98032"}],"curies":[{"name":"wp","href":"https:\/\/api.w.org\/{rel}","templated":true}]}}