{"id":98024,"date":"2026-09-03T08:48:23","date_gmt":"2026-09-03T11:48:23","guid":{"rendered":"https:\/\/blogdoeloiltoncajuhy.com.br\/site\/?p=98024"},"modified":"2026-09-03T08:48:25","modified_gmt":"2026-09-03T11:48:25","slug":"reforma-tributaria-tambem-chega-ao-mei","status":"publish","type":"post","link":"https:\/\/blogdoeloiltoncajuhy.com.br\/site\/reforma-tributaria-tambem-chega-ao-mei\/","title":{"rendered":"Reforma Tribut\u00e1ria tamb\u00e9m chega ao MEI"},"content":{"rendered":"\n<p class=\"has-medium-font-size wp-block-paragraph\">Mudan\u00e7as no sistema de impostos come\u00e7am a alterar rotinas de pequenos neg\u00f3cios, mas MEIs ter\u00e3o tratamento diferenciado na transi\u00e7\u00e3o.<\/p>\n\n\n\n<p class=\"wp-block-paragraph\"><strong>Blog do Eloilton Cajuhy \u2013 BEC<\/strong><\/p>\n\n\n\n<p class=\"wp-block-paragraph\">&#x1f4f2;\u00a0<a href=\"https:\/\/whatsapp.com\/channel\/0029VaAT7tDLI8Yfj5y9Z50Z\"><strong><mark style=\"background-color:rgba(0, 0, 0, 0)\" class=\"has-inline-color has-luminous-vivid-orange-color\">Siga o canal do BEC no WhatsApp<\/mark><\/strong><\/a><\/p>\n\n\n\n<figure class=\"wp-block-image aligncenter size-full\"><a href=\"https:\/\/i0.wp.com\/blogdoeloiltoncajuhy.com.br\/site\/wp-content\/uploads\/2026\/09\/MEI_03.09.26.png?ssl=1\"><img data-recalc-dims=\"1\" fetchpriority=\"high\" decoding=\"async\" width=\"703\" height=\"468\" src=\"https:\/\/i0.wp.com\/blogdoeloiltoncajuhy.com.br\/site\/wp-content\/uploads\/2026\/09\/MEI_03.09.26.png?resize=703%2C468&#038;ssl=1\" alt=\"\" class=\"wp-image-98025\" srcset=\"https:\/\/i0.wp.com\/blogdoeloiltoncajuhy.com.br\/site\/wp-content\/uploads\/2026\/09\/MEI_03.09.26.png?w=703&amp;ssl=1 703w, https:\/\/i0.wp.com\/blogdoeloiltoncajuhy.com.br\/site\/wp-content\/uploads\/2026\/09\/MEI_03.09.26.png?resize=300%2C200&amp;ssl=1 300w\" sizes=\"(max-width: 703px) 100vw, 703px\" \/><\/a><figcaption class=\"wp-element-caption\"><sub>&#x1f4f7; Reprodu\u00e7\u00e3o<\/sub><\/figcaption><\/figure>\n\n\n\n<p class=\"wp-block-paragraph\">A Reforma Tribut\u00e1ria, que j\u00e1 come\u00e7a a modificar a rotina de empresas brasileiras, tamb\u00e9m alcan\u00e7a os microempreendedores individuais (MEIs). Apesar disso, quem est\u00e1 enquadrado como MEI ter\u00e1, neste primeiro momento, um tratamento diferente das micro e pequenas empresas que fazem parte do Simples Nacional.<\/p>\n\n\n\n<p class=\"wp-block-paragraph\">Segundo cronograma divulgado pela Receita Federal e pelo Comit\u00ea Gestor do Imposto sobre Bens e Servi\u00e7os (CGIBS), a obrigatoriedade de discriminar os novos tributos nas notas fiscais para contribuintes do Simples Nacional s\u00f3 chega em 1\u00ba de janeiro de 2027. Para o MEI, especificamente, o Documento de Arrecada\u00e7\u00e3o do Simples Nacional (DAS) permanece com o pagamento de valor fixo mensal, sem necessidade de discriminar a al\u00edquota dos novos impostos na nota fiscal.<\/p>\n\n\n\n<p class=\"wp-block-paragraph\">A mudan\u00e7a ocorre em meio \u00e0 transi\u00e7\u00e3o para o novo modelo de tributa\u00e7\u00e3o sobre o consumo, que prev\u00ea a substitui\u00e7\u00e3o gradual de tributos como PIS, Cofins, IPI, ICMS e ISS pela Contribui\u00e7\u00e3o sobre Bens e Servi\u00e7os (CBS) e pelo Imposto sobre Bens e Servi\u00e7os (IBS).<\/p>\n\n\n\n<p class=\"wp-block-paragraph\">Para o advogado tributarista Bruno Dur\u00e3o, presidente e fundador da Dur\u00e3o, Almeida &amp; Pontes Advogados Associados, o fato de o MEI ter mais tempo e um modelo simplificado de recolhimento n\u00e3o significa que o empreendedor deva deixar a Reforma Tribut\u00e1ria para depois.<\/p>\n\n\n\n<blockquote class=\"wp-block-quote is-layout-flow wp-block-quote-is-layout-flow\">\n<p class=\"wp-block-paragraph\"><strong><mark style=\"background-color:rgba(0, 0, 0, 0)\" class=\"has-inline-color has-black-color\">\u201cO MEI n\u00e3o ter\u00e1, neste primeiro momento, a mesma complexidade de adapta\u00e7\u00e3o que uma empresa de maior porte, mas isso n\u00e3o significa que a Reforma Tribut\u00e1ria seja irrelevante para ele. A mudan\u00e7a no sistema de tributa\u00e7\u00e3o pode repercutir na forma\u00e7\u00e3o de pre\u00e7os, nas rela\u00e7\u00f5es com fornecedores e clientes e na pr\u00f3pria organiza\u00e7\u00e3o financeira do neg\u00f3cio. O melhor caminho \u00e9 usar esse per\u00edodo de transi\u00e7\u00e3o para entender as novas regras e evitar decis\u00f5es tomadas \u00e0s pressas quando as pr\u00f3ximas etapas entrarem em vigor\u201d, avalia Bruno Dur\u00e3o.<\/mark><\/strong><\/p>\n<\/blockquote>\n\n\n\n<p class=\"wp-block-paragraph\"><strong><em>*Bruno Medeiros Dur\u00e3o \u00e9 advogado tributarista e empres\u00e1rio.<\/em><\/strong><\/p>\n","protected":false},"excerpt":{"rendered":"<p>Mudan\u00e7as no sistema de impostos come\u00e7am a alterar rotinas de pequenos neg\u00f3cios, mas MEIs ter\u00e3o tratamento diferenciado na transi\u00e7\u00e3o. Blog do Eloilton Cajuhy \u2013 BEC &#x1f4f2;\u00a0Siga o canal do BEC no WhatsApp A Reforma Tribut\u00e1ria, que j\u00e1 come\u00e7a a modificar a rotina de empresas brasileiras, tamb\u00e9m alcan\u00e7a os microempreendedores individuais (MEIs). Apesar disso, quem est\u00e1 [&hellip;]<\/p>\n","protected":false},"author":2,"featured_media":98025,"comment_status":"open","ping_status":"open","sticky":false,"template":"","format":"standard","meta":{"_acf_changed":false,"_monsterinsights_skip_tracking":false,"_monsterinsights_sitenote_active":false,"_monsterinsights_sitenote_note":"","_monsterinsights_sitenote_category":0,"_jetpack_newsletter_access":"","_jetpack_dont_email_post_to_subs":false,"_jetpack_newsletter_tier_id":0,"_jetpack_memberships_contains_paywalled_content":false,"_jetpack_feature_clip_id":0,"_jetpack_memberships_contains_paid_content":false,"footnotes":"","jetpack_publicize_message":"","jetpack_publicize_feature_enabled":true,"jetpack_social_post_already_shared":false,"jetpack_social_options":{"image_generator_settings":{"template":"highway","default_image_id":0,"font":"","enabled":false},"version":2},"jetpack_post_was_ever_published":false},"categories":[31],"tags":[],"class_list":["post-98024","post","type-post","status-publish","format-standard","has-post-thumbnail","hentry","category-economia"],"acf":[],"jetpack_publicize_connections":[],"jetpack_sharing_enabled":true,"publishpress_future_workflow_manual_trigger":{"enabledWorkflows":[]},"jetpack_featured_media_url":"https:\/\/i0.wp.com\/blogdoeloiltoncajuhy.com.br\/site\/wp-content\/uploads\/2026\/09\/MEI_03.09.26.png?fit=703%2C468&ssl=1","_links":{"self":[{"href":"https:\/\/blogdoeloiltoncajuhy.com.br\/site\/wp-json\/wp\/v2\/posts\/98024","targetHints":{"allow":["GET"]}}],"collection":[{"href":"https:\/\/blogdoeloiltoncajuhy.com.br\/site\/wp-json\/wp\/v2\/posts"}],"about":[{"href":"https:\/\/blogdoeloiltoncajuhy.com.br\/site\/wp-json\/wp\/v2\/types\/post"}],"author":[{"embeddable":true,"href":"https:\/\/blogdoeloiltoncajuhy.com.br\/site\/wp-json\/wp\/v2\/users\/2"}],"replies":[{"embeddable":true,"href":"https:\/\/blogdoeloiltoncajuhy.com.br\/site\/wp-json\/wp\/v2\/comments?post=98024"}],"version-history":[{"count":1,"href":"https:\/\/blogdoeloiltoncajuhy.com.br\/site\/wp-json\/wp\/v2\/posts\/98024\/revisions"}],"predecessor-version":[{"id":98026,"href":"https:\/\/blogdoeloiltoncajuhy.com.br\/site\/wp-json\/wp\/v2\/posts\/98024\/revisions\/98026"}],"wp:featuredmedia":[{"embeddable":true,"href":"https:\/\/blogdoeloiltoncajuhy.com.br\/site\/wp-json\/wp\/v2\/media\/98025"}],"wp:attachment":[{"href":"https:\/\/blogdoeloiltoncajuhy.com.br\/site\/wp-json\/wp\/v2\/media?parent=98024"}],"wp:term":[{"taxonomy":"category","embeddable":true,"href":"https:\/\/blogdoeloiltoncajuhy.com.br\/site\/wp-json\/wp\/v2\/categories?post=98024"},{"taxonomy":"post_tag","embeddable":true,"href":"https:\/\/blogdoeloiltoncajuhy.com.br\/site\/wp-json\/wp\/v2\/tags?post=98024"}],"curies":[{"name":"wp","href":"https:\/\/api.w.org\/{rel}","templated":true}]}}