{"id":98021,"date":"2026-09-02T15:50:22","date_gmt":"2026-09-02T18:50:22","guid":{"rendered":"https:\/\/blogdoeloiltoncajuhy.com.br\/site\/?p=98021"},"modified":"2026-09-02T15:50:24","modified_gmt":"2026-09-02T18:50:24","slug":"redes-adotam-protocolos-para-responder-ao-racismo-na-escola","status":"publish","type":"post","link":"https:\/\/blogdoeloiltoncajuhy.com.br\/site\/redes-adotam-protocolos-para-responder-ao-racismo-na-escola\/","title":{"rendered":"Redes adotam protocolos para responder ao racismo na escola"},"content":{"rendered":"\n<p class=\"has-medium-font-size wp-block-paragraph\">Diagn\u00f3stico Equidade 2026 mostra avan\u00e7o no n\u00famero de redes de ensino que possuem protocolos. MEC orienta acolhimento, a\u00e7\u00f5es pedag\u00f3gicas e fluxos de den\u00fancia.<\/p>\n\n\n\n<p class=\"wp-block-paragraph\"><strong>Blog do Eloilton Cajuhy \u2013 BEC<\/strong><\/p>\n\n\n\n<p class=\"wp-block-paragraph\">&#x1f4f2;\u00a0<a href=\"https:\/\/whatsapp.com\/channel\/0029VaAT7tDLI8Yfj5y9Z50Z\"><strong><mark style=\"background-color:rgba(0, 0, 0, 0)\" class=\"has-inline-color has-luminous-vivid-orange-color\">Siga o canal do BEC no WhatsApp<\/mark><\/strong><\/a><\/p>\n\n\n\n<figure class=\"wp-block-image aligncenter size-full is-resized\"><a href=\"https:\/\/i0.wp.com\/blogdoeloiltoncajuhy.com.br\/site\/wp-content\/uploads\/2026\/09\/Racismo-nas-escolas-Isabelle-Araujo-MEC.jpg?ssl=1\"><img data-recalc-dims=\"1\" fetchpriority=\"high\" decoding=\"async\" width=\"800\" height=\"534\" src=\"https:\/\/i0.wp.com\/blogdoeloiltoncajuhy.com.br\/site\/wp-content\/uploads\/2026\/09\/Racismo-nas-escolas-Isabelle-Araujo-MEC.jpg?resize=800%2C534&#038;ssl=1\" alt=\"\" class=\"wp-image-98022\" style=\"width:707px;height:auto\" srcset=\"https:\/\/i0.wp.com\/blogdoeloiltoncajuhy.com.br\/site\/wp-content\/uploads\/2026\/09\/Racismo-nas-escolas-Isabelle-Araujo-MEC.jpg?w=800&amp;ssl=1 800w, https:\/\/i0.wp.com\/blogdoeloiltoncajuhy.com.br\/site\/wp-content\/uploads\/2026\/09\/Racismo-nas-escolas-Isabelle-Araujo-MEC.jpg?resize=300%2C200&amp;ssl=1 300w, https:\/\/i0.wp.com\/blogdoeloiltoncajuhy.com.br\/site\/wp-content\/uploads\/2026\/09\/Racismo-nas-escolas-Isabelle-Araujo-MEC.jpg?resize=767%2C512&amp;ssl=1 767w\" sizes=\"(max-width: 800px) 100vw, 800px\" \/><\/a><figcaption class=\"wp-element-caption\"><sub>&#x1f4f7; Isabelle Ara\u00fajo\/MEC<\/sub><\/figcaption><\/figure>\n\n\n\n<p class=\"wp-block-paragraph\">O levantamento do Diagn\u00f3stico Equidade 2026, promovido pelo Minist\u00e9rio da Educa\u00e7\u00e3o (MEC) por meio da Secretaria de Educa\u00e7\u00e3o Continuada, Alfabetiza\u00e7\u00e3o de Jovens e Adultos, Diversidade e Inclus\u00e3o (Secadi), mostra aumento da presen\u00e7a de protocolos formais para casos de racismo nas redes p\u00fablicas de ensino. Entre as redes estaduais, a presen\u00e7a desses instrumentos passou de 59% para 93%. Nas municipais, o percentual foi de 36% para 53%.<\/p>\n\n\n\n<p class=\"wp-block-paragraph\">O dado indica que as secretarias de educa\u00e7\u00e3o do pa\u00eds est\u00e3o adotando procedimentos formais para agir diante de epis\u00f3dios de discrimina\u00e7\u00e3o racial dentro do ambiente escolar.<\/p>\n\n\n\n<p class=\"wp-block-paragraph\">Segundo a coordenadora-geral de Educa\u00e7\u00e3o para Rela\u00e7\u00f5es \u00c9tnico-Raciais da Secadi, Lara Villela, a forma\u00e7\u00e3o dos profissionais \u00e9 parte do processo de implementa\u00e7\u00e3o dos protocolos de identifica\u00e7\u00e3o e resposta ao racismo. A orienta\u00e7\u00e3o \u00e9 que gestores e equipes conhe\u00e7am os fluxos de atendimento e os procedimentos previstos para cada situa\u00e7\u00e3o.<\/p>\n\n\n\n<p class=\"has-black-color has-text-color has-link-color has-medium-font-size wp-elements-1 wp-block-paragraph\"><strong>Acolhimento contra a evas\u00e3o escolar<\/strong><\/p>\n\n\n\n<p class=\"wp-block-paragraph\">O acolhimento de estudantes que sofrem discrimina\u00e7\u00e3o racial tamb\u00e9m est\u00e1 relacionado \u00e0s condi\u00e7\u00f5es de perman\u00eancia dos estudantes nas salas de aula. Dados do Instituto Nacional de Estudos e Pesquisas Educacionais An\u00edsio Teixeira (Inep) indicam que ainda existem condi\u00e7\u00f5es desiguais para estudantes brancos e negros, com diferen\u00e7as nos n\u00edveis de aprendizagem, nas taxas de evas\u00e3o e na conclus\u00e3o dos ciclos escolares.<\/p>\n\n\n\n<p class=\"wp-block-paragraph\">Na avalia\u00e7\u00e3o da coordena\u00e7\u00e3o do MEC, a falta de acolhimento e o sentimento de desprote\u00e7\u00e3o diante de uma agress\u00e3o racial afasta o estudante da escola, j\u00e1 que ningu\u00e9m deseja retornar a um espa\u00e7o onde \u00e9 alvo viol\u00eancia. A implementa\u00e7\u00e3o efetiva dos protocolos atua como barreira contra o abandono, assegurando que o ambiente de ensino seja inclusivo e garanta o direito de aprender com dignidade.<\/p>\n\n\n\n<p class=\"has-black-color has-text-color has-link-color has-medium-font-size wp-elements-2 wp-block-paragraph\"><strong>Passo a passo em caso de racismo<\/strong><\/p>\n\n\n\n<p class=\"wp-block-paragraph\">Os modelos de refer\u00eancia disponibilizados para as redes de ensino s\u00e3o adaptados \u00e0s diferentes etapas da educa\u00e7\u00e3o, da educa\u00e7\u00e3o infantil ao ensino superior, considerando que as manifesta\u00e7\u00f5es de racismo e as formas de abordagem podem variar conforme a faixa et\u00e1ria e o contexto escolar.<\/p>\n\n\n\n<p class=\"wp-block-paragraph\">De acordo com os protocolos disponibilizados pelo MEC, a resposta a casos de racismo no ambiente escolar prev\u00ea dois fluxos distintos: um para situa\u00e7\u00f5es envolvendo estudantes, e outro para casos em que a discrimina\u00e7\u00e3o \u00e9 praticada por um adulto contra um estudante. Em ambos os casos, o atendimento \u00e9 organizado em sete etapas integradas, sendo elas:<\/p>\n\n\n\n<ol class=\"wp-block-list\">\n<li><strong><mark style=\"background-color:rgba(0, 0, 0, 0)\" class=\"has-inline-color has-black-color\">Identificar e interromper imediatamente:<\/mark><\/strong>\u00a0qualquer profissional que testemunhe ou seja informado da situa\u00e7\u00e3o de racismo deve interromp\u00ea-la, com firmeza e cuidado.<\/li>\n\n\n\n<li><strong><mark style=\"background-color:rgba(0, 0, 0, 0)\" class=\"has-inline-color has-black-color\">Encaminhar para a gest\u00e3o ou comiss\u00e3o respons\u00e1vel:<\/mark><\/strong>\u00a0cada unidade deve estruturar uma comiss\u00e3o gestora (composta pela dire\u00e7\u00e3o, coordena\u00e7\u00e3o e profissionais engajados) para conduzir os encaminhamentos.<\/li>\n\n\n\n<li><strong><mark style=\"background-color:rgba(0, 0, 0, 0)\" class=\"has-inline-color has-black-color\">Acolhimento e prote\u00e7\u00e3o dos estudantes:<\/mark><\/strong>\u00a0a prioridade absoluta no primeiro atendimento \u00e9 acolher, escutar e garantir a integridade do estudante agredido.<\/li>\n\n\n\n<li><strong><mark style=\"background-color:rgba(0, 0, 0, 0)\" class=\"has-inline-color has-black-color\">Adotar medidas institucionais e administrativas:<\/mark><\/strong>\u00a0quando a autoria for de uma pessoa adulta, a escola deve adotar as provid\u00eancias administrativas e, quando cab\u00edvel, legais, de acordo com a situa\u00e7\u00e3o e com o v\u00ednculo da pessoa com a institui\u00e7\u00e3o.<\/li>\n\n\n\n<li><strong><mark style=\"background-color:rgba(0, 0, 0, 0)\" class=\"has-inline-color has-black-color\">Di\u00e1logo com as fam\u00edlias:<\/mark><\/strong>\u00a0as fam\u00edlias devem ser comunicadas e envolvidas nos encaminhamentos adotados pela escola.<\/li>\n\n\n\n<li><strong><mark style=\"background-color:rgba(0, 0, 0, 0)\" class=\"has-inline-color has-black-color\">Implementar a\u00e7\u00f5es pedag\u00f3gicas:<\/mark><\/strong>\u00a0a resposta tamb\u00e9m deve incluir a\u00e7\u00f5es educativas voltadas \u00e0 conviv\u00eancia, ao respeito \u00e0s diferen\u00e7as e \u00e0 educa\u00e7\u00e3o para as rela\u00e7\u00f5es \u00e9tnico-raciais. Al\u00e9m disso, devem ser promovidas forma\u00e7\u00f5es com a equipe escolar.<\/li>\n\n\n\n<li><strong><mark style=\"background-color:rgba(0, 0, 0, 0)\" class=\"has-inline-color has-black-color\">Acompanhamento cont\u00ednuo:<\/mark><\/strong>\u00a0a escola deve observar continuamente o clima escolar, verificando os desdobramentos das medidas adotadas e garantindo a prote\u00e7\u00e3o, perman\u00eancia e participa\u00e7\u00e3o plena dos estudantes.<\/li>\n<\/ol>\n\n\n\n<p class=\"wp-block-paragraph\"><\/p>\n\n\n\n<p class=\"has-black-color has-text-color has-link-color has-medium-font-size wp-elements-3 wp-block-paragraph\"><strong>Rede e corresponsabilidade<\/strong><\/p>\n\n\n\n<p class=\"wp-block-paragraph\">A prepara\u00e7\u00e3o deve alcan\u00e7ar os diferentes profissionais que atuam na escola, incluindo equipes de portaria, alimenta\u00e7\u00e3o e apoio, j\u00e1 que situa\u00e7\u00f5es de discrimina\u00e7\u00e3o podem ocorrer em diferentes espa\u00e7os da unidade, como p\u00e1tio, refeit\u00f3rio e \u00e1reas de acesso.<\/p>\n\n\n\n<p class=\"has-black-color has-text-color has-link-color has-medium-font-size wp-elements-4 wp-block-paragraph\"><strong>Canais de den\u00fancia<\/strong><\/p>\n\n\n\n<p class=\"wp-block-paragraph\">A primeira inst\u00e2ncia recomendada pelo MEC para tratar os casos \u00e9 a equipe gestora da pr\u00f3pria escola. Contudo, em casos de omiss\u00e3o ou aus\u00eancia de provid\u00eancias pela dire\u00e7\u00e3o, o estudante ou respons\u00e1vel pode acionar diretamente a Ouvidoria da Secretaria de Educa\u00e7\u00e3o (municipal ou estadual) correspondente.<\/p>\n\n\n\n<p class=\"wp-block-paragraph\">Em ocorr\u00eancias que envolvam agress\u00f5es f\u00edsicas, amea\u00e7as ou graves viola\u00e7\u00f5es de direitos das crian\u00e7as e adolescentes podem ser acionados \u00f3rg\u00e3os do sistema de garantia de direitos, conforme a situa\u00e7\u00e3o, como Conselho Tutelar, servi\u00e7os de assist\u00eancia social, autoridades policiais e Minist\u00e9rio P\u00fablico.<\/p>\n\n\n\n<p class=\"has-black-color has-text-color has-link-color has-medium-font-size wp-elements-5 wp-block-paragraph\"><strong>Pneerq<\/strong><\/p>\n\n\n\n<p class=\"wp-block-paragraph\">A Pol\u00edtica Nacional de Equidade, Educa\u00e7\u00e3o para as Rela\u00e7\u00f5es \u00c9tnico-Raciais e Educa\u00e7\u00e3o Escolar Quilombola (Pneerq), criada pela Portaria n\u00ba 470\/2024, objetiva implementar a\u00e7\u00f5es e programas educacionais voltados \u00e0 supera\u00e7\u00e3o das desigualdades \u00e9tnico-raciais e do racismo nos ambientes de ensino, bem como \u00e0 promo\u00e7\u00e3o da pol\u00edtica educacional para a popula\u00e7\u00e3o quilombola. O p\u00fablico-alvo \u00e9 formado por gestores, professores, funcion\u00e1rios, alunos,\u202fabrangendo toda a comunidade escolar.<\/p>\n","protected":false},"excerpt":{"rendered":"<p>Diagn\u00f3stico Equidade 2026 mostra avan\u00e7o no n\u00famero de redes de ensino que possuem protocolos. MEC orienta acolhimento, a\u00e7\u00f5es pedag\u00f3gicas e fluxos de den\u00fancia. Blog do Eloilton Cajuhy \u2013 BEC &#x1f4f2;\u00a0Siga o canal do BEC no WhatsApp O levantamento do Diagn\u00f3stico Equidade 2026, promovido pelo Minist\u00e9rio da Educa\u00e7\u00e3o (MEC) por meio da Secretaria de Educa\u00e7\u00e3o Continuada, [&hellip;]<\/p>\n","protected":false},"author":2,"featured_media":98022,"comment_status":"open","ping_status":"open","sticky":false,"template":"","format":"standard","meta":{"_acf_changed":false,"_monsterinsights_skip_tracking":false,"_monsterinsights_sitenote_active":false,"_monsterinsights_sitenote_note":"","_monsterinsights_sitenote_category":0,"_jetpack_newsletter_access":"","_jetpack_dont_email_post_to_subs":false,"_jetpack_newsletter_tier_id":0,"_jetpack_memberships_contains_paywalled_content":false,"_jetpack_feature_clip_id":0,"_jetpack_memberships_contains_paid_content":false,"footnotes":"","jetpack_publicize_message":"","jetpack_publicize_feature_enabled":true,"jetpack_social_post_already_shared":false,"jetpack_social_options":{"image_generator_settings":{"template":"highway","default_image_id":0,"font":"","enabled":false},"version":2},"jetpack_post_was_ever_published":false},"categories":[14],"tags":[],"class_list":["post-98021","post","type-post","status-publish","format-standard","has-post-thumbnail","hentry","category-educacao"],"acf":[],"jetpack_publicize_connections":[],"jetpack_sharing_enabled":true,"publishpress_future_workflow_manual_trigger":{"enabledWorkflows":[]},"jetpack_featured_media_url":"https:\/\/i0.wp.com\/blogdoeloiltoncajuhy.com.br\/site\/wp-content\/uploads\/2026\/09\/Racismo-nas-escolas-Isabelle-Araujo-MEC.jpg?fit=800%2C534&ssl=1","_links":{"self":[{"href":"https:\/\/blogdoeloiltoncajuhy.com.br\/site\/wp-json\/wp\/v2\/posts\/98021","targetHints":{"allow":["GET"]}}],"collection":[{"href":"https:\/\/blogdoeloiltoncajuhy.com.br\/site\/wp-json\/wp\/v2\/posts"}],"about":[{"href":"https:\/\/blogdoeloiltoncajuhy.com.br\/site\/wp-json\/wp\/v2\/types\/post"}],"author":[{"embeddable":true,"href":"https:\/\/blogdoeloiltoncajuhy.com.br\/site\/wp-json\/wp\/v2\/users\/2"}],"replies":[{"embeddable":true,"href":"https:\/\/blogdoeloiltoncajuhy.com.br\/site\/wp-json\/wp\/v2\/comments?post=98021"}],"version-history":[{"count":1,"href":"https:\/\/blogdoeloiltoncajuhy.com.br\/site\/wp-json\/wp\/v2\/posts\/98021\/revisions"}],"predecessor-version":[{"id":98023,"href":"https:\/\/blogdoeloiltoncajuhy.com.br\/site\/wp-json\/wp\/v2\/posts\/98021\/revisions\/98023"}],"wp:featuredmedia":[{"embeddable":true,"href":"https:\/\/blogdoeloiltoncajuhy.com.br\/site\/wp-json\/wp\/v2\/media\/98022"}],"wp:attachment":[{"href":"https:\/\/blogdoeloiltoncajuhy.com.br\/site\/wp-json\/wp\/v2\/media?parent=98021"}],"wp:term":[{"taxonomy":"category","embeddable":true,"href":"https:\/\/blogdoeloiltoncajuhy.com.br\/site\/wp-json\/wp\/v2\/categories?post=98021"},{"taxonomy":"post_tag","embeddable":true,"href":"https:\/\/blogdoeloiltoncajuhy.com.br\/site\/wp-json\/wp\/v2\/tags?post=98021"}],"curies":[{"name":"wp","href":"https:\/\/api.w.org\/{rel}","templated":true}]}}