{"id":98008,"date":"2026-09-02T08:10:14","date_gmt":"2026-09-02T11:10:14","guid":{"rendered":"https:\/\/blogdoeloiltoncajuhy.com.br\/site\/?p=98008"},"modified":"2026-09-02T08:10:15","modified_gmt":"2026-09-02T11:10:15","slug":"senhor-do-bonfim-pode-registrar-indice-extremo-de-radiacao-uv-no-domingo","status":"publish","type":"post","link":"https:\/\/blogdoeloiltoncajuhy.com.br\/site\/senhor-do-bonfim-pode-registrar-indice-extremo-de-radiacao-uv-no-domingo\/","title":{"rendered":"Senhor do Bonfim pode registrar \u00edndice extremo de radia\u00e7\u00e3o UV no domingo"},"content":{"rendered":"\n<p class=\"has-medium-font-size wp-block-paragraph\">Inema alerta para radia\u00e7\u00e3o ultravioleta elevada e recomenda cuidados durante a exposi\u00e7\u00e3o ao sol, principalmente entre 10h e 16h.<\/p>\n\n\n\n<p class=\"wp-block-paragraph\"><strong>Por Blog do Eloilton Cajuhy \u2013 BEC<\/strong><\/p>\n\n\n\n<p class=\"wp-block-paragraph\">&#x1f4f2;\u00a0<a href=\"https:\/\/whatsapp.com\/channel\/0029VaAT7tDLI8Yfj5y9Z50Z\"><strong><mark style=\"background-color:rgba(0, 0, 0, 0)\" class=\"has-inline-color has-luminous-vivid-orange-color\">Siga o canal do BEC no WhatsApp<\/mark><\/strong><\/a><\/p>\n\n\n\n<figure class=\"wp-block-image aligncenter size-full is-resized\"><a href=\"https:\/\/i0.wp.com\/blogdoeloiltoncajuhy.com.br\/site\/wp-content\/uploads\/2026\/09\/Ceu-ensolarado-Magnific.jpg?ssl=1\"><img data-recalc-dims=\"1\" fetchpriority=\"high\" decoding=\"async\" width=\"626\" height=\"417\" src=\"https:\/\/i0.wp.com\/blogdoeloiltoncajuhy.com.br\/site\/wp-content\/uploads\/2026\/09\/Ceu-ensolarado-Magnific.jpg?resize=626%2C417&#038;ssl=1\" alt=\"\" class=\"wp-image-98009\" style=\"width:704px;height:auto\" srcset=\"https:\/\/i0.wp.com\/blogdoeloiltoncajuhy.com.br\/site\/wp-content\/uploads\/2026\/09\/Ceu-ensolarado-Magnific.jpg?w=626&amp;ssl=1 626w, https:\/\/i0.wp.com\/blogdoeloiltoncajuhy.com.br\/site\/wp-content\/uploads\/2026\/09\/Ceu-ensolarado-Magnific.jpg?resize=300%2C200&amp;ssl=1 300w\" sizes=\"(max-width: 626px) 100vw, 626px\" \/><\/a><figcaption class=\"wp-element-caption\"><sub>&#x1f4f7; Magnific<\/sub><\/figcaption><\/figure>\n\n\n\n<p class=\"wp-block-paragraph\">Senhor do Bonfim est\u00e1 entre as cidades baianas que devem registrar <strong>\u00edndices muito altos ou extremos de radia\u00e7\u00e3o ultravioleta (UV) nos pr\u00f3ximos dias<\/strong>. De acordo com previs\u00e3o do Instituto do Meio Ambiente e Recursos H\u00eddricos da Bahia (Inema), o munic\u00edpio poder\u00e1 atingir <strong>\u00edndice 12 no domingo (6)<\/strong>, considerado extremo.<\/p>\n\n\n\n<p class=\"wp-block-paragraph\">O \u00cdndice Ultravioleta indica a intensidade da radia\u00e7\u00e3o UV que chega \u00e0 superf\u00edcie e serve como refer\u00eancia para avaliar os riscos da exposi\u00e7\u00e3o ao sol. Conforme a classifica\u00e7\u00e3o da Organiza\u00e7\u00e3o Mundial da Sa\u00fade (OMS), \u00edndices entre 8 e 10 s\u00e3o considerados muito altos. A partir de 11, o n\u00edvel \u00e9 classificado como extremo.<\/p>\n\n\n\n<p class=\"wp-block-paragraph\">Na Bahia, os \u00edndices devem variar entre <strong>9 e 12<\/strong> durante o per\u00edodo. Al\u00e9m de Senhor do Bonfim, cidades como Salvador, Feira de Santana, Paulo Afonso, Juazeiro, Remanso e Morro do Chap\u00e9u tamb\u00e9m devem registrar n\u00edveis elevados.<\/p>\n\n\n\n<p class=\"wp-block-paragraph\">Apesar da previs\u00e3o de radia\u00e7\u00e3o intensa, o Inema informa que os valores est\u00e3o <strong>dentro do padr\u00e3o climatol\u00f3gico esperado para esta \u00e9poca do ano<\/strong>.<\/p>\n\n\n\n<p class=\"has-black-color has-text-color has-link-color has-medium-font-size wp-elements-1 wp-block-paragraph\"><strong>Cuidados s\u00e3o importantes<\/strong><\/p>\n\n\n\n<p class=\"wp-block-paragraph\">Diante dos \u00edndices elevados, o Inema recomenda aten\u00e7\u00e3o redobrada durante a exposi\u00e7\u00e3o ao sol, principalmente no per\u00edodo entre <strong>10h e 16h<\/strong>, quando a radia\u00e7\u00e3o ultravioleta costuma representar maior risco.<\/p>\n\n\n\n<p class=\"wp-block-paragraph\">A popula\u00e7\u00e3o deve utilizar <strong>protetor solar, chap\u00e9u ou outro tipo de prote\u00e7\u00e3o para a cabe\u00e7a e \u00f3culos com prote\u00e7\u00e3o contra os raios UV<\/strong>. A ingest\u00e3o de \u00e1gua tamb\u00e9m \u00e9 importante para manter o organismo hidratado.<\/p>\n\n\n\n<p class=\"wp-block-paragraph\">O alerta merece aten\u00e7\u00e3o especial para quem trabalha ou permanece por longos per\u00edodos em \u00e1reas abertas. Em dias de radia\u00e7\u00e3o extrema, reduzir o tempo de exposi\u00e7\u00e3o direta ao sol \u00e9 uma das principais medidas para proteger a pele e os olhos.<\/p>\n","protected":false},"excerpt":{"rendered":"<p>Inema alerta para radia\u00e7\u00e3o ultravioleta elevada e recomenda cuidados durante a exposi\u00e7\u00e3o ao sol, principalmente entre 10h e 16h. Por Blog do Eloilton Cajuhy \u2013 BEC &#x1f4f2;\u00a0Siga o canal do BEC no WhatsApp Senhor do Bonfim est\u00e1 entre as cidades baianas que devem registrar \u00edndices muito altos ou extremos de radia\u00e7\u00e3o ultravioleta (UV) nos pr\u00f3ximos [&hellip;]<\/p>\n","protected":false},"author":2,"featured_media":98009,"comment_status":"open","ping_status":"open","sticky":false,"template":"","format":"standard","meta":{"_acf_changed":false,"_monsterinsights_skip_tracking":false,"_monsterinsights_sitenote_active":false,"_monsterinsights_sitenote_note":"","_monsterinsights_sitenote_category":0,"_jetpack_newsletter_access":"","_jetpack_dont_email_post_to_subs":false,"_jetpack_newsletter_tier_id":0,"_jetpack_memberships_contains_paywalled_content":false,"_jetpack_feature_clip_id":0,"_jetpack_memberships_contains_paid_content":false,"footnotes":"","jetpack_publicize_message":"","jetpack_publicize_feature_enabled":true,"jetpack_social_post_already_shared":true,"jetpack_social_options":{"image_generator_settings":{"template":"highway","default_image_id":0,"font":"","enabled":false},"version":2},"jetpack_post_was_ever_published":false},"categories":[4],"tags":[],"class_list":["post-98008","post","type-post","status-publish","format-standard","has-post-thumbnail","hentry","category-local"],"acf":[],"jetpack_publicize_connections":[],"jetpack_sharing_enabled":true,"publishpress_future_workflow_manual_trigger":{"enabledWorkflows":[]},"jetpack_featured_media_url":"https:\/\/i0.wp.com\/blogdoeloiltoncajuhy.com.br\/site\/wp-content\/uploads\/2026\/09\/Ceu-ensolarado-Magnific.jpg?fit=626%2C417&ssl=1","_links":{"self":[{"href":"https:\/\/blogdoeloiltoncajuhy.com.br\/site\/wp-json\/wp\/v2\/posts\/98008","targetHints":{"allow":["GET"]}}],"collection":[{"href":"https:\/\/blogdoeloiltoncajuhy.com.br\/site\/wp-json\/wp\/v2\/posts"}],"about":[{"href":"https:\/\/blogdoeloiltoncajuhy.com.br\/site\/wp-json\/wp\/v2\/types\/post"}],"author":[{"embeddable":true,"href":"https:\/\/blogdoeloiltoncajuhy.com.br\/site\/wp-json\/wp\/v2\/users\/2"}],"replies":[{"embeddable":true,"href":"https:\/\/blogdoeloiltoncajuhy.com.br\/site\/wp-json\/wp\/v2\/comments?post=98008"}],"version-history":[{"count":1,"href":"https:\/\/blogdoeloiltoncajuhy.com.br\/site\/wp-json\/wp\/v2\/posts\/98008\/revisions"}],"predecessor-version":[{"id":98010,"href":"https:\/\/blogdoeloiltoncajuhy.com.br\/site\/wp-json\/wp\/v2\/posts\/98008\/revisions\/98010"}],"wp:featuredmedia":[{"embeddable":true,"href":"https:\/\/blogdoeloiltoncajuhy.com.br\/site\/wp-json\/wp\/v2\/media\/98009"}],"wp:attachment":[{"href":"https:\/\/blogdoeloiltoncajuhy.com.br\/site\/wp-json\/wp\/v2\/media?parent=98008"}],"wp:term":[{"taxonomy":"category","embeddable":true,"href":"https:\/\/blogdoeloiltoncajuhy.com.br\/site\/wp-json\/wp\/v2\/categories?post=98008"},{"taxonomy":"post_tag","embeddable":true,"href":"https:\/\/blogdoeloiltoncajuhy.com.br\/site\/wp-json\/wp\/v2\/tags?post=98008"}],"curies":[{"name":"wp","href":"https:\/\/api.w.org\/{rel}","templated":true}]}}