{"id":98006,"date":"2026-09-02T00:10:00","date_gmt":"2026-09-02T03:10:00","guid":{"rendered":"https:\/\/blogdoeloiltoncajuhy.com.br\/site\/?p=98006"},"modified":"2026-09-01T19:39:36","modified_gmt":"2026-09-01T22:39:36","slug":"tj-ba-revoga-segunda-prisao-preventiva-de-binho-galinha","status":"publish","type":"post","link":"https:\/\/blogdoeloiltoncajuhy.com.br\/site\/tj-ba-revoga-segunda-prisao-preventiva-de-binho-galinha\/","title":{"rendered":"TJ-BA revoga segunda pris\u00e3o preventiva de Binho Galinha"},"content":{"rendered":"\n<p class=\"has-medium-font-size wp-block-paragraph\">A decis\u00e3o foi tomada ap\u00f3s habeas corpus apresentado pela defesa do parlamentar.<\/p>\n\n\n\n<p class=\"wp-block-paragraph\"><strong>Blog do Eloilton Cajuhy \u2013 BEC<\/strong><\/p>\n\n\n\n<p class=\"wp-block-paragraph\">&#x1f4f2;\u00a0<a href=\"https:\/\/whatsapp.com\/channel\/0029VaAT7tDLI8Yfj5y9Z50Z\"><strong><mark style=\"background-color:rgba(0, 0, 0, 0)\" class=\"has-inline-color has-luminous-vivid-orange-color\">Siga o canal do BEC no WhatsApp<\/mark><\/strong><\/a><\/p>\n\n\n\n<figure class=\"wp-block-image aligncenter size-full\"><a href=\"https:\/\/i0.wp.com\/blogdoeloiltoncajuhy.com.br\/site\/wp-content\/uploads\/2024\/04\/Binho-Galinha-deputado-estadual-%E2%80%94-Foto-Agencia-Alba.webp\"><img data-recalc-dims=\"1\" fetchpriority=\"high\" decoding=\"async\" width=\"800\" height=\"476\" src=\"https:\/\/i0.wp.com\/blogdoeloiltoncajuhy.com.br\/site\/wp-content\/uploads\/2024\/04\/Binho-Galinha-deputado-estadual-%E2%80%94-Foto-Agencia-Alba.webp?resize=800%2C476\" alt=\"\" class=\"wp-image-80349\" srcset=\"https:\/\/i0.wp.com\/blogdoeloiltoncajuhy.com.br\/site\/wp-content\/uploads\/2024\/04\/Binho-Galinha-deputado-estadual-%E2%80%94-Foto-Agencia-Alba.webp?w=984&amp;ssl=1 984w, https:\/\/i0.wp.com\/blogdoeloiltoncajuhy.com.br\/site\/wp-content\/uploads\/2024\/04\/Binho-Galinha-deputado-estadual-%E2%80%94-Foto-Agencia-Alba.webp?resize=300%2C179&amp;ssl=1 300w, https:\/\/i0.wp.com\/blogdoeloiltoncajuhy.com.br\/site\/wp-content\/uploads\/2024\/04\/Binho-Galinha-deputado-estadual-%E2%80%94-Foto-Agencia-Alba.webp?resize=768%2C457&amp;ssl=1 768w\" sizes=\"(max-width: 800px) 100vw, 800px\" \/><\/a><figcaption class=\"wp-element-caption\"><sub>&#x1f4f7; Divulga\u00e7\u00e3o \/ AL-BA<\/sub><\/figcaption><\/figure>\n\n\n\n<p class=\"wp-block-paragraph\">O deputado estadual Kl\u00e9ber Cristian Escolano de Almeida, conhecido como Binho Galinha (Avante), continuar\u00e1 preso mesmo ap\u00f3s o Tribunal de Justi\u00e7a da Bahia (TJ-BA) revogar, por unanimidade, a segunda pris\u00e3o preventiva contra ele. A decis\u00e3o foi tomada ap\u00f3s habeas corpus apresentado pela defesa do parlamentar.<\/p>\n\n\n\n<p class=\"wp-block-paragraph\">A perman\u00eancia na pris\u00e3o ocorre porque existe uma primeira ordem de pris\u00e3o preventiva contra Binho Galinha. A legalidade dessa medida \u00e9 atualmente discutida no Superior Tribunal de Justi\u00e7a (STJ), segundo os advogados do deputado.<\/p>\n\n\n\n<p class=\"wp-block-paragraph\">Ap\u00f3s a decis\u00e3o do TJ-BA, a defesa afirmou que pretende continuar contestando a primeira pris\u00e3o e disse esperar que o STJ tamb\u00e9m reconhe\u00e7a as ilegalidades apontadas pelos advogados. Para eles, o parlamentar deve voltar a responder ao processo em liberdade.<\/p>\n\n\n\n<p class=\"wp-block-paragraph\">Sobre a segunda pris\u00e3o, que acabou derrubada pelo TJ-BA, os advogados sustentaram que a medida n\u00e3o foi acompanhada de novos fatos que justificassem a mudan\u00e7a no status de liberdade do deputado. A defesa destacou ainda que Binho Galinha havia respondido ao processo em liberdade e, segundo os representantes, n\u00e3o teria atrapalhado a instru\u00e7\u00e3o.<\/p>\n\n\n\n<p class=\"wp-block-paragraph\">Outro argumento apresentado foi o de que a pris\u00e3o preventiva n\u00e3o teria sido solicitada pelo Minist\u00e9rio P\u00fablico nem pela autoridade policial. Para a defesa, a decis\u00e3o de primeira inst\u00e2ncia teria sido tomada de of\u00edcio, em desacordo com o artigo 311 do C\u00f3digo de Processo Penal.<\/p>\n\n\n\n<p class=\"wp-block-paragraph\">Os advogados tamb\u00e9m afirmaram que existem outros pontos do processo que ainda ser\u00e3o questionados nas inst\u00e2ncias superiores. Entre as medidas previstas est\u00e1 a apresenta\u00e7\u00e3o de argumentos no julgamento da apela\u00e7\u00e3o, que ainda est\u00e1 pendente.<\/p>\n","protected":false},"excerpt":{"rendered":"<p>A decis\u00e3o foi tomada ap\u00f3s habeas corpus apresentado pela defesa do parlamentar. Blog do Eloilton Cajuhy \u2013 BEC &#x1f4f2;\u00a0Siga o canal do BEC no WhatsApp O deputado estadual Kl\u00e9ber Cristian Escolano de Almeida, conhecido como Binho Galinha (Avante), continuar\u00e1 preso mesmo ap\u00f3s o Tribunal de Justi\u00e7a da Bahia (TJ-BA) revogar, por unanimidade, a segunda pris\u00e3o [&hellip;]<\/p>\n","protected":false},"author":2,"featured_media":80349,"comment_status":"open","ping_status":"open","sticky":false,"template":"","format":"standard","meta":{"_acf_changed":false,"_monsterinsights_skip_tracking":false,"_monsterinsights_sitenote_active":false,"_monsterinsights_sitenote_note":"","_monsterinsights_sitenote_category":0,"_jetpack_newsletter_access":"","_jetpack_dont_email_post_to_subs":false,"_jetpack_newsletter_tier_id":0,"_jetpack_memberships_contains_paywalled_content":false,"_jetpack_feature_clip_id":0,"_jetpack_memberships_contains_paid_content":false,"footnotes":"","jetpack_publicize_message":"","jetpack_publicize_feature_enabled":true,"jetpack_social_post_already_shared":true,"jetpack_social_options":{"image_generator_settings":{"template":"highway","default_image_id":0,"font":"","enabled":false},"version":2},"jetpack_post_was_ever_published":false},"categories":[3],"tags":[],"class_list":["post-98006","post","type-post","status-publish","format-standard","has-post-thumbnail","hentry","category-politica"],"acf":[],"jetpack_publicize_connections":[],"jetpack_sharing_enabled":true,"publishpress_future_workflow_manual_trigger":{"enabledWorkflows":[]},"jetpack_featured_media_url":"https:\/\/i0.wp.com\/blogdoeloiltoncajuhy.com.br\/site\/wp-content\/uploads\/2024\/04\/Binho-Galinha-deputado-estadual-%E2%80%94-Foto-Agencia-Alba.webp?fit=984%2C586&ssl=1","_links":{"self":[{"href":"https:\/\/blogdoeloiltoncajuhy.com.br\/site\/wp-json\/wp\/v2\/posts\/98006","targetHints":{"allow":["GET"]}}],"collection":[{"href":"https:\/\/blogdoeloiltoncajuhy.com.br\/site\/wp-json\/wp\/v2\/posts"}],"about":[{"href":"https:\/\/blogdoeloiltoncajuhy.com.br\/site\/wp-json\/wp\/v2\/types\/post"}],"author":[{"embeddable":true,"href":"https:\/\/blogdoeloiltoncajuhy.com.br\/site\/wp-json\/wp\/v2\/users\/2"}],"replies":[{"embeddable":true,"href":"https:\/\/blogdoeloiltoncajuhy.com.br\/site\/wp-json\/wp\/v2\/comments?post=98006"}],"version-history":[{"count":1,"href":"https:\/\/blogdoeloiltoncajuhy.com.br\/site\/wp-json\/wp\/v2\/posts\/98006\/revisions"}],"predecessor-version":[{"id":98007,"href":"https:\/\/blogdoeloiltoncajuhy.com.br\/site\/wp-json\/wp\/v2\/posts\/98006\/revisions\/98007"}],"wp:featuredmedia":[{"embeddable":true,"href":"https:\/\/blogdoeloiltoncajuhy.com.br\/site\/wp-json\/wp\/v2\/media\/80349"}],"wp:attachment":[{"href":"https:\/\/blogdoeloiltoncajuhy.com.br\/site\/wp-json\/wp\/v2\/media?parent=98006"}],"wp:term":[{"taxonomy":"category","embeddable":true,"href":"https:\/\/blogdoeloiltoncajuhy.com.br\/site\/wp-json\/wp\/v2\/categories?post=98006"},{"taxonomy":"post_tag","embeddable":true,"href":"https:\/\/blogdoeloiltoncajuhy.com.br\/site\/wp-json\/wp\/v2\/tags?post=98006"}],"curies":[{"name":"wp","href":"https:\/\/api.w.org\/{rel}","templated":true}]}}