{"id":98002,"date":"2026-09-02T00:10:00","date_gmt":"2026-09-02T03:10:00","guid":{"rendered":"https:\/\/blogdoeloiltoncajuhy.com.br\/site\/?p=98002"},"modified":"2026-09-01T19:13:38","modified_gmt":"2026-09-01T22:13:38","slug":"entenda-como-funcionava-esquema-de-fraude-de-veiculos-que-terminou-com-pm-e-servidores-do-detran-presos-na-bahia","status":"publish","type":"post","link":"https:\/\/blogdoeloiltoncajuhy.com.br\/site\/entenda-como-funcionava-esquema-de-fraude-de-veiculos-que-terminou-com-pm-e-servidores-do-detran-presos-na-bahia\/","title":{"rendered":"Entenda como funcionava esquema de fraude de ve\u00edculos que terminou com PM e servidores do Detran presos na Bahia"},"content":{"rendered":"\n<p class=\"has-medium-font-size wp-block-paragraph\">Investiga\u00e7\u00e3o aponta que carros de empresas reais eram usados como base para criar documentos fraudulentos e, ap\u00f3s registro na Bahia, ve\u00edculos eram financiados no Cear\u00e1.<\/p>\n\n\n\n<p class=\"wp-block-paragraph\"><strong>Blog do Eloilton Cajuhy \u2013 BEC<\/strong><\/p>\n\n\n\n<p class=\"wp-block-paragraph\"><a href=\"https:\/\/whatsapp.com\/channel\/0029VaAT7tDLI8Yfj5y9Z50Z\"><strong><mark style=\"background-color:rgba(0, 0, 0, 0)\" class=\"has-inline-color has-luminous-vivid-orange-color\">&#x1f4f2; Siga o canal do BEC no WhatsApp<\/mark><\/strong><\/a><\/p>\n\n\n\n<figure class=\"wp-block-image aligncenter size-full\"><a href=\"https:\/\/i0.wp.com\/blogdoeloiltoncajuhy.com.br\/site\/wp-content\/uploads\/2026\/09\/Operacao-Giratina-%E2%80%94-Policia-Civil-BA.png?ssl=1\"><img data-recalc-dims=\"1\" fetchpriority=\"high\" decoding=\"async\" width=\"768\" height=\"434\" src=\"https:\/\/i0.wp.com\/blogdoeloiltoncajuhy.com.br\/site\/wp-content\/uploads\/2026\/09\/Operacao-Giratina-%E2%80%94-Policia-Civil-BA.png?resize=768%2C434&#038;ssl=1\" alt=\"\" class=\"wp-image-98003\" srcset=\"https:\/\/i0.wp.com\/blogdoeloiltoncajuhy.com.br\/site\/wp-content\/uploads\/2026\/09\/Operacao-Giratina-%E2%80%94-Policia-Civil-BA.png?w=768&amp;ssl=1 768w, https:\/\/i0.wp.com\/blogdoeloiltoncajuhy.com.br\/site\/wp-content\/uploads\/2026\/09\/Operacao-Giratina-%E2%80%94-Policia-Civil-BA.png?resize=300%2C170&amp;ssl=1 300w\" sizes=\"(max-width: 768px) 100vw, 768px\" \/><\/a><figcaption class=\"wp-element-caption\"><sub>Opera\u00e7\u00e3o Giratina prendeu um sargento da PM e ex-servidores do Detran nesta ter\u00e7a-feira (1\u00b0) \u2014 &#x1f4f7; PC\/BA<\/sub><\/figcaption><\/figure>\n\n\n\n<p class=\"wp-block-paragraph\">A\u00a0investiga\u00e7\u00e3o da<strong>\u00a0Opera\u00e7\u00e3o Giratina\u00a0<\/strong>apontou que o\u00a0esquema de fraude em registros e transfer\u00eancias de ve\u00edculos na Bahia\u00a0funcionava a partir da cria\u00e7\u00e3o de uma apar\u00eancia de legalidade para carros que pertenciam a empresas reais. Na a\u00e7\u00e3o, duas pessoas foram presas em\u00a0Madre de Deus\u00a0e uma em\u00a0Sim\u00f5es Filho.<\/p>\n\n\n\n<p class=\"wp-block-paragraph\">Conforme apura\u00e7\u00e3o da <strong>TV Bahia<\/strong>, tratam-se dos servidores\u00a0<strong>Orlando Azevedo dos Santos J\u00fanior, conhecido como Binho do Detran<\/strong>, e\u00a0<strong>Kau\u00ea Duarte Ambrozi da Silva<\/strong>, e o sargento da\u00a0Pol\u00edcia Militar\u00a0<strong>Jean Concei\u00e7\u00e3o dos Reis<\/strong>.<\/p>\n\n\n\n<p class=\"wp-block-paragraph\">O ex-vereador de Madre de Deus,&nbsp;<strong>Anselmo Duarte Ambrozi da Silva<\/strong>, conhecido como&nbsp;<strong>Anselmo filho de Begu<\/strong>, foi detido ap\u00f3s os policiais encontrarem uma arma de fogo irregular na casa dele, durante o cumprimento de um dos mandados. Ele, que \u00e9 pai de Kau\u00ea Duarte, foi ouvido na delegacia e liberado.<\/p>\n\n\n\n<p class=\"wp-block-paragraph\">O\u00a0<strong>g1<\/strong>\u00a0tenta contato com as defesas dos suspeitos, mas n\u00e3o conseguiu at\u00e9 a \u00faltima atualiza\u00e7\u00e3o desta reportagem.<\/p>\n\n\n\n<p class=\"wp-block-paragraph\">Segundo a Pol\u00edcia Civil, ve\u00edculos registrados originalmente em estados das regi\u00f5es Sul, Sudeste e Centro-Oeste eram usados como base para produzir registros fraudulentos na Bahia e, poucos dias depois, conseguir financiamentos em empresas do Cear\u00e1.<\/p>\n\n\n\n<p class=\"wp-block-paragraph\">A investiga\u00e7\u00e3o come\u00e7ou depois que o pr\u00f3prio Detran-BA comunicou suspeitas identificadas durante procedimentos internos na unidade de Sim\u00f5es Filho.<\/p>\n\n\n\n<p class=\"wp-block-paragraph\">Conforme a apura\u00e7\u00e3o, carros de empresas verdadeiras, registrados em estados das regi\u00f5es Sul, Sudeste e Centro-Oeste, eram usados como base para criar registros falsos na Bahia.<\/p>\n\n\n\n<p class=\"wp-block-paragraph\">Para isso, os suspeitos apresentavam documentos falsificados, realizavam ou validavam vistorias e inseriam informa\u00e7\u00f5es no sistema nacional de registro de ve\u00edculos, o Renavam. Tamb\u00e9m eram emitidos documentos necess\u00e1rios para formalizar as transfer\u00eancias.<\/p>\n\n\n\n<p class=\"wp-block-paragraph\">A participa\u00e7\u00e3o de servidores do Detran-BA em etapas como vistoria, confer\u00eancia de documentos e emiss\u00e3o dos registros \u00e9 investigada como uma forma de fazer com que os ve\u00edculos fraudulentos parecessem regulares.<\/p>\n\n\n\n<p class=\"wp-block-paragraph\">Depois de registrados na Bahia, os ve\u00edculos eram usados, em poucos dias, para conseguir financiamentos junto a empresas do Cear\u00e1.<\/p>\n\n\n\n<p class=\"wp-block-paragraph\">A suspeita \u00e9 de que os bancos e financeiras liberavam o cr\u00e9dito usando os ve\u00edculos como garantia sem saber que os documentos haviam sido fraudados. Os carros, na realidade, pertenciam a empresas que n\u00e3o tinham conhecimento das opera\u00e7\u00f5es.<\/p>\n\n\n\n<p class=\"wp-block-paragraph\">Durante a opera\u00e7\u00e3o, foram apreendidos uma pistola, um rev\u00f3lver, celulares e documentos que devem ser analisados pelos investigadores.<\/p>\n\n\n\n<p class=\"wp-block-paragraph\">A apura\u00e7\u00e3o ainda investiga a poss\u00edvel participa\u00e7\u00e3o de outras pessoas e a pr\u00e1tica de crimes em diferentes estados. Os investigados s\u00e3o suspeitos de crimes como inser\u00e7\u00e3o de informa\u00e7\u00f5es falsas em sistemas, falsidade ideol\u00f3gica, corrup\u00e7\u00e3o e associa\u00e7\u00e3o criminosa.<\/p>\n\n\n\n<p class=\"wp-block-paragraph\">A Opera\u00e7\u00e3o Giratina tamb\u00e9m cumpriu dez mandados de busca e apreens\u00e3o em cidades baianas e outros quatro no Cear\u00e1.<\/p>\n\n\n\n<p class=\"wp-block-paragraph\">As a\u00e7\u00f5es ocorreram em Sim\u00f5es Filho, Madre de Deus, Cama\u00e7ari e Lauro de Freitas, al\u00e9m de endere\u00e7os ligados a uma empresa e a pessoas investigadas no Cear\u00e1.<\/p>\n\n\n\n<figure class=\"wp-block-image aligncenter size-full\"><a href=\"https:\/\/i0.wp.com\/blogdoeloiltoncajuhy.com.br\/site\/wp-content\/uploads\/2026\/09\/Sargento-da-PM-e-servidores-do-Detran-sao-presos-em-acao-policial-%E2%80%94-SSP-BA.png?ssl=1\"><img data-recalc-dims=\"1\" decoding=\"async\" width=\"768\" height=\"515\" src=\"https:\/\/i0.wp.com\/blogdoeloiltoncajuhy.com.br\/site\/wp-content\/uploads\/2026\/09\/Sargento-da-PM-e-servidores-do-Detran-sao-presos-em-acao-policial-%E2%80%94-SSP-BA.png?resize=768%2C515&#038;ssl=1\" alt=\"\" class=\"wp-image-98004\" srcset=\"https:\/\/i0.wp.com\/blogdoeloiltoncajuhy.com.br\/site\/wp-content\/uploads\/2026\/09\/Sargento-da-PM-e-servidores-do-Detran-sao-presos-em-acao-policial-%E2%80%94-SSP-BA.png?w=768&amp;ssl=1 768w, https:\/\/i0.wp.com\/blogdoeloiltoncajuhy.com.br\/site\/wp-content\/uploads\/2026\/09\/Sargento-da-PM-e-servidores-do-Detran-sao-presos-em-acao-policial-%E2%80%94-SSP-BA.png?resize=300%2C201&amp;ssl=1 300w\" sizes=\"(max-width: 768px) 100vw, 768px\" \/><\/a><figcaption class=\"wp-element-caption\"><sub>Sargento da PM e servidores do Detran s\u00e3o presos em a\u00e7\u00e3o policial \u2014 &#x1f4f7; SSP-BA<\/sub><\/figcaption><\/figure>\n\n\n\n<p class=\"has-black-color has-text-color has-link-color has-medium-font-size wp-elements-1 wp-block-paragraph\"><strong>O que diz o Detran<\/strong><\/p>\n\n\n\n<p class=\"wp-block-paragraph\"><em>&#8220;Investiga\u00e7\u00f5es internas e apura\u00e7\u00f5es correcionais realizadas pelo Detran-BA na unidade de Sim\u00f5es filho, na RMS, municiaram a Pol\u00edcia Civil da Bahia que deflagrou, na manh\u00e3 dessa ter\u00e7a (1), a Opera\u00e7\u00e3o Giratina que prendeu quatro suspeitos de participa\u00e7\u00e3o em atividades com ind\u00edcios de adultera\u00e7\u00e3o documental e de irregularidades na inclus\u00e3o e transfer\u00eancia de ve\u00edculos.<\/em><\/p>\n\n\n\n<p class=\"wp-block-paragraph\"><em>Tr\u00eas dos quatro presos s\u00e3o ex-servidores do Departamento Estadual de Tr\u00e2nsito e foram exonerados no inicio das investiga\u00e7\u00f5es internas, iniciadas pela corregedoria do \u00f3rg\u00e3o. A pris\u00e3o do trio ocorreu em Madre de Deus. O quarto investigado \u00e9 parente de um dos suspeitos e foi detido em Sim\u00f5es Filho.<\/em><\/p>\n\n\n\n<p class=\"wp-block-paragraph\"><em>A Pol\u00edcia Civil investiga a participa\u00e7\u00e3o de cada um deles no registro fraudulento de ve\u00edculos, durante o per\u00edodo que trabalharam no departamento, al\u00e9m da poss\u00edvel participa\u00e7\u00e3o de pessoas externas ao \u00f3rg\u00e3o.<\/em><\/p>\n\n\n\n<p class=\"wp-block-paragraph\"><em>Al\u00e9m das cidades baianas, dez mandados foram cumpridos em Cama\u00e7ari e Lauro de Freitas e tamb\u00e9m no Cear\u00e1, onde foram realizadas buscas em endere\u00e7os ligados a uma empresa e a pessoas com suspeita de participa\u00e7\u00e3o.<\/em><\/p>\n\n\n\n<p class=\"wp-block-paragraph\"><em>A opera\u00e7\u00e3o reuniu equipes da Delegacia de Crimes Econ\u00f4micos e contra a Administra\u00e7\u00e3o P\u00fablica (Dececap), do Departamento de Repress\u00e3o e Combate \u00e0 Corrup\u00e7\u00e3o, ao Crime Organizado e \u00e0 Lavagem de Dinheiro (Draco-ld), com apoio do Departamento de Intelig\u00eancia Policial (DIP), da Pol\u00edcia Civil do Cear\u00e1 e da Pol\u00edcia Militar da Bahia, por meio da Corregedoria&#8221;.<\/em><\/p>\n","protected":false},"excerpt":{"rendered":"<p>Investiga\u00e7\u00e3o aponta que carros de empresas reais eram usados como base para criar documentos fraudulentos e, ap\u00f3s registro na Bahia, ve\u00edculos eram financiados no Cear\u00e1. Blog do Eloilton Cajuhy \u2013 BEC &#x1f4f2; Siga o canal do BEC no WhatsApp A\u00a0investiga\u00e7\u00e3o da\u00a0Opera\u00e7\u00e3o Giratina\u00a0apontou que o\u00a0esquema de fraude em registros e transfer\u00eancias de ve\u00edculos na Bahia\u00a0funcionava a [&hellip;]<\/p>\n","protected":false},"author":2,"featured_media":98003,"comment_status":"open","ping_status":"open","sticky":false,"template":"","format":"standard","meta":{"_acf_changed":false,"_monsterinsights_skip_tracking":false,"_monsterinsights_sitenote_active":false,"_monsterinsights_sitenote_note":"","_monsterinsights_sitenote_category":0,"_jetpack_newsletter_access":"","_jetpack_dont_email_post_to_subs":false,"_jetpack_newsletter_tier_id":0,"_jetpack_memberships_contains_paywalled_content":false,"_jetpack_feature_clip_id":0,"_jetpack_memberships_contains_paid_content":false,"footnotes":"","jetpack_publicize_message":"","jetpack_publicize_feature_enabled":true,"jetpack_social_post_already_shared":true,"jetpack_social_options":{"image_generator_settings":{"template":"highway","default_image_id":0,"font":"","enabled":false},"version":2},"jetpack_post_was_ever_published":false},"categories":[15],"tags":[],"class_list":["post-98002","post","type-post","status-publish","format-standard","has-post-thumbnail","hentry","category-policia"],"acf":[],"jetpack_publicize_connections":[],"jetpack_sharing_enabled":true,"publishpress_future_workflow_manual_trigger":{"enabledWorkflows":[]},"jetpack_featured_media_url":"https:\/\/i0.wp.com\/blogdoeloiltoncajuhy.com.br\/site\/wp-content\/uploads\/2026\/09\/Operacao-Giratina-%E2%80%94-Policia-Civil-BA.png?fit=768%2C434&ssl=1","_links":{"self":[{"href":"https:\/\/blogdoeloiltoncajuhy.com.br\/site\/wp-json\/wp\/v2\/posts\/98002","targetHints":{"allow":["GET"]}}],"collection":[{"href":"https:\/\/blogdoeloiltoncajuhy.com.br\/site\/wp-json\/wp\/v2\/posts"}],"about":[{"href":"https:\/\/blogdoeloiltoncajuhy.com.br\/site\/wp-json\/wp\/v2\/types\/post"}],"author":[{"embeddable":true,"href":"https:\/\/blogdoeloiltoncajuhy.com.br\/site\/wp-json\/wp\/v2\/users\/2"}],"replies":[{"embeddable":true,"href":"https:\/\/blogdoeloiltoncajuhy.com.br\/site\/wp-json\/wp\/v2\/comments?post=98002"}],"version-history":[{"count":1,"href":"https:\/\/blogdoeloiltoncajuhy.com.br\/site\/wp-json\/wp\/v2\/posts\/98002\/revisions"}],"predecessor-version":[{"id":98005,"href":"https:\/\/blogdoeloiltoncajuhy.com.br\/site\/wp-json\/wp\/v2\/posts\/98002\/revisions\/98005"}],"wp:featuredmedia":[{"embeddable":true,"href":"https:\/\/blogdoeloiltoncajuhy.com.br\/site\/wp-json\/wp\/v2\/media\/98003"}],"wp:attachment":[{"href":"https:\/\/blogdoeloiltoncajuhy.com.br\/site\/wp-json\/wp\/v2\/media?parent=98002"}],"wp:term":[{"taxonomy":"category","embeddable":true,"href":"https:\/\/blogdoeloiltoncajuhy.com.br\/site\/wp-json\/wp\/v2\/categories?post=98002"},{"taxonomy":"post_tag","embeddable":true,"href":"https:\/\/blogdoeloiltoncajuhy.com.br\/site\/wp-json\/wp\/v2\/tags?post=98002"}],"curies":[{"name":"wp","href":"https:\/\/api.w.org\/{rel}","templated":true}]}}