{"id":97997,"date":"2026-09-01T17:23:26","date_gmt":"2026-09-01T20:23:26","guid":{"rendered":"https:\/\/blogdoeloiltoncajuhy.com.br\/site\/?p=97997"},"modified":"2026-09-01T17:23:27","modified_gmt":"2026-09-01T20:23:27","slug":"prazo-comeca-hoje-empresas-do-simples-tem-ate-30-de-setembro-para-escolher-regime-de-2027","status":"publish","type":"post","link":"https:\/\/blogdoeloiltoncajuhy.com.br\/site\/prazo-comeca-hoje-empresas-do-simples-tem-ate-30-de-setembro-para-escolher-regime-de-2027\/","title":{"rendered":"Prazo come\u00e7a hoje: empresas do Simples t\u00eam at\u00e9 30 de setembro para escolher regime de 2027"},"content":{"rendered":"\n<p class=\"has-medium-font-size wp-block-paragraph\">Mudan\u00e7a antecipou calend\u00e1rio e permite que empresas optem por recolher IBS e CBS fora do Simples Nacional; advogado explica os impactos da decis\u00e3o.<\/p>\n\n\n\n<p class=\"wp-block-paragraph\"><strong>Blog do Eloilton Cajuhy \u2013 BEC<\/strong><\/p>\n\n\n\n<p class=\"wp-block-paragraph\">&#x1f4f2;\u00a0<a href=\"https:\/\/whatsapp.com\/channel\/0029VaAT7tDLI8Yfj5y9Z50Z\"><strong><mark style=\"background-color:rgba(0, 0, 0, 0)\" class=\"has-inline-color has-luminous-vivid-orange-color\">Siga o canal do BEC no WhatsApp<\/mark><\/strong><\/a><\/p>\n\n\n\n<figure class=\"wp-block-image aligncenter size-full\"><a href=\"https:\/\/i0.wp.com\/blogdoeloiltoncajuhy.com.br\/site\/wp-content\/uploads\/2026\/09\/Simples-Nacional_010926_Barbacena-Tem.jpg?ssl=1\"><img data-recalc-dims=\"1\" fetchpriority=\"high\" decoding=\"async\" width=\"694\" height=\"409\" src=\"https:\/\/i0.wp.com\/blogdoeloiltoncajuhy.com.br\/site\/wp-content\/uploads\/2026\/09\/Simples-Nacional_010926_Barbacena-Tem.jpg?resize=694%2C409&#038;ssl=1\" alt=\"\" class=\"wp-image-97998\" srcset=\"https:\/\/i0.wp.com\/blogdoeloiltoncajuhy.com.br\/site\/wp-content\/uploads\/2026\/09\/Simples-Nacional_010926_Barbacena-Tem.jpg?w=694&amp;ssl=1 694w, https:\/\/i0.wp.com\/blogdoeloiltoncajuhy.com.br\/site\/wp-content\/uploads\/2026\/09\/Simples-Nacional_010926_Barbacena-Tem.jpg?resize=300%2C177&amp;ssl=1 300w\" sizes=\"(max-width: 694px) 100vw, 694px\" \/><\/a><figcaption class=\"wp-element-caption\"><sub>&#x1f4f7; Barbacena Tem!\/Reprodu\u00e7\u00e3o<\/sub><\/figcaption><\/figure>\n\n\n\n<p class=\"wp-block-paragraph\">Come\u00e7a nesta ter\u00e7a-feira (1\u00ba) o prazo para que microempresas e empresas de pequeno porte fa\u00e7am escolhas tribut\u00e1rias que poder\u00e3o impactar diretamente a forma de recolhimento de impostos em 2027. O prazo termina em 30 de setembro, o que exige aten\u00e7\u00e3o de empres\u00e1rios e contadores j\u00e1 neste m\u00eas. At\u00e9 essa data, empresas que pretendem ingressar no Simples Nacional no pr\u00f3ximo ano dever\u00e3o fazer a op\u00e7\u00e3o pelo regime. Para as que j\u00e1 est\u00e3o ou ir\u00e3o ingressar no Simples, existe tamb\u00e9m a possibilidade de escolher o recolhimento do IBS (Imposto sobre Bens e Servi\u00e7os) e da CBS (Contribui\u00e7\u00e3o sobre Bens e Servi\u00e7os) pelo regime regular, ou seja, fora do pagamento unificado do Simples.<\/p>\n\n\n\n<p class=\"wp-block-paragraph\">A mudan\u00e7a faz parte da adapta\u00e7\u00e3o do Simples Nacional \u00e0 Reforma Tribut\u00e1ria sobre o consumo e altera uma pr\u00e1tica que tradicionalmente concentrava a op\u00e7\u00e3o pelo regime no m\u00eas de janeiro. Para 2027, a escolha pelo Simples Nacional dever\u00e1 ser feita antecipadamente, durante o m\u00eas de setembro de 2026. Na pr\u00e1tica, a empresa que j\u00e1 \u00e9 optante pelo Simples e quiser manter IBS e CBS dentro do regime unificado n\u00e3o precisa fazer uma nova op\u00e7\u00e3o espec\u00edfica. J\u00e1 aquelas que avaliarem que \u00e9 mais vantajoso recolher esses dois tributos pelas regras do regime regular dever\u00e3o manifestar essa escolha entre 1\u00ba e 30 de setembro. A op\u00e7\u00e3o valer\u00e1 para o primeiro semestre de 2027.<\/p>\n\n\n\n<p class=\"wp-block-paragraph\">Para o advogado Bruno Dur\u00e3o, a proximidade do prazo exige que o empres\u00e1rio n\u00e3o deixe a an\u00e1lise para a \u00faltima hora e considere fatores que v\u00e3o al\u00e9m da al\u00edquota. \u201cA principal mudan\u00e7a \u00e9 que a escolha tribut\u00e1ria passa a exigir um planejamento mais cuidadoso. N\u00e3o basta olhar apenas para o percentual de imposto que ser\u00e1 pago. \u00c9 necess\u00e1rio avaliar o tipo de cliente, a cadeia de fornecedores, o impacto dos cr\u00e9ditos tribut\u00e1rios e a pr\u00f3pria estrutura da empresa. Para empresas que atuam no mercado B2B, por exemplo, a possibilidade de apropria\u00e7\u00e3o e transfer\u00eancia de cr\u00e9ditos pode influenciar diretamente a competitividade e a forma\u00e7\u00e3o de pre\u00e7os. Por isso, o empres\u00e1rio precisa levantar esses dados, conversar com a contabilidade e avaliar juridicamente os impactos antes de 30 de setembro, evitando tomar uma decis\u00e3o \u00e0s pressas\u201d, explica.<\/p>\n\n\n\n<p class=\"wp-block-paragraph\">A possibilidade de permanecer no Simples Nacional e, simultaneamente, recolher IBS e CBS pelo regime regular cria uma esp\u00e9cie de modelo h\u00edbrido. Nesse formato, os valores correspondentes ao IBS e \u00e0 CBS deixam de ser recolhidos dentro do Documento de Arrecada\u00e7\u00e3o do Simples Nacional (DAS) e passam a seguir as regras pr\u00f3prias desses tributos.<\/p>\n\n\n\n<p class=\"wp-block-paragraph\">Outro ponto de aten\u00e7\u00e3o \u00e9 que a decis\u00e3o n\u00e3o precisa ser tratada como definitiva para todo o ano de 2027. Caso a empresa n\u00e3o opte pelo regime regular de IBS e CBS em setembro, haver\u00e1 uma nova janela de op\u00e7\u00e3o em mar\u00e7o de 2027, com efeitos para o segundo semestre. Com o prazo j\u00e1 aberto, a recomenda\u00e7\u00e3o \u00e9 que as empresas n\u00e3o esperem a proximidade do fim de setembro para analisar as alternativas.<\/p>\n\n\n\n<p class=\"wp-block-paragraph\">A avalia\u00e7\u00e3o antecipada pode ser importante para entender os efeitos da escolha sobre custos, cr\u00e9ditos tribut\u00e1rios, pre\u00e7os e rela\u00e7\u00f5es comerciais ao longo de 2027.<\/p>\n\n\n\n<p class=\"has-black-color has-text-color has-link-color has-medium-font-size wp-elements-1 wp-block-paragraph\"><strong>&#x1f4cc; Servi\u00e7o<\/strong><\/p>\n\n\n\n<ul class=\"wp-block-list\">\n<li><strong><mark style=\"background-color:rgba(0, 0, 0, 0)\" class=\"has-inline-color has-black-color\">Prazo:<\/mark><\/strong> 1\u00ba a 30 de setembro de 2026<\/li>\n<\/ul>\n\n\n\n<ul class=\"wp-block-list\">\n<li><strong><mark style=\"background-color:rgba(0, 0, 0, 0)\" class=\"has-inline-color has-black-color\">Quem deve ficar atento:<\/mark><\/strong> empresas que pretendem ingressar no Simples Nacional em 2027 e empresas do Simples que avaliam recolher IBS e CBS pelo regime regular<\/li>\n<\/ul>\n\n\n\n<ul class=\"wp-block-list\">\n<li><strong><mark style=\"background-color:rgba(0, 0, 0, 0)\" class=\"has-inline-color has-black-color\">Efeito da escolha:<\/mark><\/strong> a partir de 1\u00ba de janeiro de 2027, conforme a modalidade escolhida e as regras aplic\u00e1veis<\/li>\n<\/ul>\n","protected":false},"excerpt":{"rendered":"<p>Mudan\u00e7a antecipou calend\u00e1rio e permite que empresas optem por recolher IBS e CBS fora do Simples Nacional; advogado explica os impactos da decis\u00e3o. Blog do Eloilton Cajuhy \u2013 BEC &#x1f4f2;\u00a0Siga o canal do BEC no WhatsApp Come\u00e7a nesta ter\u00e7a-feira (1\u00ba) o prazo para que microempresas e empresas de pequeno porte fa\u00e7am escolhas tribut\u00e1rias que poder\u00e3o [&hellip;]<\/p>\n","protected":false},"author":2,"featured_media":97998,"comment_status":"open","ping_status":"open","sticky":false,"template":"","format":"standard","meta":{"_acf_changed":false,"_monsterinsights_skip_tracking":false,"_monsterinsights_sitenote_active":false,"_monsterinsights_sitenote_note":"","_monsterinsights_sitenote_category":0,"_jetpack_newsletter_access":"","_jetpack_dont_email_post_to_subs":false,"_jetpack_newsletter_tier_id":0,"_jetpack_memberships_contains_paywalled_content":false,"_jetpack_feature_clip_id":0,"_jetpack_memberships_contains_paid_content":false,"footnotes":"","jetpack_publicize_message":"","jetpack_publicize_feature_enabled":true,"jetpack_social_post_already_shared":false,"jetpack_social_options":{"image_generator_settings":{"template":"highway","default_image_id":0,"font":"","enabled":false},"version":2},"jetpack_post_was_ever_published":false},"categories":[31],"tags":[],"class_list":["post-97997","post","type-post","status-publish","format-standard","has-post-thumbnail","hentry","category-economia"],"acf":[],"jetpack_publicize_connections":[],"jetpack_sharing_enabled":true,"publishpress_future_workflow_manual_trigger":{"enabledWorkflows":[]},"jetpack_featured_media_url":"https:\/\/i0.wp.com\/blogdoeloiltoncajuhy.com.br\/site\/wp-content\/uploads\/2026\/09\/Simples-Nacional_010926_Barbacena-Tem.jpg?fit=694%2C409&ssl=1","_links":{"self":[{"href":"https:\/\/blogdoeloiltoncajuhy.com.br\/site\/wp-json\/wp\/v2\/posts\/97997","targetHints":{"allow":["GET"]}}],"collection":[{"href":"https:\/\/blogdoeloiltoncajuhy.com.br\/site\/wp-json\/wp\/v2\/posts"}],"about":[{"href":"https:\/\/blogdoeloiltoncajuhy.com.br\/site\/wp-json\/wp\/v2\/types\/post"}],"author":[{"embeddable":true,"href":"https:\/\/blogdoeloiltoncajuhy.com.br\/site\/wp-json\/wp\/v2\/users\/2"}],"replies":[{"embeddable":true,"href":"https:\/\/blogdoeloiltoncajuhy.com.br\/site\/wp-json\/wp\/v2\/comments?post=97997"}],"version-history":[{"count":1,"href":"https:\/\/blogdoeloiltoncajuhy.com.br\/site\/wp-json\/wp\/v2\/posts\/97997\/revisions"}],"predecessor-version":[{"id":97999,"href":"https:\/\/blogdoeloiltoncajuhy.com.br\/site\/wp-json\/wp\/v2\/posts\/97997\/revisions\/97999"}],"wp:featuredmedia":[{"embeddable":true,"href":"https:\/\/blogdoeloiltoncajuhy.com.br\/site\/wp-json\/wp\/v2\/media\/97998"}],"wp:attachment":[{"href":"https:\/\/blogdoeloiltoncajuhy.com.br\/site\/wp-json\/wp\/v2\/media?parent=97997"}],"wp:term":[{"taxonomy":"category","embeddable":true,"href":"https:\/\/blogdoeloiltoncajuhy.com.br\/site\/wp-json\/wp\/v2\/categories?post=97997"},{"taxonomy":"post_tag","embeddable":true,"href":"https:\/\/blogdoeloiltoncajuhy.com.br\/site\/wp-json\/wp\/v2\/tags?post=97997"}],"curies":[{"name":"wp","href":"https:\/\/api.w.org\/{rel}","templated":true}]}}