{"id":97982,"date":"2026-09-01T14:11:10","date_gmt":"2026-09-01T17:11:10","guid":{"rendered":"https:\/\/blogdoeloiltoncajuhy.com.br\/site\/?p=97982"},"modified":"2026-09-01T14:11:12","modified_gmt":"2026-09-01T17:11:12","slug":"avo-e-preso-apos-neta-denunciar-ter-sido-espancada-por-negar-investida-sexual-no-piaui","status":"publish","type":"post","link":"https:\/\/blogdoeloiltoncajuhy.com.br\/site\/avo-e-preso-apos-neta-denunciar-ter-sido-espancada-por-negar-investida-sexual-no-piaui\/","title":{"rendered":"Av\u00f4 \u00e9 preso ap\u00f3s neta denunciar ter sido espancada por negar investida sexual no Piau\u00ed"},"content":{"rendered":"\n<p class=\"has-medium-font-size wp-block-paragraph\">Investiga\u00e7\u00e3o apura poss\u00edvel tentativa de feminic\u00eddio e estupro; suspeito afirma que esteve na resid\u00eancia apenas para conversar.<\/p>\n\n\n\n<p class=\"wp-block-paragraph\"><strong>Blog do Eloilton Cajuhy \u2013 BEC<\/strong><\/p>\n\n\n\n<p class=\"wp-block-paragraph\">&#x1f4f2;\u00a0<a href=\"https:\/\/whatsapp.com\/channel\/0029VaAT7tDLI8Yfj5y9Z50Z\"><strong><mark style=\"background-color:rgba(0, 0, 0, 0)\" class=\"has-inline-color has-luminous-vivid-orange-color\">Siga o canal do BEC no WhatsApp<\/mark><\/strong><\/a><\/p>\n\n\n\n<figure class=\"wp-block-image aligncenter size-full\"><a href=\"https:\/\/i0.wp.com\/blogdoeloiltoncajuhy.com.br\/site\/wp-content\/uploads\/2026\/09\/Jovem-acusa-avo-de-agressoes-no-PI-Reproducao-PC-PI.png?ssl=1\"><img data-recalc-dims=\"1\" fetchpriority=\"high\" decoding=\"async\" width=\"520\" height=\"453\" src=\"https:\/\/i0.wp.com\/blogdoeloiltoncajuhy.com.br\/site\/wp-content\/uploads\/2026\/09\/Jovem-acusa-avo-de-agressoes-no-PI-Reproducao-PC-PI.png?resize=520%2C453&#038;ssl=1\" alt=\"\" class=\"wp-image-97983\" srcset=\"https:\/\/i0.wp.com\/blogdoeloiltoncajuhy.com.br\/site\/wp-content\/uploads\/2026\/09\/Jovem-acusa-avo-de-agressoes-no-PI-Reproducao-PC-PI.png?w=520&amp;ssl=1 520w, https:\/\/i0.wp.com\/blogdoeloiltoncajuhy.com.br\/site\/wp-content\/uploads\/2026\/09\/Jovem-acusa-avo-de-agressoes-no-PI-Reproducao-PC-PI.png?resize=300%2C261&amp;ssl=1 300w\" sizes=\"(max-width: 520px) 100vw, 520px\" \/><\/a><figcaption class=\"wp-element-caption\"><sub>Jovem acusa av\u00f4 de agress\u00f5es no PI &#8211; &#x1f4f7; Reprodu\u00e7\u00e3o \/ PC-PI<\/sub><\/figcaption><\/figure>\n\n\n\n<p class=\"wp-block-paragraph\">Um homem de 66 anos foi preso em flagrante, na segunda-feira (31), suspeito de espancar a pr\u00f3pria neta, de 18 anos, ap\u00f3s ela recusar uma investida sexual dele, segundo a Pol\u00edcia Civil do Piau\u00ed.<\/p>\n\n\n\n<p class=\"wp-block-paragraph\">O crime aconteceu em Caxing\u00f3, no Norte do estado, e o suspeito foi localizado e preso na cidade vizinha de Cara\u00fabas do Piau\u00ed. Em depoimento, ele negou as agress\u00f5es e afirmou que esteve na casa da jovem naquela madrugada apenas para conversar.<\/p>\n\n\n\n<p class=\"wp-block-paragraph\">Segundo o boletim de ocorr\u00eancia da Pol\u00edcia Militar do Piau\u00ed (PMPI), a jovem foi atendida na Unidade B\u00e1sica de Sa\u00fade (UBS) de Caxing\u00f3 com les\u00f5es no rosto e no couro cabeludo, al\u00e9m de sangramento no nariz e forte incha\u00e7o nos olhos.<\/p>\n\n\n\n<p class=\"wp-block-paragraph\">Devido \u00e0 gravidade dos ferimentos, ela foi transferida para o Hospital Estadual Dirceu Arcoverde (HEDA), em Parna\u00edba. At\u00e9 a \u00faltima atualiza\u00e7\u00e3o desta reportagem, n\u00e3o havia informa\u00e7\u00f5es sobre o estado de sa\u00fade da v\u00edtima.<\/p>\n\n\n\n<p class=\"wp-block-paragraph\">Segundo a Pol\u00edcia Civil, a v\u00edtima n\u00e3o conseguiu prestar depoimento logo ap\u00f3s o crime porque estava internada e apresentava dificuldades de mem\u00f3ria.<\/p>\n\n\n\n<p class=\"wp-block-paragraph\">Posteriormente, conforme a pol\u00edcia, a jovem contou por telefone que o av\u00f4 foi o respons\u00e1vel pelas agress\u00f5es. Ela relatou que foi atacada ap\u00f3s recusar uma investida sexual.<\/p>\n\n\n\n<p class=\"wp-block-paragraph\">A Pol\u00edcia Civil investiga o caso como tentativa de feminic\u00eddio e apura se o av\u00f4 tamb\u00e9m cometeu os crimes de tentativa de estupro e les\u00e3o corporal grave.<\/p>\n\n\n\n<p class=\"has-black-color has-text-color has-link-color has-medium-font-size wp-elements-1 wp-block-paragraph\"><strong>Suspeito nega agress\u00f5es<\/strong><\/p>\n\n\n\n<p class=\"wp-block-paragraph\">Durante o interrogat\u00f3rio, o suspeito confirmou que esteve na casa da neta na madrugada do crime. Ele afirmou que passava pelo povoado Jacobina, na zona rural de Caxing\u00f3, pr\u00f3ximo \u00e0 divisa com Cara\u00fabas do Piau\u00ed, quando decidiu parar na resid\u00eancia da jovem antes de retornar para casa.<\/p>\n\n\n\n<p class=\"wp-block-paragraph\">Na vers\u00e3o apresentada pelo suspeito, a jovem estava acordada e abriu a porta da casa. Ele afirmou que os dois conversaram na cozinha por cerca de 40 minutos e que, em seguida, deixou o local.<\/p>\n\n\n\n<p class=\"wp-block-paragraph\">O homem negou ter entrado no quarto da neta e afirmou que n\u00e3o praticou agress\u00f5es nem tentou cometer viol\u00eancia sexual. Ele disse acreditar que foi apontado como autor do crime por ter sido a \u00fanica pessoa que esteve na casa durante a madrugada.<\/p>\n\n\n\n<p class=\"wp-block-paragraph\">Ap\u00f3s a pris\u00e3o, o suspeito foi encaminhado para a Penitenci\u00e1ria Mista Juiz Fontes Ibiapina, em Parna\u00edba, onde permanece \u00e0 disposi\u00e7\u00e3o da Justi\u00e7a.<\/p>\n\n\n\n<p class=\"wp-block-paragraph\">A Pol\u00edcia Civil solicitou a convers\u00e3o da pris\u00e3o em flagrante para pris\u00e3o preventiva. Segundo a corpora\u00e7\u00e3o, o pedido considera a gravidade das agress\u00f5es e a necessidade de preservar a integridade f\u00edsica e psicol\u00f3gica da v\u00edtima.<\/p>\n","protected":false},"excerpt":{"rendered":"<p>Investiga\u00e7\u00e3o apura poss\u00edvel tentativa de feminic\u00eddio e estupro; suspeito afirma que esteve na resid\u00eancia apenas para conversar. Blog do Eloilton Cajuhy \u2013 BEC &#x1f4f2;\u00a0Siga o canal do BEC no WhatsApp Um homem de 66 anos foi preso em flagrante, na segunda-feira (31), suspeito de espancar a pr\u00f3pria neta, de 18 anos, ap\u00f3s ela recusar uma [&hellip;]<\/p>\n","protected":false},"author":2,"featured_media":97983,"comment_status":"open","ping_status":"open","sticky":false,"template":"","format":"standard","meta":{"_acf_changed":false,"_monsterinsights_skip_tracking":false,"_monsterinsights_sitenote_active":false,"_monsterinsights_sitenote_note":"","_monsterinsights_sitenote_category":0,"_jetpack_newsletter_access":"","_jetpack_dont_email_post_to_subs":false,"_jetpack_newsletter_tier_id":0,"_jetpack_memberships_contains_paywalled_content":false,"_jetpack_feature_clip_id":0,"_jetpack_memberships_contains_paid_content":false,"footnotes":"","jetpack_publicize_message":"","jetpack_publicize_feature_enabled":true,"jetpack_social_post_already_shared":false,"jetpack_social_options":{"image_generator_settings":{"template":"highway","default_image_id":0,"font":"","enabled":false},"version":2},"jetpack_post_was_ever_published":false},"categories":[15],"tags":[],"class_list":["post-97982","post","type-post","status-publish","format-standard","has-post-thumbnail","hentry","category-policia"],"acf":[],"jetpack_publicize_connections":[],"jetpack_sharing_enabled":true,"publishpress_future_workflow_manual_trigger":{"enabledWorkflows":[]},"jetpack_featured_media_url":"https:\/\/i0.wp.com\/blogdoeloiltoncajuhy.com.br\/site\/wp-content\/uploads\/2026\/09\/Jovem-acusa-avo-de-agressoes-no-PI-Reproducao-PC-PI.png?fit=520%2C453&ssl=1","_links":{"self":[{"href":"https:\/\/blogdoeloiltoncajuhy.com.br\/site\/wp-json\/wp\/v2\/posts\/97982","targetHints":{"allow":["GET"]}}],"collection":[{"href":"https:\/\/blogdoeloiltoncajuhy.com.br\/site\/wp-json\/wp\/v2\/posts"}],"about":[{"href":"https:\/\/blogdoeloiltoncajuhy.com.br\/site\/wp-json\/wp\/v2\/types\/post"}],"author":[{"embeddable":true,"href":"https:\/\/blogdoeloiltoncajuhy.com.br\/site\/wp-json\/wp\/v2\/users\/2"}],"replies":[{"embeddable":true,"href":"https:\/\/blogdoeloiltoncajuhy.com.br\/site\/wp-json\/wp\/v2\/comments?post=97982"}],"version-history":[{"count":1,"href":"https:\/\/blogdoeloiltoncajuhy.com.br\/site\/wp-json\/wp\/v2\/posts\/97982\/revisions"}],"predecessor-version":[{"id":97984,"href":"https:\/\/blogdoeloiltoncajuhy.com.br\/site\/wp-json\/wp\/v2\/posts\/97982\/revisions\/97984"}],"wp:featuredmedia":[{"embeddable":true,"href":"https:\/\/blogdoeloiltoncajuhy.com.br\/site\/wp-json\/wp\/v2\/media\/97983"}],"wp:attachment":[{"href":"https:\/\/blogdoeloiltoncajuhy.com.br\/site\/wp-json\/wp\/v2\/media?parent=97982"}],"wp:term":[{"taxonomy":"category","embeddable":true,"href":"https:\/\/blogdoeloiltoncajuhy.com.br\/site\/wp-json\/wp\/v2\/categories?post=97982"},{"taxonomy":"post_tag","embeddable":true,"href":"https:\/\/blogdoeloiltoncajuhy.com.br\/site\/wp-json\/wp\/v2\/tags?post=97982"}],"curies":[{"name":"wp","href":"https:\/\/api.w.org\/{rel}","templated":true}]}}