{"id":97978,"date":"2026-09-01T13:43:33","date_gmt":"2026-09-01T16:43:33","guid":{"rendered":"https:\/\/blogdoeloiltoncajuhy.com.br\/site\/?p=97978"},"modified":"2026-09-01T13:43:35","modified_gmt":"2026-09-01T16:43:35","slug":"rogerio-valenca-ex-vocalista-da-banda-calcinha-preta-morre-aos-55-anos","status":"publish","type":"post","link":"https:\/\/blogdoeloiltoncajuhy.com.br\/site\/rogerio-valenca-ex-vocalista-da-banda-calcinha-preta-morre-aos-55-anos\/","title":{"rendered":"Rog\u00e9rio Valen\u00e7a, ex-vocalista da banda Calcinha Preta, morre aos 55 anos"},"content":{"rendered":"\n<p class=\"has-medium-font-size wp-block-paragraph\">M\u00fasico pernambucano tinha trajet\u00f3ria marcada pelo forr\u00f3 eletr\u00f4nico e atuava na Banda Raio da Silibrina.<\/p>\n\n\n\n<p class=\"wp-block-paragraph\"><strong>Blog do Eloilton Cajuhy \u2013 BEC<\/strong><\/p>\n\n\n\n<p class=\"wp-block-paragraph\">&#x1f4f2;\u00a0<a href=\"https:\/\/whatsapp.com\/channel\/0029VaAT7tDLI8Yfj5y9Z50Z\"><strong><mark style=\"background-color:rgba(0, 0, 0, 0)\" class=\"has-inline-color has-luminous-vivid-orange-color\">Siga o canal do BEC no WhatsApp<\/mark><\/strong><\/a><\/p>\n\n\n\n<figure class=\"wp-block-image aligncenter size-full\"><a href=\"https:\/\/i0.wp.com\/blogdoeloiltoncajuhy.com.br\/site\/wp-content\/uploads\/2026\/09\/Rogerio-Valenca-%E2%80%94-Redes-Sociais.jpg?ssl=1\"><img data-recalc-dims=\"1\" fetchpriority=\"high\" decoding=\"async\" width=\"740\" height=\"523\" src=\"https:\/\/i0.wp.com\/blogdoeloiltoncajuhy.com.br\/site\/wp-content\/uploads\/2026\/09\/Rogerio-Valenca-%E2%80%94-Redes-Sociais.jpg?resize=740%2C523&#038;ssl=1\" alt=\"\" class=\"wp-image-97979\" srcset=\"https:\/\/i0.wp.com\/blogdoeloiltoncajuhy.com.br\/site\/wp-content\/uploads\/2026\/09\/Rogerio-Valenca-%E2%80%94-Redes-Sociais.jpg?w=740&amp;ssl=1 740w, https:\/\/i0.wp.com\/blogdoeloiltoncajuhy.com.br\/site\/wp-content\/uploads\/2026\/09\/Rogerio-Valenca-%E2%80%94-Redes-Sociais.jpg?resize=300%2C212&amp;ssl=1 300w\" sizes=\"(max-width: 740px) 100vw, 740px\" \/><\/a><figcaption class=\"wp-element-caption\"><sub>Rog\u00e9rio Valen\u00e7a \u2014&#x1f4f7;  Redes Sociais<\/sub><\/figcaption><\/figure>\n\n\n\n<p class=\"wp-block-paragraph\">O cantor <strong><mark style=\"background-color:rgba(0, 0, 0, 0)\" class=\"has-inline-color has-black-color\">Rog\u00e9rio Valen\u00e7a<\/mark><\/strong> morreu aos 55 anos, nesta segunda-feira (31), em Aracaju. A informa\u00e7\u00e3o foi confirmada pela fam\u00edlia do artista. Ele tratava uma insufici\u00eancia renal e aguardava por um transplante de rim, mas n\u00e3o resistiu ap\u00f3s sofrer um infarto.<\/p>\n\n\n\n<p class=\"wp-block-paragraph\">Natural de Garanhuns (PE), o cantor integrou as bandas <strong><mark style=\"background-color:rgba(0, 0, 0, 0)\" class=\"has-inline-color has-black-color\">Calcinha Preta<\/mark><\/strong> e <strong><mark style=\"background-color:rgba(0, 0, 0, 0)\" class=\"has-inline-color has-black-color\">Caviar com Rapadura<\/mark><\/strong>. Atualmente, ele se apresentava no grupo <strong><mark style=\"background-color:rgba(0, 0, 0, 0)\" class=\"has-inline-color has-black-color\">Raio da Silibrina<\/mark><\/strong> e morava em Sergipe.<\/p>\n\n\n\n<blockquote class=\"wp-block-quote is-layout-flow wp-block-quote-is-layout-flow\">\n<p class=\"wp-block-paragraph\"><strong><mark style=\"background-color:rgba(0, 0, 0, 0)\" class=\"has-inline-color has-black-color\">\u201cEle estava fazendo tr\u00eas hemodi\u00e1lises por semana. Ent\u00e3o, isso estava deixando-o debilitado e fraco. Infelizmente, aconteceu isso\u201d, disse o cunhado do artista, Lucas Monteiro.<\/mark><\/strong><\/p>\n<\/blockquote>\n\n\n\n<p class=\"wp-block-paragraph\">O vel\u00f3rio foi realizado no Centro da capital sergipana. O corpo foi levado para sepultamento em sua cidade natal, em Pernambuco.<\/p>\n\n\n\n<figure class=\"wp-block-image aligncenter size-full\"><a href=\"https:\/\/i0.wp.com\/blogdoeloiltoncajuhy.com.br\/site\/wp-content\/uploads\/2026\/09\/Rogerio-Valenca-foi-vocalista-da-Banda-Calcinha-Preta-%E2%80%94-Arquivo-Pessoal.jpg?ssl=1\"><img data-recalc-dims=\"1\" decoding=\"async\" width=\"740\" height=\"472\" src=\"https:\/\/i0.wp.com\/blogdoeloiltoncajuhy.com.br\/site\/wp-content\/uploads\/2026\/09\/Rogerio-Valenca-foi-vocalista-da-Banda-Calcinha-Preta-%E2%80%94-Arquivo-Pessoal.jpg?resize=740%2C472&#038;ssl=1\" alt=\"\" class=\"wp-image-97980\" srcset=\"https:\/\/i0.wp.com\/blogdoeloiltoncajuhy.com.br\/site\/wp-content\/uploads\/2026\/09\/Rogerio-Valenca-foi-vocalista-da-Banda-Calcinha-Preta-%E2%80%94-Arquivo-Pessoal.jpg?w=740&amp;ssl=1 740w, https:\/\/i0.wp.com\/blogdoeloiltoncajuhy.com.br\/site\/wp-content\/uploads\/2026\/09\/Rogerio-Valenca-foi-vocalista-da-Banda-Calcinha-Preta-%E2%80%94-Arquivo-Pessoal.jpg?resize=300%2C191&amp;ssl=1 300w\" sizes=\"(max-width: 740px) 100vw, 740px\" \/><\/a><figcaption class=\"wp-element-caption\"><sub>Rog\u00e9rio Valen\u00e7a foi vocalista da Banda Calcinha Preta \u2014 &#x1f4f7; Arquivo Pessoal<\/sub><\/figcaption><\/figure>\n\n\n\n<p class=\"has-black-color has-text-color has-link-color has-medium-font-size wp-elements-1 wp-block-paragraph\"><strong>Pesar<\/strong><\/p>\n\n\n\n<p class=\"wp-block-paragraph\">O cantor Marlus Viana, vocalista da Banda Calcinha Preta, comentou sobre a morte do artista: \u201cObrigado, Rog\u00e9rio. Voc\u00ea foi fundamental para que a Calcinha Preta se tornasse o que se tornou\u201d, disse.<\/p>\n\n\n\n<p class=\"wp-block-paragraph\">Nas redes sociais, a Banda Raio da Silibrina publicou nota de pesar : &#8220;Ficam a saudade, as lembran\u00e7as dos momentos vividos e a gratid\u00e3o por tudo que ele representou. Que Deus conforte o cora\u00e7\u00e3o de toda a fam\u00edlia, amigos e de todos que est\u00e3o sentindo essa perda&#8221;.<\/p>\n","protected":false},"excerpt":{"rendered":"<p>M\u00fasico pernambucano tinha trajet\u00f3ria marcada pelo forr\u00f3 eletr\u00f4nico e atuava na Banda Raio da Silibrina. Blog do Eloilton Cajuhy \u2013 BEC &#x1f4f2;\u00a0Siga o canal do BEC no WhatsApp O cantor Rog\u00e9rio Valen\u00e7a morreu aos 55 anos, nesta segunda-feira (31), em Aracaju. A informa\u00e7\u00e3o foi confirmada pela fam\u00edlia do artista. Ele tratava uma insufici\u00eancia renal e [&hellip;]<\/p>\n","protected":false},"author":2,"featured_media":97979,"comment_status":"open","ping_status":"open","sticky":false,"template":"","format":"standard","meta":{"_acf_changed":false,"_monsterinsights_skip_tracking":false,"_monsterinsights_sitenote_active":false,"_monsterinsights_sitenote_note":"","_monsterinsights_sitenote_category":0,"_jetpack_newsletter_access":"","_jetpack_dont_email_post_to_subs":false,"_jetpack_newsletter_tier_id":0,"_jetpack_memberships_contains_paywalled_content":false,"_jetpack_feature_clip_id":0,"_jetpack_memberships_contains_paid_content":false,"footnotes":"","jetpack_publicize_message":"","jetpack_publicize_feature_enabled":true,"jetpack_social_post_already_shared":false,"jetpack_social_options":{"image_generator_settings":{"template":"highway","default_image_id":0,"font":"","enabled":false},"version":2},"jetpack_post_was_ever_published":false},"categories":[8],"tags":[],"class_list":["post-97978","post","type-post","status-publish","format-standard","has-post-thumbnail","hentry","category-cultura"],"acf":[],"jetpack_publicize_connections":[],"jetpack_sharing_enabled":true,"publishpress_future_workflow_manual_trigger":{"enabledWorkflows":[]},"jetpack_featured_media_url":"https:\/\/i0.wp.com\/blogdoeloiltoncajuhy.com.br\/site\/wp-content\/uploads\/2026\/09\/Rogerio-Valenca-%E2%80%94-Redes-Sociais.jpg?fit=740%2C523&ssl=1","_links":{"self":[{"href":"https:\/\/blogdoeloiltoncajuhy.com.br\/site\/wp-json\/wp\/v2\/posts\/97978","targetHints":{"allow":["GET"]}}],"collection":[{"href":"https:\/\/blogdoeloiltoncajuhy.com.br\/site\/wp-json\/wp\/v2\/posts"}],"about":[{"href":"https:\/\/blogdoeloiltoncajuhy.com.br\/site\/wp-json\/wp\/v2\/types\/post"}],"author":[{"embeddable":true,"href":"https:\/\/blogdoeloiltoncajuhy.com.br\/site\/wp-json\/wp\/v2\/users\/2"}],"replies":[{"embeddable":true,"href":"https:\/\/blogdoeloiltoncajuhy.com.br\/site\/wp-json\/wp\/v2\/comments?post=97978"}],"version-history":[{"count":1,"href":"https:\/\/blogdoeloiltoncajuhy.com.br\/site\/wp-json\/wp\/v2\/posts\/97978\/revisions"}],"predecessor-version":[{"id":97981,"href":"https:\/\/blogdoeloiltoncajuhy.com.br\/site\/wp-json\/wp\/v2\/posts\/97978\/revisions\/97981"}],"wp:featuredmedia":[{"embeddable":true,"href":"https:\/\/blogdoeloiltoncajuhy.com.br\/site\/wp-json\/wp\/v2\/media\/97979"}],"wp:attachment":[{"href":"https:\/\/blogdoeloiltoncajuhy.com.br\/site\/wp-json\/wp\/v2\/media?parent=97978"}],"wp:term":[{"taxonomy":"category","embeddable":true,"href":"https:\/\/blogdoeloiltoncajuhy.com.br\/site\/wp-json\/wp\/v2\/categories?post=97978"},{"taxonomy":"post_tag","embeddable":true,"href":"https:\/\/blogdoeloiltoncajuhy.com.br\/site\/wp-json\/wp\/v2\/tags?post=97978"}],"curies":[{"name":"wp","href":"https:\/\/api.w.org\/{rel}","templated":true}]}}