{"id":97971,"date":"2026-09-01T11:40:35","date_gmt":"2026-09-01T14:40:35","guid":{"rendered":"https:\/\/blogdoeloiltoncajuhy.com.br\/site\/?p=97971"},"modified":"2026-09-01T11:40:37","modified_gmt":"2026-09-01T14:40:37","slug":"ajude-eduarda-a-encontrar-respostas-uma-corrente-de-solidariedade-pela-sua-saude-e-qualidade-de-vida","status":"publish","type":"post","link":"https:\/\/blogdoeloiltoncajuhy.com.br\/site\/ajude-eduarda-a-encontrar-respostas-uma-corrente-de-solidariedade-pela-sua-saude-e-qualidade-de-vida\/","title":{"rendered":"Ajude Eduarda a encontrar respostas: uma corrente de solidariedade pela sua sa\u00fade e qualidade de vida"},"content":{"rendered":"\n<p class=\"wp-block-paragraph\">Essa \u00e9 a&nbsp;<strong>Eduarda<\/strong>, uma menina de apenas 10 anos, que est\u00e1 no&nbsp;<strong>Transtorno do Espectro Autista (TEA)<\/strong>&nbsp;e enfrenta uma longa caminhada em busca de um diagn\u00f3stico conclusivo.<\/p>\n\n\n\n<figure class=\"wp-block-image aligncenter size-full\"><a href=\"https:\/\/i0.wp.com\/blogdoeloiltoncajuhy.com.br\/site\/wp-content\/uploads\/2026\/09\/Eduarda.png?ssl=1\"><img data-recalc-dims=\"1\" fetchpriority=\"high\" decoding=\"async\" width=\"480\" height=\"720\" src=\"https:\/\/i0.wp.com\/blogdoeloiltoncajuhy.com.br\/site\/wp-content\/uploads\/2026\/09\/Eduarda.png?resize=480%2C720&#038;ssl=1\" alt=\"\" class=\"wp-image-97972\" srcset=\"https:\/\/i0.wp.com\/blogdoeloiltoncajuhy.com.br\/site\/wp-content\/uploads\/2026\/09\/Eduarda.png?w=480&amp;ssl=1 480w, https:\/\/i0.wp.com\/blogdoeloiltoncajuhy.com.br\/site\/wp-content\/uploads\/2026\/09\/Eduarda.png?resize=200%2C300&amp;ssl=1 200w\" sizes=\"(max-width: 480px) 100vw, 480px\" \/><\/a><\/figure>\n\n\n\n<p class=\"wp-block-paragraph\">Al\u00e9m do autismo, Eduarda apresenta sinais que levantam a suspeita de&nbsp;<strong>S\u00edndrome de Ehlers-Danlos e outras condi\u00e7\u00f5es gen\u00e9ticas<\/strong>, que ainda precisam ser investigadas.<\/p>\n\n\n\n<p class=\"wp-block-paragraph\">Sua fam\u00edlia j\u00e1 realizou diversos exames, consultas e acompanhamentos m\u00e9dicos. Agora, especialistas solicitaram que alguns&nbsp;<strong>exames gen\u00e9ticos sejam refeitos<\/strong>, procedimentos importantes para confirmar ou descartar diagn\u00f3sticos e ajudar a definir os cuidados e tratamentos mais adequados.<\/p>\n\n\n\n<p class=\"wp-block-paragraph\">O problema \u00e9 que os exames t\u00eam&nbsp;<strong>custo elevado<\/strong>, e a fam\u00edlia n\u00e3o possui condi\u00e7\u00f5es financeiras para arcar sozinha com todas as despesas.<\/p>\n\n\n\n<p class=\"wp-block-paragraph\">Por isso, foi criada esta&nbsp;<strong>campanha solid\u00e1ria<\/strong>.<\/p>\n\n\n\n<p class=\"wp-block-paragraph\"><strong>Qualquer contribui\u00e7\u00e3o, independentemente do valor, pode fazer a diferen\u00e7a.<\/strong>\u00a0Cada ajuda representa um passo a mais na busca pelas respostas que a fam\u00edlia tanto espera e por um futuro com mais qualidade de vida para Eduarda.<\/p>\n\n\n\n<p class=\"wp-block-paragraph\"><strong>N\u00e3o pode contribuir? Compartilhe!<\/strong>\u00a0Um simples compartilhamento pode fazer a campanha chegar at\u00e9 algu\u00e9m que possa ajudar.<\/p>\n\n\n\n<p class=\"wp-block-paragraph\"><strong>Vamos juntos ajudar Eduarda nessa caminhada!<\/strong><\/p>\n\n\n\n<p class=\"wp-block-paragraph\">A fam\u00edlia agradece, de cora\u00e7\u00e3o, por cada contribui\u00e7\u00e3o, compartilhamento, palavra de carinho e ora\u00e7\u00e3o.<\/p>\n\n\n\n<p class=\"wp-block-paragraph\"><strong>Que Deus aben\u00e7oe todos que ajudarem e estenderem a m\u00e3o para a nossa pequena Eduarda.<\/strong><\/p>\n\n\n\n<p class=\"has-text-align-center has-medium-font-size wp-block-paragraph\">&#x2764;&#x1f49a;&#x1f499;&#x1f64f;&#x2728;<\/p>\n","protected":false},"excerpt":{"rendered":"<p>Essa \u00e9 a&nbsp;Eduarda, uma menina de apenas 10 anos, que est\u00e1 no&nbsp;Transtorno do Espectro Autista (TEA)&nbsp;e enfrenta uma longa caminhada em busca de um diagn\u00f3stico conclusivo. Al\u00e9m do autismo, Eduarda apresenta sinais que levantam a suspeita de&nbsp;S\u00edndrome de Ehlers-Danlos e outras condi\u00e7\u00f5es gen\u00e9ticas, que ainda precisam ser investigadas. Sua fam\u00edlia j\u00e1 realizou diversos exames, consultas [&hellip;]<\/p>\n","protected":false},"author":2,"featured_media":97973,"comment_status":"open","ping_status":"open","sticky":false,"template":"","format":"standard","meta":{"_acf_changed":false,"_monsterinsights_skip_tracking":false,"_monsterinsights_sitenote_active":false,"_monsterinsights_sitenote_note":"","_monsterinsights_sitenote_category":0,"_jetpack_newsletter_access":"","_jetpack_dont_email_post_to_subs":false,"_jetpack_newsletter_tier_id":0,"_jetpack_memberships_contains_paywalled_content":false,"_jetpack_feature_clip_id":0,"_jetpack_memberships_contains_paid_content":false,"footnotes":"","jetpack_publicize_message":"","jetpack_publicize_feature_enabled":true,"jetpack_social_post_already_shared":true,"jetpack_social_options":{"image_generator_settings":{"template":"highway","default_image_id":0,"font":"","enabled":false},"version":2},"jetpack_post_was_ever_published":false},"categories":[4],"tags":[],"class_list":["post-97971","post","type-post","status-publish","format-standard","has-post-thumbnail","hentry","category-local"],"acf":[],"jetpack_publicize_connections":[],"jetpack_sharing_enabled":true,"publishpress_future_workflow_manual_trigger":{"enabledWorkflows":[]},"jetpack_featured_media_url":"https:\/\/i0.wp.com\/blogdoeloiltoncajuhy.com.br\/site\/wp-content\/uploads\/2026\/09\/Eduarda_capa.png?fit=608%2C538&ssl=1","_links":{"self":[{"href":"https:\/\/blogdoeloiltoncajuhy.com.br\/site\/wp-json\/wp\/v2\/posts\/97971","targetHints":{"allow":["GET"]}}],"collection":[{"href":"https:\/\/blogdoeloiltoncajuhy.com.br\/site\/wp-json\/wp\/v2\/posts"}],"about":[{"href":"https:\/\/blogdoeloiltoncajuhy.com.br\/site\/wp-json\/wp\/v2\/types\/post"}],"author":[{"embeddable":true,"href":"https:\/\/blogdoeloiltoncajuhy.com.br\/site\/wp-json\/wp\/v2\/users\/2"}],"replies":[{"embeddable":true,"href":"https:\/\/blogdoeloiltoncajuhy.com.br\/site\/wp-json\/wp\/v2\/comments?post=97971"}],"version-history":[{"count":1,"href":"https:\/\/blogdoeloiltoncajuhy.com.br\/site\/wp-json\/wp\/v2\/posts\/97971\/revisions"}],"predecessor-version":[{"id":97974,"href":"https:\/\/blogdoeloiltoncajuhy.com.br\/site\/wp-json\/wp\/v2\/posts\/97971\/revisions\/97974"}],"wp:featuredmedia":[{"embeddable":true,"href":"https:\/\/blogdoeloiltoncajuhy.com.br\/site\/wp-json\/wp\/v2\/media\/97973"}],"wp:attachment":[{"href":"https:\/\/blogdoeloiltoncajuhy.com.br\/site\/wp-json\/wp\/v2\/media?parent=97971"}],"wp:term":[{"taxonomy":"category","embeddable":true,"href":"https:\/\/blogdoeloiltoncajuhy.com.br\/site\/wp-json\/wp\/v2\/categories?post=97971"},{"taxonomy":"post_tag","embeddable":true,"href":"https:\/\/blogdoeloiltoncajuhy.com.br\/site\/wp-json\/wp\/v2\/tags?post=97971"}],"curies":[{"name":"wp","href":"https:\/\/api.w.org\/{rel}","templated":true}]}}