{"id":97967,"date":"2026-09-01T08:49:32","date_gmt":"2026-09-01T11:49:32","guid":{"rendered":"https:\/\/blogdoeloiltoncajuhy.com.br\/site\/?p=97967"},"modified":"2026-09-01T08:49:33","modified_gmt":"2026-09-01T11:49:33","slug":"governo-da-bahia-abre-inscricoes-para-57-mil-vagas-do-partiu-estagio-senhor-do-bonfim-tera-mais-de-30-oportunidades","status":"publish","type":"post","link":"https:\/\/blogdoeloiltoncajuhy.com.br\/site\/governo-da-bahia-abre-inscricoes-para-57-mil-vagas-do-partiu-estagio-senhor-do-bonfim-tera-mais-de-30-oportunidades\/","title":{"rendered":"Governo da Bahia abre inscri\u00e7\u00f5es para 5,7 mil vagas do Partiu Est\u00e1gio; Senhor do Bonfim ter\u00e1 mais de 30 oportunidades"},"content":{"rendered":"\n<p class=\"has-medium-font-size wp-block-paragraph\">Programa oferece vagas de n\u00edvel superior em diversos \u00f3rg\u00e3os e \u00e1reas; inscri\u00e7\u00f5es come\u00e7am nesta quarta-feira (2).<\/p>\n\n\n\n<p class=\"wp-block-paragraph\"><strong>Por Blog do Eloilton Cajuhy \u2013 BEC<\/strong><\/p>\n\n\n\n<p class=\"wp-block-paragraph\">&#x1f4f2;\u00a0<a href=\"https:\/\/whatsapp.com\/channel\/0029VaAT7tDLI8Yfj5y9Z50Z\"><strong><mark style=\"background-color:rgba(0, 0, 0, 0)\" class=\"has-inline-color has-luminous-vivid-orange-color\">Siga o canal do BEC no WhatsApp<\/mark><\/strong><\/a><\/p>\n\n\n\n<figure class=\"wp-block-image aligncenter size-full\"><a href=\"https:\/\/i0.wp.com\/blogdoeloiltoncajuhy.com.br\/site\/wp-content\/uploads\/2021\/10\/partiu-estagio-camilasouzagovba.jpg\"><img data-recalc-dims=\"1\" fetchpriority=\"high\" decoding=\"async\" width=\"800\" height=\"533\" src=\"https:\/\/i0.wp.com\/blogdoeloiltoncajuhy.com.br\/site\/wp-content\/uploads\/2021\/10\/partiu-estagio-camilasouzagovba.jpg?resize=800%2C533\" alt=\"\" class=\"wp-image-60158\" srcset=\"https:\/\/i0.wp.com\/blogdoeloiltoncajuhy.com.br\/site\/wp-content\/uploads\/2021\/10\/partiu-estagio-camilasouzagovba.jpg?w=984&amp;ssl=1 984w, https:\/\/i0.wp.com\/blogdoeloiltoncajuhy.com.br\/site\/wp-content\/uploads\/2021\/10\/partiu-estagio-camilasouzagovba.jpg?resize=300%2C200&amp;ssl=1 300w, https:\/\/i0.wp.com\/blogdoeloiltoncajuhy.com.br\/site\/wp-content\/uploads\/2021\/10\/partiu-estagio-camilasouzagovba.jpg?resize=768%2C512&amp;ssl=1 768w\" sizes=\"(max-width: 800px) 100vw, 800px\" \/><\/a><figcaption class=\"wp-element-caption\"><sub>&#x1f4f7; Camila Souza-GOVBA<\/sub><\/figcaption><\/figure>\n\n\n\n<p class=\"wp-block-paragraph\">O Governo do Estado da Bahia abre, nesta quarta-feira (2), as inscri\u00e7\u00f5es para o novo edital do <strong>Partiu Est\u00e1gio<\/strong>, programa que oferece <strong>5.718 vagas para estudantes de n\u00edvel superior<\/strong> em \u00f3rg\u00e3os da administra\u00e7\u00e3o p\u00fablica estadual.<\/p>\n\n\n\n<p class=\"wp-block-paragraph\">Em <strong>Senhor do Bonfim<\/strong>, s\u00e3o disponibilizadas <strong>mais de 30 vagas<\/strong>, contemplando \u00f3rg\u00e3os como <strong>ADAB, CAR, SDR, SEC, DPT e SESAB<\/strong>.<\/p>\n\n\n\n<p class=\"wp-block-paragraph\">Entre os cursos com oportunidades est\u00e3o <strong><mark style=\"background-color:rgba(0, 0, 0, 0)\" class=\"has-inline-color has-black-color\">Administra\u00e7\u00e3o, Agronomia, Servi\u00e7o Social, Psicologia, Engenharia Agron\u00f4mica, Ci\u00eancias Biol\u00f3gicas, Ci\u00eancias Cont\u00e1beis, Direito, Educa\u00e7\u00e3o F\u00edsica, Geografia, Inform\u00e1tica, Letras, Matem\u00e1tica, Nutri\u00e7\u00e3o, Farm\u00e1cia, Qu\u00edmica, Enfermagem e Pedagogia<\/mark><\/strong>, entre outros.<\/p>\n\n\n\n<h3 class=\"wp-block-heading\"><mark style=\"background-color:rgba(0, 0, 0, 0)\" class=\"has-inline-color has-black-color\">Quem pode participar<\/mark><\/h3>\n\n\n\n<p class=\"wp-block-paragraph\">Podem se cadastrar estudantes que tenham <strong>16 anos ou mais<\/strong>, tenham conclu\u00eddo pelo menos <strong>50% da carga hor\u00e1ria do curso<\/strong>, estejam regularmente matriculados em gradua\u00e7\u00e3o presencial, semipresencial ou EAD com sede\/polo na Bahia e sejam residentes no estado.<\/p>\n\n\n\n<p class=\"wp-block-paragraph\">O est\u00e1gio ter\u00e1 dura\u00e7\u00e3o de <strong>um ano, sem possibilidade de prorroga\u00e7\u00e3o<\/strong>, com carga hor\u00e1ria de <strong>quatro horas di\u00e1rias e 20 horas semanais<\/strong>.<\/p>\n\n\n\n<p class=\"wp-block-paragraph\">A bolsa-est\u00e1gio ser\u00e1 de <strong>R$ 607<\/strong>, al\u00e9m de aux\u00edlio-transporte. Para algumas entidades espec\u00edficas, como a Desenbahia e a Bahiag\u00e1s, os valores e benef\u00edcios s\u00e3o diferenciados.<\/p>\n\n\n\n<h3 class=\"wp-block-heading\"><mark style=\"background-color:rgba(0, 0, 0, 0)\" class=\"has-inline-color has-black-color\">Inscri\u00e7\u00f5es<\/mark><\/h3>\n\n\n\n<p class=\"wp-block-paragraph\">As inscri\u00e7\u00f5es ser\u00e3o realizadas <strong>exclusivamente pela internet<\/strong>, das <strong>9h do dia 2 de setembro at\u00e9 as 23h59 do dia 2 de outubro de 2026<\/strong>, por meio da plataforma <strong>BA.GOV.BR<\/strong>.<\/p>\n\n\n\n<p class=\"wp-block-paragraph\">O estudante poder\u00e1 escolher <strong>at\u00e9 tr\u00eas op\u00e7\u00f5es de local de est\u00e1gio<\/strong>, considerando o curso, turno de estudo e munic\u00edpio onde estuda ou reside.<\/p>\n\n\n\n<p class=\"wp-block-paragraph\">A confirma\u00e7\u00e3o da inscri\u00e7\u00e3o poder\u00e1 ser verificada no campo <strong>\u201cMeus Servi\u00e7os\u201d<\/strong> da plataforma.<\/p>\n","protected":false},"excerpt":{"rendered":"<p>Programa oferece vagas de n\u00edvel superior em diversos \u00f3rg\u00e3os e \u00e1reas; inscri\u00e7\u00f5es come\u00e7am nesta quarta-feira (2). Por Blog do Eloilton Cajuhy \u2013 BEC &#x1f4f2;\u00a0Siga o canal do BEC no WhatsApp O Governo do Estado da Bahia abre, nesta quarta-feira (2), as inscri\u00e7\u00f5es para o novo edital do Partiu Est\u00e1gio, programa que oferece 5.718 vagas para [&hellip;]<\/p>\n","protected":false},"author":2,"featured_media":63289,"comment_status":"open","ping_status":"open","sticky":false,"template":"","format":"standard","meta":{"_acf_changed":false,"_monsterinsights_skip_tracking":false,"_monsterinsights_sitenote_active":false,"_monsterinsights_sitenote_note":"","_monsterinsights_sitenote_category":0,"_jetpack_newsletter_access":"","_jetpack_dont_email_post_to_subs":false,"_jetpack_newsletter_tier_id":0,"_jetpack_memberships_contains_paywalled_content":false,"_jetpack_feature_clip_id":0,"_jetpack_memberships_contains_paid_content":false,"footnotes":"","jetpack_publicize_message":"","jetpack_publicize_feature_enabled":true,"jetpack_social_post_already_shared":true,"jetpack_social_options":{"image_generator_settings":{"template":"highway","default_image_id":0,"font":"","enabled":false},"version":2},"jetpack_post_was_ever_published":false},"categories":[14],"tags":[],"class_list":["post-97967","post","type-post","status-publish","format-standard","has-post-thumbnail","hentry","category-educacao"],"acf":[],"jetpack_publicize_connections":[],"jetpack_sharing_enabled":true,"publishpress_future_workflow_manual_trigger":{"enabledWorkflows":[]},"jetpack_featured_media_url":"https:\/\/i0.wp.com\/blogdoeloiltoncajuhy.com.br\/site\/wp-content\/uploads\/2022\/03\/GOVBA_Partiu-Estagio-Carol-Garcia.jpg?fit=696%2C464&ssl=1","_links":{"self":[{"href":"https:\/\/blogdoeloiltoncajuhy.com.br\/site\/wp-json\/wp\/v2\/posts\/97967","targetHints":{"allow":["GET"]}}],"collection":[{"href":"https:\/\/blogdoeloiltoncajuhy.com.br\/site\/wp-json\/wp\/v2\/posts"}],"about":[{"href":"https:\/\/blogdoeloiltoncajuhy.com.br\/site\/wp-json\/wp\/v2\/types\/post"}],"author":[{"embeddable":true,"href":"https:\/\/blogdoeloiltoncajuhy.com.br\/site\/wp-json\/wp\/v2\/users\/2"}],"replies":[{"embeddable":true,"href":"https:\/\/blogdoeloiltoncajuhy.com.br\/site\/wp-json\/wp\/v2\/comments?post=97967"}],"version-history":[{"count":1,"href":"https:\/\/blogdoeloiltoncajuhy.com.br\/site\/wp-json\/wp\/v2\/posts\/97967\/revisions"}],"predecessor-version":[{"id":97968,"href":"https:\/\/blogdoeloiltoncajuhy.com.br\/site\/wp-json\/wp\/v2\/posts\/97967\/revisions\/97968"}],"wp:featuredmedia":[{"embeddable":true,"href":"https:\/\/blogdoeloiltoncajuhy.com.br\/site\/wp-json\/wp\/v2\/media\/63289"}],"wp:attachment":[{"href":"https:\/\/blogdoeloiltoncajuhy.com.br\/site\/wp-json\/wp\/v2\/media?parent=97967"}],"wp:term":[{"taxonomy":"category","embeddable":true,"href":"https:\/\/blogdoeloiltoncajuhy.com.br\/site\/wp-json\/wp\/v2\/categories?post=97967"},{"taxonomy":"post_tag","embeddable":true,"href":"https:\/\/blogdoeloiltoncajuhy.com.br\/site\/wp-json\/wp\/v2\/tags?post=97967"}],"curies":[{"name":"wp","href":"https:\/\/api.w.org\/{rel}","templated":true}]}}