{"id":97961,"date":"2026-08-31T20:25:07","date_gmt":"2026-08-31T23:25:07","guid":{"rendered":"https:\/\/blogdoeloiltoncajuhy.com.br\/site\/?p=97961"},"modified":"2026-08-31T20:25:08","modified_gmt":"2026-08-31T23:25:08","slug":"corpo-do-jornalista-carlos-monforte-sera-velado-nesta-terca-em-brasilia","status":"publish","type":"post","link":"https:\/\/blogdoeloiltoncajuhy.com.br\/site\/corpo-do-jornalista-carlos-monforte-sera-velado-nesta-terca-em-brasilia\/","title":{"rendered":"Corpo do jornalista Carlos Monforte ser\u00e1 velado nesta ter\u00e7a em Bras\u00edlia"},"content":{"rendered":"\n<p class=\"has-medium-font-size wp-block-paragraph\">Monforte come\u00e7ou na Globo como rep\u00f3rter local, e passou por telejornais como Jornal da Globo e Bom Dia S\u00e3o Paulo, al\u00e9m da GloboNews.<\/p>\n\n\n\n<p class=\"wp-block-paragraph\"><strong>Blog do Eloilton Cajuhy \u2013 BEC<\/strong><\/p>\n\n\n\n<p class=\"wp-block-paragraph\">&#x1f4f2;\u00a0<a href=\"https:\/\/whatsapp.com\/channel\/0029VaAT7tDLI8Yfj5y9Z50Z\"><strong><mark style=\"background-color:rgba(0, 0, 0, 0)\" class=\"has-inline-color has-luminous-vivid-orange-color\">Siga o canal do BEC no WhatsApp<\/mark><\/strong><\/a><\/p>\n\n\n\n<figure class=\"wp-block-image aligncenter size-full\"><a href=\"https:\/\/i0.wp.com\/blogdoeloiltoncajuhy.com.br\/site\/wp-content\/uploads\/2026\/08\/Carlos-Monforte-%E2%80%94-Acervo-TV-Globo.jpg?ssl=1\"><img data-recalc-dims=\"1\" fetchpriority=\"high\" decoding=\"async\" width=\"768\" height=\"511\" src=\"https:\/\/i0.wp.com\/blogdoeloiltoncajuhy.com.br\/site\/wp-content\/uploads\/2026\/08\/Carlos-Monforte-%E2%80%94-Acervo-TV-Globo.jpg?resize=768%2C511&#038;ssl=1\" alt=\"\" class=\"wp-image-97962\" srcset=\"https:\/\/i0.wp.com\/blogdoeloiltoncajuhy.com.br\/site\/wp-content\/uploads\/2026\/08\/Carlos-Monforte-%E2%80%94-Acervo-TV-Globo.jpg?w=768&amp;ssl=1 768w, https:\/\/i0.wp.com\/blogdoeloiltoncajuhy.com.br\/site\/wp-content\/uploads\/2026\/08\/Carlos-Monforte-%E2%80%94-Acervo-TV-Globo.jpg?resize=300%2C200&amp;ssl=1 300w\" sizes=\"(max-width: 768px) 100vw, 768px\" \/><\/a><figcaption class=\"wp-element-caption\"><sub>Carlos Monforte \u2014 &#x1f4f7; Acervo TV Globo<\/sub><\/figcaption><\/figure>\n\n\n\n<p class=\"wp-block-paragraph\">O jornalista <strong><mark style=\"background-color:rgba(0, 0, 0, 0)\" class=\"has-inline-color has-black-color\">Carlos Monforte<\/mark><\/strong> morreu, nesta segunda-feira (31), aos 77 anos. A informa\u00e7\u00e3o foi confirmada \u00e0 <strong>TV Globo<\/strong> pela fam\u00edlia do jornalista, que fazia tratamento contra um c\u00e2ncer. O vel\u00f3rio acontece nesta ter\u00e7a-feira (1\u00ba) em Bras\u00edlia.<\/p>\n\n\n\n<p class=\"wp-block-paragraph\">Formado pela Faculdade de Comunica\u00e7\u00e3o de\u00a0Santos\u00a0em 1972,\u00a0<strong><mark style=\"background-color:rgba(0, 0, 0, 0)\" class=\"has-inline-color has-black-color\">Carlos Am\u00e9rico Aguiar Monforte<\/mark><\/strong>\u00a0passou pelos jornais\u00a0<em>A Tribuna<\/em>, de Santos, e\u00a0<em>Estado de S\u00e3o Paulo<\/em>.<\/p>\n\n\n\n<p class=\"wp-block-paragraph\">O jornalista come\u00e7ou a trabalhar na Globo em 1978. Foi contratado como rep\u00f3rter local, mas logo come\u00e7ou a produzir reportagens para o&nbsp;<strong>Jornal Nacional<\/strong>&nbsp;e para o&nbsp;<strong>Fant\u00e1stico<\/strong>.<\/p>\n\n\n\n<p class=\"wp-block-paragraph\">Na \u00e9poca, participou de coberturas importantes como as greves de metal\u00fargicos no ABC Paulista. Em 1982, ele assumiu a editoria de pol\u00edtica do&nbsp;<strong>Jornal da Globo<\/strong>. No mesmo ano, virou editor e apresentador do&nbsp;<strong>Bom Dia S\u00e3o Paulo<\/strong>.<\/p>\n\n\n\n<p class=\"wp-block-paragraph\">Com a cria\u00e7\u00e3o do&nbsp;<strong>Bom Dia Brasil<\/strong>, em janeiro de 1983, Carlos Monforte assumiu o cargo de editor-chefe e apresentador do programa. Monforte esteve \u00e0 frente do telejornal por nove anos.<\/p>\n\n\n\n<p class=\"wp-block-paragraph\">Em 1998, Monforte atuou no&nbsp;<strong>Espa\u00e7o Aberto<\/strong>, da GloboNews. No final de 2000, assumiu o cargo de coordenador da GloboNews em Bras\u00edlia e foi apresentador do Jornal das Dez da capital federal.<\/p>\n\n\n\n<p class=\"wp-block-paragraph\">O jornalista deixou a Globo em 2016.<\/p>\n","protected":false},"excerpt":{"rendered":"<p>Monforte come\u00e7ou na Globo como rep\u00f3rter local, e passou por telejornais como Jornal da Globo e Bom Dia S\u00e3o Paulo, al\u00e9m da GloboNews. Blog do Eloilton Cajuhy \u2013 BEC &#x1f4f2;\u00a0Siga o canal do BEC no WhatsApp O jornalista Carlos Monforte morreu, nesta segunda-feira (31), aos 77 anos. A informa\u00e7\u00e3o foi confirmada \u00e0 TV Globo pela [&hellip;]<\/p>\n","protected":false},"author":2,"featured_media":97962,"comment_status":"open","ping_status":"open","sticky":false,"template":"","format":"standard","meta":{"_acf_changed":false,"_monsterinsights_skip_tracking":false,"_monsterinsights_sitenote_active":false,"_monsterinsights_sitenote_note":"","_monsterinsights_sitenote_category":0,"_jetpack_newsletter_access":"","_jetpack_dont_email_post_to_subs":false,"_jetpack_newsletter_tier_id":0,"_jetpack_memberships_contains_paywalled_content":false,"_jetpack_feature_clip_id":0,"_jetpack_memberships_contains_paid_content":false,"footnotes":"","jetpack_publicize_message":"","jetpack_publicize_feature_enabled":true,"jetpack_social_post_already_shared":false,"jetpack_social_options":{"image_generator_settings":{"template":"highway","default_image_id":0,"font":"","enabled":false},"version":2},"jetpack_post_was_ever_published":false},"categories":[1],"tags":[],"class_list":["post-97961","post","type-post","status-publish","format-standard","has-post-thumbnail","hentry","category-noticias"],"acf":[],"jetpack_publicize_connections":[],"jetpack_sharing_enabled":true,"publishpress_future_workflow_manual_trigger":{"enabledWorkflows":[]},"jetpack_featured_media_url":"https:\/\/i0.wp.com\/blogdoeloiltoncajuhy.com.br\/site\/wp-content\/uploads\/2026\/08\/Carlos-Monforte-%E2%80%94-Acervo-TV-Globo.jpg?fit=768%2C511&ssl=1","_links":{"self":[{"href":"https:\/\/blogdoeloiltoncajuhy.com.br\/site\/wp-json\/wp\/v2\/posts\/97961","targetHints":{"allow":["GET"]}}],"collection":[{"href":"https:\/\/blogdoeloiltoncajuhy.com.br\/site\/wp-json\/wp\/v2\/posts"}],"about":[{"href":"https:\/\/blogdoeloiltoncajuhy.com.br\/site\/wp-json\/wp\/v2\/types\/post"}],"author":[{"embeddable":true,"href":"https:\/\/blogdoeloiltoncajuhy.com.br\/site\/wp-json\/wp\/v2\/users\/2"}],"replies":[{"embeddable":true,"href":"https:\/\/blogdoeloiltoncajuhy.com.br\/site\/wp-json\/wp\/v2\/comments?post=97961"}],"version-history":[{"count":1,"href":"https:\/\/blogdoeloiltoncajuhy.com.br\/site\/wp-json\/wp\/v2\/posts\/97961\/revisions"}],"predecessor-version":[{"id":97963,"href":"https:\/\/blogdoeloiltoncajuhy.com.br\/site\/wp-json\/wp\/v2\/posts\/97961\/revisions\/97963"}],"wp:featuredmedia":[{"embeddable":true,"href":"https:\/\/blogdoeloiltoncajuhy.com.br\/site\/wp-json\/wp\/v2\/media\/97962"}],"wp:attachment":[{"href":"https:\/\/blogdoeloiltoncajuhy.com.br\/site\/wp-json\/wp\/v2\/media?parent=97961"}],"wp:term":[{"taxonomy":"category","embeddable":true,"href":"https:\/\/blogdoeloiltoncajuhy.com.br\/site\/wp-json\/wp\/v2\/categories?post=97961"},{"taxonomy":"post_tag","embeddable":true,"href":"https:\/\/blogdoeloiltoncajuhy.com.br\/site\/wp-json\/wp\/v2\/tags?post=97961"}],"curies":[{"name":"wp","href":"https:\/\/api.w.org\/{rel}","templated":true}]}}