{"id":97957,"date":"2026-08-31T19:40:07","date_gmt":"2026-08-31T22:40:07","guid":{"rendered":"https:\/\/blogdoeloiltoncajuhy.com.br\/site\/?p=97957"},"modified":"2026-08-31T19:40:08","modified_gmt":"2026-08-31T22:40:08","slug":"criancas-da-mesma-familia-que-morreram-afogadas-em-acude-na-bahia-brincavam-com-barco-improvisado","status":"publish","type":"post","link":"https:\/\/blogdoeloiltoncajuhy.com.br\/site\/criancas-da-mesma-familia-que-morreram-afogadas-em-acude-na-bahia-brincavam-com-barco-improvisado\/","title":{"rendered":"Crian\u00e7as da mesma fam\u00edlia que morreram afogadas em a\u00e7ude na Bahia brincavam com barco improvisado"},"content":{"rendered":"\n<p class=\"has-medium-font-size wp-block-paragraph\">Acidente aconteceu na cidade de Paramirim, no sudoeste da Bahia. V\u00edtimas eram irm\u00e3os e primo, com idades entre 3 e 10 anos.<\/p>\n\n\n\n<p class=\"wp-block-paragraph\"><strong>Blog do Eloilton Cajuhy \u2013 BEC<\/strong><\/p>\n\n\n\n<p class=\"wp-block-paragraph\">&#x1f4f2;\u00a0<a href=\"https:\/\/whatsapp.com\/channel\/0029VaAT7tDLI8Yfj5y9Z50Z\"><strong><mark style=\"background-color:rgba(0, 0, 0, 0)\" class=\"has-inline-color has-luminous-vivid-orange-color\">Siga o canal do BEC no WhatsApp<\/mark><\/strong><\/a><\/p>\n\n\n\n<figure class=\"wp-block-image aligncenter size-full\"><a href=\"https:\/\/i0.wp.com\/blogdoeloiltoncajuhy.com.br\/site\/wp-content\/uploads\/2026\/08\/Criancas-se-afogaram-enquanto-brincavam-em-acude-no-interior-da-Bahia-%E2%80%94-Redes-Sociais.jpg?ssl=1\"><img data-recalc-dims=\"1\" fetchpriority=\"high\" decoding=\"async\" width=\"680\" height=\"426\" src=\"https:\/\/i0.wp.com\/blogdoeloiltoncajuhy.com.br\/site\/wp-content\/uploads\/2026\/08\/Criancas-se-afogaram-enquanto-brincavam-em-acude-no-interior-da-Bahia-%E2%80%94-Redes-Sociais.jpg?resize=680%2C426&#038;ssl=1\" alt=\"\" class=\"wp-image-97958\" srcset=\"https:\/\/i0.wp.com\/blogdoeloiltoncajuhy.com.br\/site\/wp-content\/uploads\/2026\/08\/Criancas-se-afogaram-enquanto-brincavam-em-acude-no-interior-da-Bahia-%E2%80%94-Redes-Sociais.jpg?w=680&amp;ssl=1 680w, https:\/\/i0.wp.com\/blogdoeloiltoncajuhy.com.br\/site\/wp-content\/uploads\/2026\/08\/Criancas-se-afogaram-enquanto-brincavam-em-acude-no-interior-da-Bahia-%E2%80%94-Redes-Sociais.jpg?resize=300%2C188&amp;ssl=1 300w\" sizes=\"(max-width: 680px) 100vw, 680px\" \/><\/a><figcaption class=\"wp-element-caption\"><sub>Crian\u00e7as se afogaram enquanto brincavam em a\u00e7ude no interior da Bahia \u2014 &#x1f4f7; Redes Sociais<\/sub><\/figcaption><\/figure>\n\n\n\n<p class=\"wp-block-paragraph\">As quatro crian\u00e7as da mesma fam\u00edlia que morreram afogadas na zona rural de Paramirim, no sudoeste da Bahia, brincavam com um barco improvisado. O acidente aconteceu no domingo (30), em um a\u00e7ude da regi\u00e3o.<\/p>\n\n\n\n<p class=\"wp-block-paragraph\">Ao todo, cinco crian\u00e7as brincavam com um cocho, recipiente utilizado para colocar a ra\u00e7\u00e3o de animais. As cinco crian\u00e7as colocaram o cocho na margem da \u00e1gua e entraram no recipiente, que se deslocou para dentro do a\u00e7ude.<\/p>\n\n\n\n<p class=\"wp-block-paragraph\">Devido ao peso do grupo, o cocho come\u00e7ou a afundar. Apenas uma crian\u00e7a do grupo, o menino mais velho, de 11 anos, conseguiu se salvar. As outras quatro crian\u00e7as, que n\u00e3o sabiam nadar, se afogaram.<\/p>\n\n\n\n<p class=\"wp-block-paragraph\">As v\u00edtimas foram identificadas como os tr\u00eas irm\u00e3os:<\/p>\n\n\n\n<ul class=\"wp-block-list\">\n<li>Jeferson Davi da Silva Oliveira, de 9 anos;<\/li>\n\n\n\n<li>Jacson Diego Silva Oliveira, de 6 anos;<\/li>\n\n\n\n<li>e Jos\u00e9 Diogo da Silva Oliveira, de 3 anos;<\/li>\n<\/ul>\n\n\n\n<p class=\"wp-block-paragraph\"><\/p>\n\n\n\n<p class=\"wp-block-paragraph\">E o primo deles:<\/p>\n\n\n\n<ul class=\"wp-block-list\">\n<li>Lorenzo Almeida Cardoso, de 8 anos.<\/li>\n<\/ul>\n\n\n\n<p class=\"wp-block-paragraph\"><\/p>\n\n\n\n<figure class=\"wp-block-image aligncenter size-full\"><a href=\"https:\/\/i0.wp.com\/blogdoeloiltoncajuhy.com.br\/site\/wp-content\/uploads\/2026\/08\/Acude-onde-corpos-de-crianca-foram-encontrados-%E2%80%94-Redes-Sociais.jpg?ssl=1\"><img data-recalc-dims=\"1\" decoding=\"async\" width=\"680\" height=\"426\" src=\"https:\/\/i0.wp.com\/blogdoeloiltoncajuhy.com.br\/site\/wp-content\/uploads\/2026\/08\/Acude-onde-corpos-de-crianca-foram-encontrados-%E2%80%94-Redes-Sociais.jpg?resize=680%2C426&#038;ssl=1\" alt=\"\" class=\"wp-image-97959\" srcset=\"https:\/\/i0.wp.com\/blogdoeloiltoncajuhy.com.br\/site\/wp-content\/uploads\/2026\/08\/Acude-onde-corpos-de-crianca-foram-encontrados-%E2%80%94-Redes-Sociais.jpg?w=680&amp;ssl=1 680w, https:\/\/i0.wp.com\/blogdoeloiltoncajuhy.com.br\/site\/wp-content\/uploads\/2026\/08\/Acude-onde-corpos-de-crianca-foram-encontrados-%E2%80%94-Redes-Sociais.jpg?resize=300%2C188&amp;ssl=1 300w\" sizes=\"(max-width: 680px) 100vw, 680px\" \/><\/a><figcaption class=\"wp-element-caption\"><sub>A\u00e7ude onde corpos de crian\u00e7a foram encontrados \u2014 &#x1f4f7; Redes Sociais<\/sub><\/figcaption><\/figure>\n\n\n\n<p class=\"wp-block-paragraph\">A crian\u00e7a que conseguiu se salvar era o irm\u00e3o mais velho de Jeferson, Jacson e Jos\u00e9. Todos eles moravam na mesma rua e costumavam brincar juntos.<\/p>\n\n\n\n<p class=\"wp-block-paragraph\">Dois adultos, tios das crian\u00e7as, tentaram salv\u00e1-las, mas s\u00f3 conseguiram ajudar o menino mais velho. Segundo apura\u00e7\u00e3o da <strong>TV Sudoeste<\/strong>, um dos tios est\u00e1 internado em uma unidade de sa\u00fade da cidade.<\/p>\n\n\n\n<p class=\"wp-block-paragraph\">O Servi\u00e7o de Atendimento M\u00f3vel de Urg\u00eancia (Samu) e o Corpo de Bombeiros foram chamados, mas as crian\u00e7as j\u00e1 estavam mortas quando os profissionais chegaram ao local.<\/p>\n\n\n\n<p class=\"wp-block-paragraph\">Os corpos dos tr\u00eas irm\u00e3os s\u00e3o velados na casa da fam\u00edlia, em Paramirim, nesta segunda-feira (31). Houve uma missa e, logo em seguida, eles foram enterrados no cemit\u00e9rio da cidade. O corpo do primo, Lorenzo, ser\u00e1 enterrado na cidade de Maca\u00fabas, cidade que fica a 5 km de Paramirim.<\/p>\n","protected":false},"excerpt":{"rendered":"<p>Acidente aconteceu na cidade de Paramirim, no sudoeste da Bahia. V\u00edtimas eram irm\u00e3os e primo, com idades entre 3 e 10 anos. Blog do Eloilton Cajuhy \u2013 BEC &#x1f4f2;\u00a0Siga o canal do BEC no WhatsApp As quatro crian\u00e7as da mesma fam\u00edlia que morreram afogadas na zona rural de Paramirim, no sudoeste da Bahia, brincavam com [&hellip;]<\/p>\n","protected":false},"author":2,"featured_media":97958,"comment_status":"open","ping_status":"open","sticky":false,"template":"","format":"standard","meta":{"_acf_changed":false,"_monsterinsights_skip_tracking":false,"_monsterinsights_sitenote_active":false,"_monsterinsights_sitenote_note":"","_monsterinsights_sitenote_category":0,"_jetpack_newsletter_access":"","_jetpack_dont_email_post_to_subs":false,"_jetpack_newsletter_tier_id":0,"_jetpack_memberships_contains_paywalled_content":false,"_jetpack_feature_clip_id":0,"_jetpack_memberships_contains_paid_content":false,"footnotes":"","jetpack_publicize_message":"","jetpack_publicize_feature_enabled":true,"jetpack_social_post_already_shared":false,"jetpack_social_options":{"image_generator_settings":{"template":"highway","default_image_id":0,"font":"","enabled":false},"version":2},"jetpack_post_was_ever_published":false},"categories":[15],"tags":[],"class_list":["post-97957","post","type-post","status-publish","format-standard","has-post-thumbnail","hentry","category-policia"],"acf":[],"jetpack_publicize_connections":[],"jetpack_sharing_enabled":true,"publishpress_future_workflow_manual_trigger":{"enabledWorkflows":[]},"jetpack_featured_media_url":"https:\/\/i0.wp.com\/blogdoeloiltoncajuhy.com.br\/site\/wp-content\/uploads\/2026\/08\/Criancas-se-afogaram-enquanto-brincavam-em-acude-no-interior-da-Bahia-%E2%80%94-Redes-Sociais.jpg?fit=680%2C426&ssl=1","_links":{"self":[{"href":"https:\/\/blogdoeloiltoncajuhy.com.br\/site\/wp-json\/wp\/v2\/posts\/97957","targetHints":{"allow":["GET"]}}],"collection":[{"href":"https:\/\/blogdoeloiltoncajuhy.com.br\/site\/wp-json\/wp\/v2\/posts"}],"about":[{"href":"https:\/\/blogdoeloiltoncajuhy.com.br\/site\/wp-json\/wp\/v2\/types\/post"}],"author":[{"embeddable":true,"href":"https:\/\/blogdoeloiltoncajuhy.com.br\/site\/wp-json\/wp\/v2\/users\/2"}],"replies":[{"embeddable":true,"href":"https:\/\/blogdoeloiltoncajuhy.com.br\/site\/wp-json\/wp\/v2\/comments?post=97957"}],"version-history":[{"count":1,"href":"https:\/\/blogdoeloiltoncajuhy.com.br\/site\/wp-json\/wp\/v2\/posts\/97957\/revisions"}],"predecessor-version":[{"id":97960,"href":"https:\/\/blogdoeloiltoncajuhy.com.br\/site\/wp-json\/wp\/v2\/posts\/97957\/revisions\/97960"}],"wp:featuredmedia":[{"embeddable":true,"href":"https:\/\/blogdoeloiltoncajuhy.com.br\/site\/wp-json\/wp\/v2\/media\/97958"}],"wp:attachment":[{"href":"https:\/\/blogdoeloiltoncajuhy.com.br\/site\/wp-json\/wp\/v2\/media?parent=97957"}],"wp:term":[{"taxonomy":"category","embeddable":true,"href":"https:\/\/blogdoeloiltoncajuhy.com.br\/site\/wp-json\/wp\/v2\/categories?post=97957"},{"taxonomy":"post_tag","embeddable":true,"href":"https:\/\/blogdoeloiltoncajuhy.com.br\/site\/wp-json\/wp\/v2\/tags?post=97957"}],"curies":[{"name":"wp","href":"https:\/\/api.w.org\/{rel}","templated":true}]}}