{"id":97955,"date":"2026-08-31T19:10:05","date_gmt":"2026-08-31T22:10:05","guid":{"rendered":"https:\/\/blogdoeloiltoncajuhy.com.br\/site\/?p=97955"},"modified":"2026-08-31T19:10:07","modified_gmt":"2026-08-31T22:10:07","slug":"if-baiano-abre-inscricoes-para-155-vagas-em-cursos-tecnicos-gratuitos-em-senhor-do-bonfim","status":"publish","type":"post","link":"https:\/\/blogdoeloiltoncajuhy.com.br\/site\/if-baiano-abre-inscricoes-para-155-vagas-em-cursos-tecnicos-gratuitos-em-senhor-do-bonfim\/","title":{"rendered":"IF Baiano abre inscri\u00e7\u00f5es para 155 vagas em cursos t\u00e9cnicos gratuitos em Senhor do Bonfim"},"content":{"rendered":"\n<p class=\"has-medium-font-size wp-block-paragraph\">Oportunidades s\u00e3o para Agrimensura, Inform\u00e1tica e Zootecnia; cursos t\u00eam dura\u00e7\u00e3o de 18 meses e aulas no turno da manh\u00e3.<\/p>\n\n\n\n<p class=\"wp-block-paragraph\"><strong>Por Blog do Eloilton Cajuhy \u2013 BEC<\/strong><\/p>\n\n\n\n<p class=\"wp-block-paragraph\">&#x1f4f2;\u00a0<a href=\"https:\/\/whatsapp.com\/channel\/0029VaAT7tDLI8Yfj5y9Z50Z\"><strong><mark style=\"background-color:rgba(0, 0, 0, 0)\" class=\"has-inline-color has-luminous-vivid-orange-color\">Siga o canal do BEC no WhatsApp<\/mark><\/strong><\/a><\/p>\n\n\n\n<figure class=\"wp-block-image aligncenter size-full is-resized\"><a href=\"https:\/\/i0.wp.com\/blogdoeloiltoncajuhy.com.br\/site\/wp-content\/uploads\/2025\/10\/IF-Baiano_Senhor-do-Bonfim-Reproducao.jpg\"><img data-recalc-dims=\"1\" fetchpriority=\"high\" decoding=\"async\" width=\"575\" height=\"250\" src=\"https:\/\/i0.wp.com\/blogdoeloiltoncajuhy.com.br\/site\/wp-content\/uploads\/2025\/10\/IF-Baiano_Senhor-do-Bonfim-Reproducao.jpg?resize=575%2C250\" alt=\"\" class=\"wp-image-90933\" style=\"width:708px;height:auto\" srcset=\"https:\/\/i0.wp.com\/blogdoeloiltoncajuhy.com.br\/site\/wp-content\/uploads\/2025\/10\/IF-Baiano_Senhor-do-Bonfim-Reproducao.jpg?w=575&amp;ssl=1 575w, https:\/\/i0.wp.com\/blogdoeloiltoncajuhy.com.br\/site\/wp-content\/uploads\/2025\/10\/IF-Baiano_Senhor-do-Bonfim-Reproducao.jpg?resize=300%2C130&amp;ssl=1 300w\" sizes=\"(max-width: 575px) 100vw, 575px\" \/><\/a><figcaption class=\"wp-element-caption\"><sub>IF Baiano Senhor do Bonfim &#8211; &#x1f4f7; Reprodu\u00e7\u00e3o<\/sub><\/figcaption><\/figure>\n\n\n\n<p class=\"wp-block-paragraph\"><strong>Senhor do Bonfim est\u00e1 entre os munic\u00edpios contemplados pelo novo edital do Instituto Federal Baiano (IF Baiano), que abriu nesta segunda-feira (31) as inscri\u00e7\u00f5es para cursos t\u00e9cnicos gratuitos com ingresso no ano letivo de 2027.<\/strong> Ao todo, o Campus Senhor do Bonfim oferece <strong>155 vagas<\/strong> para quem j\u00e1 concluiu o Ensino M\u00e9dio.<\/p>\n\n\n\n<p class=\"wp-block-paragraph\">As oportunidades est\u00e3o distribu\u00eddas em tr\u00eas cursos presenciais: <strong>Agrimensura, Inform\u00e1tica e Zootecnia<\/strong>. As aulas ser\u00e3o realizadas no <strong>turno matutino<\/strong>, e os cursos t\u00eam dura\u00e7\u00e3o de <strong>18 meses<\/strong>.<\/p>\n\n\n\n<h3 class=\"wp-block-heading\"><mark style=\"background-color:rgba(0, 0, 0, 0)\" class=\"has-inline-color has-black-color\">Confira as vagas em Senhor do Bonfim<\/mark><\/h3>\n\n\n\n<ul class=\"wp-block-list\">\n<li><strong><mark style=\"background-color:rgba(0, 0, 0, 0)\" class=\"has-inline-color has-black-color\">Agrimensura:<\/mark><\/strong> 35 vagas<\/li>\n\n\n\n<li><strong><mark style=\"background-color:rgba(0, 0, 0, 0)\" class=\"has-inline-color has-black-color\">Inform\u00e1tica:<\/mark><\/strong> 40 vagas<\/li>\n\n\n\n<li><strong><mark style=\"background-color:rgba(0, 0, 0, 0)\" class=\"has-inline-color has-black-color\">Zootecnia:<\/mark><\/strong> 80 vagas<\/li>\n<\/ul>\n\n\n\n<p class=\"wp-block-paragraph\"><\/p>\n\n\n\n<p class=\"wp-block-paragraph\">A oferta atende n\u00e3o apenas moradores de Senhor do Bonfim, mas tamb\u00e9m estudantes de munic\u00edpios da regi\u00e3o que buscam uma forma\u00e7\u00e3o profissional gratuita e de qualidade.<\/p>\n\n\n\n<p class=\"wp-block-paragraph\">Em todo o IF Baiano, o novo edital disponibiliza <strong>1.875 vagas<\/strong>, sendo <strong>195 para cursos presenciais<\/strong> e <strong>1.680 para cursos na modalidade a dist\u00e2ncia (EaD)<\/strong>, distribu\u00eddas entre seis campi da institui\u00e7\u00e3o.<\/p>\n\n\n\n<h3 class=\"wp-block-heading\"><mark style=\"background-color:rgba(0, 0, 0, 0)\" class=\"has-inline-color has-black-color\">Quem pode participar?<\/mark><\/h3>\n\n\n\n<p class=\"wp-block-paragraph\">Podem se inscrever candidatos que <strong>j\u00e1 tenham conclu\u00eddo o Ensino M\u00e9dio<\/strong> e desejem ingressar em um curso t\u00e9cnico subsequente.<\/p>\n\n\n\n<p class=\"wp-block-paragraph\">As inscri\u00e7\u00f5es seguem at\u00e9 <strong>16 de outubro de 2026<\/strong> e podem ser realizadas pelo portal do <a href=\"http:\/\/ingresso.ifbaiano.edu.br\/\"><strong><mark style=\"background-color:rgba(0, 0, 0, 0)\" class=\"has-inline-color has-vivid-cyan-blue-color\">IF Baiano<\/mark><\/strong><\/a>. Para aqueles que necessitarem de aux\u00edlio no processo de inscri\u00e7\u00e3o, tamb\u00e9m haver\u00e1 atendimento presencial nos campi.<\/p>\n\n\n\n<h3 class=\"wp-block-heading\"><mark style=\"background-color:rgba(0, 0, 0, 0)\" class=\"has-inline-color has-black-color\">Cotas e reserva de vagas<\/mark><\/h3>\n\n\n\n<p class=\"wp-block-paragraph\">Nos cursos t\u00e9cnicos subsequentes, <strong>50% das vagas s\u00e3o reservadas para estudantes que conclu\u00edram o Ensino M\u00e9dio na rede p\u00fablica<\/strong>, conforme a legisla\u00e7\u00e3o federal.<\/p>\n\n\n\n<p class=\"wp-block-paragraph\">A pol\u00edtica de reserva de vagas tamb\u00e9m contempla crit\u00e9rios para <strong>pessoas de baixa renda, pretas, pardas, ind\u00edgenas, quilombolas e pessoas com defici\u00eancia<\/strong>, de acordo com as regras estabelecidas pela legisla\u00e7\u00e3o vigente.<\/p>\n\n\n\n<h3 class=\"wp-block-heading\"><mark style=\"background-color:rgba(0, 0, 0, 0)\" class=\"has-inline-color has-black-color\">IF Baiano j\u00e1 soma 6.326 vagas para ingresso em 2027<\/mark><\/h3>\n\n\n\n<p class=\"wp-block-paragraph\">A nova oferta faz parte do processo seletivo do IF Baiano para 2027. A institui\u00e7\u00e3o j\u00e1 havia publicado, no in\u00edcio de agosto, outros editais que disponibilizaram <strong>4.451 vagas<\/strong>.<\/p>\n\n\n\n<p class=\"wp-block-paragraph\">Entre elas est\u00e3o <strong>2.486 vagas para cursos t\u00e9cnicos integrados ao Ensino M\u00e9dio<\/strong>, com inscri\u00e7\u00f5es at\u00e9 25 de setembro; <strong>405 vagas em cursos t\u00e9cnicos subsequentes presenciais<\/strong> e <strong>1.560 vagas em cursos subsequentes EaD<\/strong>, com inscri\u00e7\u00f5es at\u00e9 2 de outubro.<\/p>\n\n\n\n<p class=\"wp-block-paragraph\">Com a publica\u00e7\u00e3o dos novos editais, o IF Baiano chega a <strong>6.326 vagas abertas<\/strong> para estudantes que pretendem ingressar na institui\u00e7\u00e3o em 2027.<\/p>\n\n\n\n<p class=\"wp-block-paragraph\">Para Senhor do Bonfim, a abertura das <strong>155 vagas<\/strong> representa uma importante oportunidade para jovens e adultos que j\u00e1 conclu\u00edram o Ensino M\u00e9dio e desejam obter uma forma\u00e7\u00e3o t\u00e9cnica gratuita, ampliando as possibilidades de ingresso no mercado de trabalho.<\/p>\n\n\n\n<h3 class=\"wp-block-heading\"><mark style=\"background-color:rgba(0, 0, 0, 0)\" class=\"has-inline-color has-black-color\">&#x1f4cc; SERVI\u00c7O<\/mark><\/h3>\n\n\n\n<p class=\"wp-block-paragraph\"><strong><mark style=\"background-color:rgba(0, 0, 0, 0)\" class=\"has-inline-color has-black-color\">Institui\u00e7\u00e3o:<\/mark><\/strong> Instituto Federal Baiano (IF Baiano)<br><strong><mark style=\"background-color:rgba(0, 0, 0, 0)\" class=\"has-inline-color has-black-color\">Campus:<\/mark><\/strong> Senhor do Bonfim<br><strong><mark style=\"background-color:rgba(0, 0, 0, 0)\" class=\"has-inline-color has-black-color\">Vagas:<\/mark><\/strong> 155<br><strong><mark style=\"background-color:rgba(0, 0, 0, 0)\" class=\"has-inline-color has-black-color\">Cursos:<\/mark><\/strong> Agrimensura, Inform\u00e1tica e Zootecnia<br><strong><mark style=\"background-color:rgba(0, 0, 0, 0)\" class=\"has-inline-color has-black-color\">Modalidade:<\/mark><\/strong> Presencial<br><strong><mark style=\"background-color:rgba(0, 0, 0, 0)\" class=\"has-inline-color has-black-color\">Turno:<\/mark><\/strong> Matutino<br><strong><mark style=\"background-color:rgba(0, 0, 0, 0)\" class=\"has-inline-color has-black-color\">Dura\u00e7\u00e3o:<\/mark><\/strong> 18 meses<br><strong><mark style=\"background-color:rgba(0, 0, 0, 0)\" class=\"has-inline-color has-black-color\">P\u00fablico:<\/mark><\/strong> Pessoas que j\u00e1 conclu\u00edram o Ensino M\u00e9dio<br><strong><mark style=\"background-color:rgba(0, 0, 0, 0)\" class=\"has-inline-color has-black-color\">Inscri\u00e7\u00f5es:<\/mark><\/strong> at\u00e9 16 de outubro de 2026<br><strong><mark style=\"background-color:rgba(0, 0, 0, 0)\" class=\"has-inline-color has-black-color\">Ingresso:<\/mark><\/strong> ano letivo de 2027<\/p>\n","protected":false},"excerpt":{"rendered":"<p>Oportunidades s\u00e3o para Agrimensura, Inform\u00e1tica e Zootecnia; cursos t\u00eam dura\u00e7\u00e3o de 18 meses e aulas no turno da manh\u00e3. Por Blog do Eloilton Cajuhy \u2013 BEC &#x1f4f2;\u00a0Siga o canal do BEC no WhatsApp Senhor do Bonfim est\u00e1 entre os munic\u00edpios contemplados pelo novo edital do Instituto Federal Baiano (IF Baiano), que abriu nesta segunda-feira (31) [&hellip;]<\/p>\n","protected":false},"author":2,"featured_media":78504,"comment_status":"open","ping_status":"open","sticky":false,"template":"","format":"standard","meta":{"_acf_changed":false,"_monsterinsights_skip_tracking":false,"_monsterinsights_sitenote_active":false,"_monsterinsights_sitenote_note":"","_monsterinsights_sitenote_category":0,"_jetpack_newsletter_access":"","_jetpack_dont_email_post_to_subs":false,"_jetpack_newsletter_tier_id":0,"_jetpack_memberships_contains_paywalled_content":false,"_jetpack_feature_clip_id":0,"_jetpack_memberships_contains_paid_content":false,"footnotes":"","jetpack_publicize_message":"","jetpack_publicize_feature_enabled":true,"jetpack_social_post_already_shared":false,"jetpack_social_options":{"image_generator_settings":{"template":"highway","default_image_id":0,"font":"","enabled":false},"version":2},"jetpack_post_was_ever_published":false},"categories":[14],"tags":[],"class_list":["post-97955","post","type-post","status-publish","format-standard","has-post-thumbnail","hentry","category-educacao"],"acf":[],"jetpack_publicize_connections":[],"jetpack_sharing_enabled":true,"publishpress_future_workflow_manual_trigger":{"enabledWorkflows":[]},"jetpack_featured_media_url":"https:\/\/i0.wp.com\/blogdoeloiltoncajuhy.com.br\/site\/wp-content\/uploads\/2024\/01\/Campus-Senhor-do-Bonfim-do-IF-Baiano-%E2%80%94-Foto-Divulgacao.png?fit=822%2C468&ssl=1","_links":{"self":[{"href":"https:\/\/blogdoeloiltoncajuhy.com.br\/site\/wp-json\/wp\/v2\/posts\/97955","targetHints":{"allow":["GET"]}}],"collection":[{"href":"https:\/\/blogdoeloiltoncajuhy.com.br\/site\/wp-json\/wp\/v2\/posts"}],"about":[{"href":"https:\/\/blogdoeloiltoncajuhy.com.br\/site\/wp-json\/wp\/v2\/types\/post"}],"author":[{"embeddable":true,"href":"https:\/\/blogdoeloiltoncajuhy.com.br\/site\/wp-json\/wp\/v2\/users\/2"}],"replies":[{"embeddable":true,"href":"https:\/\/blogdoeloiltoncajuhy.com.br\/site\/wp-json\/wp\/v2\/comments?post=97955"}],"version-history":[{"count":1,"href":"https:\/\/blogdoeloiltoncajuhy.com.br\/site\/wp-json\/wp\/v2\/posts\/97955\/revisions"}],"predecessor-version":[{"id":97956,"href":"https:\/\/blogdoeloiltoncajuhy.com.br\/site\/wp-json\/wp\/v2\/posts\/97955\/revisions\/97956"}],"wp:featuredmedia":[{"embeddable":true,"href":"https:\/\/blogdoeloiltoncajuhy.com.br\/site\/wp-json\/wp\/v2\/media\/78504"}],"wp:attachment":[{"href":"https:\/\/blogdoeloiltoncajuhy.com.br\/site\/wp-json\/wp\/v2\/media?parent=97955"}],"wp:term":[{"taxonomy":"category","embeddable":true,"href":"https:\/\/blogdoeloiltoncajuhy.com.br\/site\/wp-json\/wp\/v2\/categories?post=97955"},{"taxonomy":"post_tag","embeddable":true,"href":"https:\/\/blogdoeloiltoncajuhy.com.br\/site\/wp-json\/wp\/v2\/tags?post=97955"}],"curies":[{"name":"wp","href":"https:\/\/api.w.org\/{rel}","templated":true}]}}