{"id":9654,"date":"2016-05-11T19:07:08","date_gmt":"2016-05-11T22:07:08","guid":{"rendered":"http:\/\/blogdoeloiltoncajuhy.com.br\/site\/?p=9654"},"modified":"2016-05-11T19:07:08","modified_gmt":"2016-05-11T22:07:08","slug":"comece-a-quinta-feira-meditando-evangelho-jo-1720-26","status":"publish","type":"post","link":"https:\/\/blogdoeloiltoncajuhy.com.br\/site\/comece-a-quinta-feira-meditando-evangelho-jo-1720-26\/","title":{"rendered":"COMECE A QUINTA-FEIRA MEDITANDO: Evangelho (Jo 17,20-26)"},"content":{"rendered":"<p><a href=\"https:\/\/i0.wp.com\/blogdoeloiltoncajuhy.com.br\/site\/wp-content\/uploads\/2015\/10\/liturgia_diaria.jpg\"><img data-recalc-dims=\"1\" fetchpriority=\"high\" decoding=\"async\" class=\"aligncenter wp-image-4757 size-medium\" src=\"https:\/\/i0.wp.com\/blogdoeloiltoncajuhy.com.br\/site\/wp-content\/uploads\/2015\/10\/liturgia_diaria.jpg?resize=300%2C227\" alt=\"liturgia_diaria\" width=\"300\" height=\"227\" srcset=\"https:\/\/i0.wp.com\/blogdoeloiltoncajuhy.com.br\/site\/wp-content\/uploads\/2015\/10\/liturgia_diaria.jpg?resize=300%2C227&amp;ssl=1 300w, https:\/\/i0.wp.com\/blogdoeloiltoncajuhy.com.br\/site\/wp-content\/uploads\/2015\/10\/liturgia_diaria.jpg?resize=250%2C189&amp;ssl=1 250w, https:\/\/i0.wp.com\/blogdoeloiltoncajuhy.com.br\/site\/wp-content\/uploads\/2015\/10\/liturgia_diaria.jpg?w=449&amp;ssl=1 449w\" sizes=\"(max-width: 300px) 100vw, 300px\" \/><\/a>Naquele tempo, Jesus ergueu os olhos ao c\u00e9u e rezou, dizendo: \u201cPai santo, eu n\u00e3o te rogo somente por eles, mas tamb\u00e9m por aqueles que v\u00e3o crer em mim pela sua palavra; para que todos sejam um como tu, Pai, est\u00e1s em mim e eu em ti, e para que eles estejam em n\u00f3s, a fim de que o mundo creia que tu me enviaste.<\/p>\n<p>Eu dei-lhes a gl\u00f3ria que tu me deste, para que eles sejam um, como n\u00f3s somos um: eu neles e tu em mim, para que assim eles cheguem \u00e0 unidade perfeita e o mundo reconhe\u00e7a que tu me enviaste e os amaste, como me amaste a mim.<\/p>\n<p>Pai, aqueles que me deste, quero que estejam comigo onde eu estiver, para que eles contemplem a minha gl\u00f3ria, gl\u00f3ria que tu me deste porque me amaste antes da funda\u00e7\u00e3o do universo. Pai justo, o mundo n\u00e3o te conheceu, mas eu te conheci, e estes tamb\u00e9m conheceram que tu me enviaste.<\/p>\n<p>Eu lhes fiz conhecer o teu nome, e o tornarei conhecido ainda mais, para que o amor com que me amaste esteja neles, e eu mesmo esteja neles\u201d.<\/p>\n<p><em>*Can\u00e7\u00e3o Nova<\/em><\/p>\n","protected":false},"excerpt":{"rendered":"<p>Naquele tempo, Jesus ergueu os olhos ao c\u00e9u e rezou, dizendo: \u201cPai santo, eu n\u00e3o te rogo somente por eles, mas tamb\u00e9m por aqueles que v\u00e3o crer em mim pela sua palavra; para que todos sejam um como tu, Pai, est\u00e1s em mim e eu em ti, e para que eles estejam em n\u00f3s, a [&hellip;]<\/p>\n","protected":false},"author":2,"featured_media":0,"comment_status":"open","ping_status":"open","sticky":false,"template":"","format":"standard","meta":{"_acf_changed":false,"_monsterinsights_skip_tracking":false,"_monsterinsights_sitenote_active":false,"_monsterinsights_sitenote_note":"","_monsterinsights_sitenote_category":0,"_jetpack_memberships_contains_paid_content":false,"footnotes":"","jetpack_publicize_message":"","jetpack_publicize_feature_enabled":true,"jetpack_social_post_already_shared":true,"jetpack_social_options":{"image_generator_settings":{"template":"highway","default_image_id":0,"font":"","enabled":false},"version":2}},"categories":[1,9],"tags":[],"class_list":["post-9654","post","type-post","status-publish","format-standard","hentry","category-noticias","category-reflexao"],"acf":[],"jetpack_publicize_connections":[],"jetpack_featured_media_url":"","jetpack_sharing_enabled":true,"publishpress_future_workflow_manual_trigger":{"enabledWorkflows":[]},"_links":{"self":[{"href":"https:\/\/blogdoeloiltoncajuhy.com.br\/site\/wp-json\/wp\/v2\/posts\/9654","targetHints":{"allow":["GET"]}}],"collection":[{"href":"https:\/\/blogdoeloiltoncajuhy.com.br\/site\/wp-json\/wp\/v2\/posts"}],"about":[{"href":"https:\/\/blogdoeloiltoncajuhy.com.br\/site\/wp-json\/wp\/v2\/types\/post"}],"author":[{"embeddable":true,"href":"https:\/\/blogdoeloiltoncajuhy.com.br\/site\/wp-json\/wp\/v2\/users\/2"}],"replies":[{"embeddable":true,"href":"https:\/\/blogdoeloiltoncajuhy.com.br\/site\/wp-json\/wp\/v2\/comments?post=9654"}],"version-history":[{"count":1,"href":"https:\/\/blogdoeloiltoncajuhy.com.br\/site\/wp-json\/wp\/v2\/posts\/9654\/revisions"}],"predecessor-version":[{"id":9655,"href":"https:\/\/blogdoeloiltoncajuhy.com.br\/site\/wp-json\/wp\/v2\/posts\/9654\/revisions\/9655"}],"wp:attachment":[{"href":"https:\/\/blogdoeloiltoncajuhy.com.br\/site\/wp-json\/wp\/v2\/media?parent=9654"}],"wp:term":[{"taxonomy":"category","embeddable":true,"href":"https:\/\/blogdoeloiltoncajuhy.com.br\/site\/wp-json\/wp\/v2\/categories?post=9654"},{"taxonomy":"post_tag","embeddable":true,"href":"https:\/\/blogdoeloiltoncajuhy.com.br\/site\/wp-json\/wp\/v2\/tags?post=9654"}],"curies":[{"name":"wp","href":"https:\/\/api.w.org\/{rel}","templated":true}]}}