{"id":9637,"date":"2016-05-11T10:24:05","date_gmt":"2016-05-11T13:24:05","guid":{"rendered":"http:\/\/blogdoeloiltoncajuhy.com.br\/site\/?p=9637"},"modified":"2016-05-11T15:10:31","modified_gmt":"2016-05-11T18:10:31","slug":"bonfim-aprovado-na-camara-projeto-que-aumenta-de-13-para-15-o-numero-de-vereadores","status":"publish","type":"post","link":"https:\/\/blogdoeloiltoncajuhy.com.br\/site\/bonfim-aprovado-na-camara-projeto-que-aumenta-de-13-para-15-o-numero-de-vereadores\/","title":{"rendered":"BONFIM: Aprovado na C\u00e2mara projeto que aumenta de 13 para 15 o n\u00famero de vereadores"},"content":{"rendered":"<p><a href=\"https:\/\/i0.wp.com\/blogdoeloiltoncajuhy.com.br\/site\/wp-content\/uploads\/2015\/06\/CAMARA-MUNICIPAL-DE-SENHOR-DO-BONFIM-0041.jpg\"><img data-recalc-dims=\"1\" fetchpriority=\"high\" decoding=\"async\" class=\"wp-image-1518 size-medium alignright\" src=\"https:\/\/i0.wp.com\/blogdoeloiltoncajuhy.com.br\/site\/wp-content\/uploads\/2015\/06\/CAMARA-MUNICIPAL-DE-SENHOR-DO-BONFIM-0041.jpg?resize=300%2C225\" alt=\"CAMARA-MUNICIPAL-DE-SENHOR-DO-BONFIM-0041\" width=\"300\" height=\"225\" \/><\/a>A C\u00e2mara Municipal de Senhor do Bonfim, aprovou em sess\u00e3o ordin\u00e1ria desta ter\u00e7a-feira (10), em segundo turno, o Projeto de Emenda \u00e0\u00a0Lei Org\u00e2nica do Munic\u00edpio, de N\u00ba 001\/2015, que aumenta\u00a0de 13 para 15 o numero de vereadores no munic\u00edpio. A\u00a0Lei Org\u00e2nica prev\u00ea no artigo 14, um numero de at\u00e9 15 edis, mas pelo \u00edndice populacional de Bonfim, que \u00e9 de 80 mil habitantes, pode chegar a 17.<\/p>\n<p>Em primeira vota\u00e7\u00e3o, ocorrida em 28 de abril, a emenda foi aprovada por 10 votos a\u00a0favor e 2 contra. Naquele dia, o vereador Adelson Bahia, que foi a favor do projeto, esteve ausente. O n\u00famero\u00a0m\u00ednimo seria de 9 votos para sua aprova\u00e7\u00e3o.<\/p>\n<p>Em segunda vota\u00e7\u00e3o, nesta ter\u00e7a-feira, o projeto foi votado e aprovado por 10 \u00d7 2. Assim como no primeiro turno, os vereadores Ivan Barbosa e R\u00ea do Sindicato votaram contra o projeto.<\/p>\n<p>Na sess\u00e3o de ontem, o vereador Gilberto Pires Cerqueira, Bel, se absteve de votar. Ele alegou que n\u00e3o vai concorrer \u00e0 reelei\u00e7\u00e3o no pleito deste ano, portanto, optou por n\u00e3o interferir no resultado da vota\u00e7\u00e3o do referido projeto.<\/p>\n<p>Ivan Barbosa explicou que votou contra por entender que o momento de crise pol\u00edtica vivida pelo pa\u00eds, al\u00e9m dos clamores populares, lhe motivaram a tomar esta decis\u00e3o. Segundo ele, o vereador R\u00ea do Sindicato tamb\u00e9m agiu da mesma forma.<\/p>\n<p>O numero de 15 vereadores vai vigorar a partir da futura legislatura que iniciar\u00e1 em 1\u00ba de janeiro de 2017.<\/p>\n<p><em>*BLOG DO ELOILTON CAJUHY<\/em><\/p>\n","protected":false},"excerpt":{"rendered":"<p>A C\u00e2mara Municipal de Senhor do Bonfim, aprovou em sess\u00e3o ordin\u00e1ria desta ter\u00e7a-feira (10), em segundo turno, o Projeto de Emenda \u00e0\u00a0Lei Org\u00e2nica do Munic\u00edpio, de N\u00ba 001\/2015, que aumenta\u00a0de 13 para 15 o numero de vereadores no munic\u00edpio. A\u00a0Lei Org\u00e2nica prev\u00ea no artigo 14, um numero de at\u00e9 15 edis, mas pelo \u00edndice populacional [&hellip;]<\/p>\n","protected":false},"author":2,"featured_media":0,"comment_status":"open","ping_status":"open","sticky":false,"template":"","format":"standard","meta":{"_acf_changed":false,"_monsterinsights_skip_tracking":false,"_monsterinsights_sitenote_active":false,"_monsterinsights_sitenote_note":"","_monsterinsights_sitenote_category":0,"_jetpack_memberships_contains_paid_content":false,"footnotes":"","jetpack_publicize_message":"","jetpack_publicize_feature_enabled":true,"jetpack_social_post_already_shared":true,"jetpack_social_options":{"image_generator_settings":{"template":"highway","default_image_id":0,"font":"","enabled":false},"version":2}},"categories":[1,3,4],"tags":[],"class_list":["post-9637","post","type-post","status-publish","format-standard","hentry","category-noticias","category-politica","category-local"],"acf":[],"jetpack_publicize_connections":[],"jetpack_featured_media_url":"","jetpack_sharing_enabled":true,"publishpress_future_workflow_manual_trigger":{"enabledWorkflows":[]},"_links":{"self":[{"href":"https:\/\/blogdoeloiltoncajuhy.com.br\/site\/wp-json\/wp\/v2\/posts\/9637","targetHints":{"allow":["GET"]}}],"collection":[{"href":"https:\/\/blogdoeloiltoncajuhy.com.br\/site\/wp-json\/wp\/v2\/posts"}],"about":[{"href":"https:\/\/blogdoeloiltoncajuhy.com.br\/site\/wp-json\/wp\/v2\/types\/post"}],"author":[{"embeddable":true,"href":"https:\/\/blogdoeloiltoncajuhy.com.br\/site\/wp-json\/wp\/v2\/users\/2"}],"replies":[{"embeddable":true,"href":"https:\/\/blogdoeloiltoncajuhy.com.br\/site\/wp-json\/wp\/v2\/comments?post=9637"}],"version-history":[{"count":3,"href":"https:\/\/blogdoeloiltoncajuhy.com.br\/site\/wp-json\/wp\/v2\/posts\/9637\/revisions"}],"predecessor-version":[{"id":9641,"href":"https:\/\/blogdoeloiltoncajuhy.com.br\/site\/wp-json\/wp\/v2\/posts\/9637\/revisions\/9641"}],"wp:attachment":[{"href":"https:\/\/blogdoeloiltoncajuhy.com.br\/site\/wp-json\/wp\/v2\/media?parent=9637"}],"wp:term":[{"taxonomy":"category","embeddable":true,"href":"https:\/\/blogdoeloiltoncajuhy.com.br\/site\/wp-json\/wp\/v2\/categories?post=9637"},{"taxonomy":"post_tag","embeddable":true,"href":"https:\/\/blogdoeloiltoncajuhy.com.br\/site\/wp-json\/wp\/v2\/tags?post=9637"}],"curies":[{"name":"wp","href":"https:\/\/api.w.org\/{rel}","templated":true}]}}