{"id":9633,"date":"2016-05-11T09:51:47","date_gmt":"2016-05-11T12:51:47","guid":{"rendered":"http:\/\/blogdoeloiltoncajuhy.com.br\/site\/?p=9633"},"modified":"2016-05-11T15:15:57","modified_gmt":"2016-05-11T18:15:57","slug":"11-de-maio-dia-nacional-do-barbeiro-e-dia-da-integracao-do-telegrafo-no-brasil","status":"publish","type":"post","link":"https:\/\/blogdoeloiltoncajuhy.com.br\/site\/11-de-maio-dia-nacional-do-barbeiro-e-dia-da-integracao-do-telegrafo-no-brasil\/","title":{"rendered":"11 DE MAIO &#8211; Dia Nacional do Barbeiro e Dia da Integra\u00e7\u00e3o do Tel\u00e9grafo no Brasil"},"content":{"rendered":"<p><a href=\"https:\/\/i0.wp.com\/blogdoeloiltoncajuhy.com.br\/site\/wp-content\/uploads\/2016\/05\/barbeiro-profiss%C3%A3o.jpg\"><img data-recalc-dims=\"1\" fetchpriority=\"high\" decoding=\"async\" class=\"aligncenter size-full wp-image-9634\" src=\"https:\/\/i0.wp.com\/blogdoeloiltoncajuhy.com.br\/site\/wp-content\/uploads\/2016\/05\/barbeiro-profiss%C3%A3o.jpg?resize=440%2C292\" alt=\"barbeiro-profiss\u00e3o\" width=\"440\" height=\"292\" srcset=\"https:\/\/i0.wp.com\/blogdoeloiltoncajuhy.com.br\/site\/wp-content\/uploads\/2016\/05\/barbeiro-profiss%C3%A3o.jpg?w=440&amp;ssl=1 440w, https:\/\/i0.wp.com\/blogdoeloiltoncajuhy.com.br\/site\/wp-content\/uploads\/2016\/05\/barbeiro-profiss%C3%A3o.jpg?resize=300%2C199&amp;ssl=1 300w, https:\/\/i0.wp.com\/blogdoeloiltoncajuhy.com.br\/site\/wp-content\/uploads\/2016\/05\/barbeiro-profiss%C3%A3o.jpg?resize=250%2C166&amp;ssl=1 250w\" sizes=\"(max-width: 440px) 100vw, 440px\" \/><\/a>Hoje \u00e9 o <strong>Dia Nacional do Barbeiro<\/strong>, profissional respons\u00e1vel por cortar o cabelo e aparar a barba do homem, utilizando da navalha e de outros instrumentos inerentes \u00e0 profiss\u00e3o. Apesar de, na atualidade, muitos homens fazerem uso de sal\u00f5es de beleza, os barbeiros ainda ocupam o seu espa\u00e7o nas esquinas das capitais brasileiras e alguns ainda possuem uma grande clientela.<\/p>\n<p>O barbeiro \u00e9 uma profiss\u00e3o em extin\u00e7\u00e3o. Hoje temos cabeleireiro e cabeleireira. O barbeiro era aquele que cortava o cabelo masculino e originalmente fazia a barba com uma bela navalha. Ao longo da hist\u00f3ria o barbeiro foi reconhecido.\u00a0O compositor erudito italiano, Rossini o reconheceu em uma pe\u00e7a.<\/p>\n<p>O Dia Nacional do Barbeiro foi criado para homenagear uma das profiss\u00f5es mais antigas das sociedades atuais, para\u00a0relembrar os tempos da idade m\u00e9dia, onde o clero e a classe nobre se dirigiam aos especialistas em cortes para aparar os excessos de cabelos. Todavia, na oportunidade os instrumentos utilizados eram arcaicos, tais como, l\u00e2minas, espadas e ferros, dependendo de uma t\u00e9cnica muito apurada do barbeiro.<\/p>\n<p><em>*Com informa\u00e7\u00f5es do Site A Pois N\u00e9<\/em><\/p>\n<p><a href=\"https:\/\/i0.wp.com\/blogdoeloiltoncajuhy.com.br\/site\/wp-content\/uploads\/2016\/05\/telegrafo.jpg\"><img data-recalc-dims=\"1\" decoding=\"async\" class=\"wp-image-9635 size-medium alignleft\" src=\"https:\/\/i0.wp.com\/blogdoeloiltoncajuhy.com.br\/site\/wp-content\/uploads\/2016\/05\/telegrafo.jpg?resize=300%2C238\" alt=\"telegrafo\" width=\"300\" height=\"238\" srcset=\"https:\/\/i0.wp.com\/blogdoeloiltoncajuhy.com.br\/site\/wp-content\/uploads\/2016\/05\/telegrafo.jpg?resize=300%2C238&amp;ssl=1 300w, https:\/\/i0.wp.com\/blogdoeloiltoncajuhy.com.br\/site\/wp-content\/uploads\/2016\/05\/telegrafo.jpg?resize=250%2C199&amp;ssl=1 250w, https:\/\/i0.wp.com\/blogdoeloiltoncajuhy.com.br\/site\/wp-content\/uploads\/2016\/05\/telegrafo.jpg?w=740&amp;ssl=1 740w\" sizes=\"(max-width: 300px) 100vw, 300px\" \/><\/a>O <strong>tel\u00e9grafo<\/strong> \u00e9 conhecido como um sistema que transmite mensagens de uma localidade para outra, at\u00e9 mesmo em grandes dist\u00e2ncias. Para a transmiss\u00e3o usa-se c\u00f3digos r\u00e1pidos, confi\u00e1veis e de f\u00e1cil entendimento.<\/p>\n<p>Sua cria\u00e7\u00e3o vem bem antes do telefone, nosso aparelho de comunica\u00e7\u00e3o atual.\u00a0O tel\u00e9grafo foi criado no s\u00e9culo XVIII para suprir a necessidade da transmiss\u00e3o de mensagens a longa dist\u00e2ncia.<\/p>\n<p>O c\u00f3digo principal utilizado e o mais popular foi o c\u00f3digo Morse. O nome veio do criador, Samuel Morse. Seu surgimento aconteceu no mesmo per\u00edodo em que houve a cria\u00e7\u00e3o do tel\u00e9grafo el\u00e9trico, ocorrido na d\u00e9cada de 1830.<\/p>\n<p>O tel\u00e9grafo, desse modo, durante os s\u00e9culos XIX e XX, foi o principal m\u00e9todo de comunica\u00e7\u00e3o para longas dist\u00e2ncias, sendo muito aproveitado pelos governos, ind\u00fastrias e tamb\u00e9m para momentos de guerra, favorecendo as for\u00e7as armadas de v\u00e1rios pa\u00edses.<\/p>\n<p>Na primeira metade do s\u00e9culo XX, a cria\u00e7\u00e3o do telefone (e os avan\u00e7os da tecnologia do modo que conhecemos hoje) foi afastando a popularidade do tel\u00e9grafo e seu uso.<\/p>\n<p><strong>Origem do Dia da Integra\u00e7\u00e3o do Tel\u00e9grafo no Brasil<\/strong><\/p>\n<p>A origem do Dia da Integra\u00e7\u00e3o do Tel\u00e9grafo no Brasil est\u00e1 associada com a primeira linha telegr\u00e1fica constru\u00edda no pa\u00eds, em 11 de maio de 1852.<\/p>\n<p>A linha telegr\u00e1fica foi iniciada a fim de trazer moderniza\u00e7\u00e3o para o pa\u00eds, bem como facilitar a comunica\u00e7\u00e3o entre o Pal\u00e1cio Imperial e o Quartel do Campo, situado no Rio de Janeiro.<\/p>\n<p>Essa foi uma necessidade pol\u00edtica importante na \u00e9poca para o Brasil, pois tamb\u00e9m servia para uma comunica\u00e7\u00e3o mais f\u00e1cil entre os portugueses que chegavam ao Brasil.<\/p>\n<p>No final do s\u00e9culo XIX, C\u00e2ndido Mariano da Silva Rondon, popularmente conhecido como Marechal Rondon, acabou melhorando a linha telegr\u00e1fica, fazendo com que o mesmo chegasse a outras prov\u00edncias, tais como Pernambuco, Para\u00edba e Cear\u00e1.<\/p>\n<p><em>*Calend\u00e1riobr<\/em><\/p>\n","protected":false},"excerpt":{"rendered":"<p>Hoje \u00e9 o Dia Nacional do Barbeiro, profissional respons\u00e1vel por cortar o cabelo e aparar a barba do homem, utilizando da navalha e de outros instrumentos inerentes \u00e0 profiss\u00e3o. Apesar de, na atualidade, muitos homens fazerem uso de sal\u00f5es de beleza, os barbeiros ainda ocupam o seu espa\u00e7o nas esquinas das capitais brasileiras e alguns [&hellip;]<\/p>\n","protected":false},"author":2,"featured_media":9635,"comment_status":"open","ping_status":"open","sticky":false,"template":"","format":"standard","meta":{"_acf_changed":false,"_monsterinsights_skip_tracking":false,"_monsterinsights_sitenote_active":false,"_monsterinsights_sitenote_note":"","_monsterinsights_sitenote_category":0,"_jetpack_memberships_contains_paid_content":false,"footnotes":"","jetpack_publicize_message":"","jetpack_publicize_feature_enabled":true,"jetpack_social_post_already_shared":true,"jetpack_social_options":{"image_generator_settings":{"template":"highway","default_image_id":0,"font":"","enabled":false},"version":2}},"categories":[5,1],"tags":[],"class_list":["post-9633","post","type-post","status-publish","format-standard","has-post-thumbnail","hentry","category-cotidiano","category-noticias"],"acf":[],"jetpack_publicize_connections":[],"jetpack_featured_media_url":"https:\/\/i0.wp.com\/blogdoeloiltoncajuhy.com.br\/site\/wp-content\/uploads\/2016\/05\/telegrafo.jpg?fit=740%2C588&ssl=1","jetpack_sharing_enabled":true,"publishpress_future_workflow_manual_trigger":{"enabledWorkflows":[]},"_links":{"self":[{"href":"https:\/\/blogdoeloiltoncajuhy.com.br\/site\/wp-json\/wp\/v2\/posts\/9633","targetHints":{"allow":["GET"]}}],"collection":[{"href":"https:\/\/blogdoeloiltoncajuhy.com.br\/site\/wp-json\/wp\/v2\/posts"}],"about":[{"href":"https:\/\/blogdoeloiltoncajuhy.com.br\/site\/wp-json\/wp\/v2\/types\/post"}],"author":[{"embeddable":true,"href":"https:\/\/blogdoeloiltoncajuhy.com.br\/site\/wp-json\/wp\/v2\/users\/2"}],"replies":[{"embeddable":true,"href":"https:\/\/blogdoeloiltoncajuhy.com.br\/site\/wp-json\/wp\/v2\/comments?post=9633"}],"version-history":[{"count":3,"href":"https:\/\/blogdoeloiltoncajuhy.com.br\/site\/wp-json\/wp\/v2\/posts\/9633\/revisions"}],"predecessor-version":[{"id":9644,"href":"https:\/\/blogdoeloiltoncajuhy.com.br\/site\/wp-json\/wp\/v2\/posts\/9633\/revisions\/9644"}],"wp:featuredmedia":[{"embeddable":true,"href":"https:\/\/blogdoeloiltoncajuhy.com.br\/site\/wp-json\/wp\/v2\/media\/9635"}],"wp:attachment":[{"href":"https:\/\/blogdoeloiltoncajuhy.com.br\/site\/wp-json\/wp\/v2\/media?parent=9633"}],"wp:term":[{"taxonomy":"category","embeddable":true,"href":"https:\/\/blogdoeloiltoncajuhy.com.br\/site\/wp-json\/wp\/v2\/categories?post=9633"},{"taxonomy":"post_tag","embeddable":true,"href":"https:\/\/blogdoeloiltoncajuhy.com.br\/site\/wp-json\/wp\/v2\/tags?post=9633"}],"curies":[{"name":"wp","href":"https:\/\/api.w.org\/{rel}","templated":true}]}}