{"id":95322,"date":"2026-05-01T00:51:00","date_gmt":"2026-05-01T03:51:00","guid":{"rendered":"https:\/\/blogdoeloiltoncajuhy.com.br\/site\/?p=95322"},"modified":"2026-04-30T19:58:13","modified_gmt":"2026-04-30T22:58:13","slug":"brasil-registra-em-marco-a-menor-taxa-de-desocupacao-da-historia-para-o-primeiro-trimestre","status":"publish","type":"post","link":"https:\/\/blogdoeloiltoncajuhy.com.br\/site\/brasil-registra-em-marco-a-menor-taxa-de-desocupacao-da-historia-para-o-primeiro-trimestre\/","title":{"rendered":"Brasil registra em mar\u00e7o a menor taxa de desocupa\u00e7\u00e3o da hist\u00f3ria para o primeiro trimestre"},"content":{"rendered":"\n<p class=\"has-medium-font-size\"><strong>Divulgado nesta quinta-feira (30) pelo IBGE, \u00edndice ficou em 6,1%, o menor para o per\u00edodo j\u00e1 registrado na Pesquisa Nacional por Amostra de Domic\u00edlios (Pnad) Cont\u00ednua, iniciada em 2012<\/strong><\/p>\n\n\n\n<p><strong>Blog do Eloilton Cajuhy \u2013 BEC<\/strong><\/p>\n\n\n\n<p><strong><a href=\"https:\/\/whatsapp.com\/channel\/0029VaAT7tDLI8Yfj5y9Z50Z\" target=\"_blank\" rel=\"noreferrer noopener\"><mark style=\"background-color:rgba(0, 0, 0, 0)\" class=\"has-inline-color has-luminous-vivid-orange-color\">>> Siga o canal do BEC no WhatsApp<\/mark><\/a><\/strong><\/p>\n\n\n\n<figure class=\"wp-block-image aligncenter size-full\"><a href=\"https:\/\/i0.wp.com\/blogdoeloiltoncajuhy.com.br\/site\/wp-content\/uploads\/2026\/04\/Desemprego-trabalho-Foto-Getty-Images.jpg?ssl=1\"><img data-recalc-dims=\"1\" fetchpriority=\"high\" decoding=\"async\" width=\"768\" height=\"512\" src=\"https:\/\/i0.wp.com\/blogdoeloiltoncajuhy.com.br\/site\/wp-content\/uploads\/2026\/04\/Desemprego-trabalho-Foto-Getty-Images.jpg?resize=768%2C512&#038;ssl=1\" alt=\"\" class=\"wp-image-95323\" srcset=\"https:\/\/i0.wp.com\/blogdoeloiltoncajuhy.com.br\/site\/wp-content\/uploads\/2026\/04\/Desemprego-trabalho-Foto-Getty-Images.jpg?w=768&amp;ssl=1 768w, https:\/\/i0.wp.com\/blogdoeloiltoncajuhy.com.br\/site\/wp-content\/uploads\/2026\/04\/Desemprego-trabalho-Foto-Getty-Images.jpg?resize=300%2C200&amp;ssl=1 300w\" sizes=\"(max-width: 768px) 100vw, 768px\" \/><\/a><figcaption class=\"wp-element-caption\"><sub>Dados da Pnad Cont\u00ednua, divulgados pelo IBGE, mostram que no trimestre encerrado em mar\u00e7o, a taxa de informalidade foi de 37,3% da popula\u00e7\u00e3o ocupada, o equivalente a 38,1 milh\u00f5es de trabalhadores informais &#8211; Foto: Getty Images<\/sub><\/figcaption><\/figure>\n\n\n\n<p>O Brasil apresentou, no trimestre encerrado em mar\u00e7o, uma taxa de desocupa\u00e7\u00e3o de 6,1%, o menor \u00edndice para o per\u00edodo de toda a s\u00e9rie hist\u00f3rica da Pesquisa Nacional por Amostra de Domic\u00edlios (Pnad) Cont\u00ednua, iniciada em 2012. O dado foi divulgado nesta quinta-feira (30), pelo Instituto Brasileiro de Geografia e Estat\u00edstica (IBGE).<\/p>\n\n\n\n<p>Em rela\u00e7\u00e3o ao trimestre encerrado em mar\u00e7o de 2025 houve uma redu\u00e7\u00e3o de 0,9 ponto percentual, ocasi\u00e3o em que a taxa de desocupa\u00e7\u00e3o foi de 7%. \u00c9 importante ressaltar que em toda a s\u00e9rie hist\u00f3rica da Pnad Cont\u00ednua os 7% do primeiro trimestre de 2025 j\u00e1 representavam, na ocasi\u00e3o, a menor taxa da s\u00e9rie hist\u00f3rica.<\/p>\n\n\n\n<p>Al\u00e9m do menor \u00edndice de desocupa\u00e7\u00e3o para um primeiro trimestre da s\u00e9rie hist\u00f3rica, a massa de rendimento m\u00e9dio real, ou seja, a soma das remunera\u00e7\u00f5es dos trabalhadores do pa\u00eds, bateu novo recorde para o per\u00edodo e chegou a R$ 374,8 bilh\u00f5es, com estabilidade no trimestre e alta de 7,1% (ou mais R$ 24,8 bilh\u00f5es) no ano.<\/p>\n\n\n\n<p>Outro destaque \u00e9 que o rendimento m\u00e9dio real habitual dos trabalhadores chegou a novo valor recorde: R$ 3.722. O rendimento m\u00e9dio cresceu nas duas compara\u00e7\u00f5es, ficando em 1,6% no trimestre e 5,5% no ano, j\u00e1 descontada a infla\u00e7\u00e3o nos dois per\u00edodos. Frente ao trimestre m\u00f3vel anterior, houve aumento no rendimento m\u00e9dio de dois grupamentos de atividade estudados pela PNAD Cont\u00ednua: Com\u00e9rcio (3,0%, ou mais R$ 86) e Administra\u00e7\u00e3o P\u00fablica (2,5%, ou mais R$ 127).<\/p>\n\n\n\n<p class=\"has-black-color has-text-color has-link-color has-medium-font-size wp-elements-8ec8e059733539719265588165ead954\"><strong>Carteira assinada<\/strong><\/p>\n\n\n\n<p>O n\u00famero de empregados com carteira assinada no setor privado (excluindo-se os trabalhadores dom\u00e9sticos) aumentou em 1,3%, com 504 mil pessoas a mais com carteiras assinadas no ano, e o pa\u00eds chegou, no total, a 39,2 milh\u00f5es de trabalhadores formais em 2025. J\u00e1 o n\u00famero de empregados sem carteira no setor privado recuou 2,1% (menos 285 mil pessoas) no trimestre, chegando a 13,3 milh\u00f5es. Na compara\u00e7\u00e3o anual, esse indicador n\u00e3o teve varia\u00e7\u00e3o estatisticamente significativa.<\/p>\n\n\n\n<p class=\"has-black-color has-text-color has-link-color has-medium-font-size wp-elements-951eb16239c33a4aca9eded0695d0311\"><strong>Conta pr\u00f3pria<\/strong><\/p>\n\n\n\n<p>O n\u00famero de trabalhadores por conta pr\u00f3pria ficou est\u00e1vel no trimestre, mantendo-se nos 26 milh\u00f5es. Na compara\u00e7\u00e3o anual, houve alta de 2,4%, ou 607 mil pessoas a mais trabalhando por conta pr\u00f3pria.<\/p>\n","protected":false},"excerpt":{"rendered":"<p>Divulgado nesta quinta-feira (30) pelo IBGE, \u00edndice ficou em 6,1%, o menor para o per\u00edodo j\u00e1 registrado na Pesquisa Nacional por Amostra de Domic\u00edlios (Pnad) Cont\u00ednua, iniciada em 2012 Blog do Eloilton Cajuhy \u2013 BEC >> Siga o canal do BEC no WhatsApp O Brasil apresentou, no trimestre encerrado em mar\u00e7o, uma taxa de desocupa\u00e7\u00e3o [&hellip;]<\/p>\n","protected":false},"author":2,"featured_media":95323,"comment_status":"open","ping_status":"open","sticky":false,"template":"","format":"standard","meta":{"_acf_changed":false,"_monsterinsights_skip_tracking":false,"_monsterinsights_sitenote_active":false,"_monsterinsights_sitenote_note":"","_monsterinsights_sitenote_category":0,"_jetpack_memberships_contains_paid_content":false,"footnotes":"","jetpack_publicize_message":"","jetpack_publicize_feature_enabled":true,"jetpack_social_post_already_shared":true,"jetpack_social_options":{"image_generator_settings":{"template":"highway","default_image_id":0,"font":"","enabled":false},"version":2}},"categories":[31],"tags":[],"class_list":["post-95322","post","type-post","status-publish","format-standard","has-post-thumbnail","hentry","category-economia"],"acf":[],"jetpack_publicize_connections":[],"jetpack_featured_media_url":"https:\/\/i0.wp.com\/blogdoeloiltoncajuhy.com.br\/site\/wp-content\/uploads\/2026\/04\/Desemprego-trabalho-Foto-Getty-Images.jpg?fit=768%2C512&ssl=1","jetpack_sharing_enabled":true,"publishpress_future_workflow_manual_trigger":{"enabledWorkflows":[]},"_links":{"self":[{"href":"https:\/\/blogdoeloiltoncajuhy.com.br\/site\/wp-json\/wp\/v2\/posts\/95322","targetHints":{"allow":["GET"]}}],"collection":[{"href":"https:\/\/blogdoeloiltoncajuhy.com.br\/site\/wp-json\/wp\/v2\/posts"}],"about":[{"href":"https:\/\/blogdoeloiltoncajuhy.com.br\/site\/wp-json\/wp\/v2\/types\/post"}],"author":[{"embeddable":true,"href":"https:\/\/blogdoeloiltoncajuhy.com.br\/site\/wp-json\/wp\/v2\/users\/2"}],"replies":[{"embeddable":true,"href":"https:\/\/blogdoeloiltoncajuhy.com.br\/site\/wp-json\/wp\/v2\/comments?post=95322"}],"version-history":[{"count":1,"href":"https:\/\/blogdoeloiltoncajuhy.com.br\/site\/wp-json\/wp\/v2\/posts\/95322\/revisions"}],"predecessor-version":[{"id":95324,"href":"https:\/\/blogdoeloiltoncajuhy.com.br\/site\/wp-json\/wp\/v2\/posts\/95322\/revisions\/95324"}],"wp:featuredmedia":[{"embeddable":true,"href":"https:\/\/blogdoeloiltoncajuhy.com.br\/site\/wp-json\/wp\/v2\/media\/95323"}],"wp:attachment":[{"href":"https:\/\/blogdoeloiltoncajuhy.com.br\/site\/wp-json\/wp\/v2\/media?parent=95322"}],"wp:term":[{"taxonomy":"category","embeddable":true,"href":"https:\/\/blogdoeloiltoncajuhy.com.br\/site\/wp-json\/wp\/v2\/categories?post=95322"},{"taxonomy":"post_tag","embeddable":true,"href":"https:\/\/blogdoeloiltoncajuhy.com.br\/site\/wp-json\/wp\/v2\/tags?post=95322"}],"curies":[{"name":"wp","href":"https:\/\/api.w.org\/{rel}","templated":true}]}}