{"id":95316,"date":"2026-05-01T00:33:00","date_gmt":"2026-05-01T03:33:00","guid":{"rendered":"https:\/\/blogdoeloiltoncajuhy.com.br\/site\/?p=95316"},"modified":"2026-04-30T19:43:09","modified_gmt":"2026-04-30T22:43:09","slug":"com-custo-de-quase-r-1-bilhao-ao-inss-em-2025-adoecimento-mental-no-trabalho-forca-novas-regras-para-empresas","status":"publish","type":"post","link":"https:\/\/blogdoeloiltoncajuhy.com.br\/site\/com-custo-de-quase-r-1-bilhao-ao-inss-em-2025-adoecimento-mental-no-trabalho-forca-novas-regras-para-empresas\/","title":{"rendered":"Com custo de quase R$ 1 bilh\u00e3o ao INSS em 2025, adoecimento mental no trabalho for\u00e7a novas regras para empresas"},"content":{"rendered":"\n<p class=\"has-medium-font-size\"><strong>A partir de 26 de maio, mapear gatilhos emocionais nas equipes passa a ser obriga\u00e7\u00e3o legal prevista na atualiza\u00e7\u00e3o da NR-1<\/strong><\/p>\n\n\n\n<p><strong>Blog do Eloilton Cajuhy \u2013 BEC<\/strong><\/p>\n\n\n\n<p><strong><a href=\"https:\/\/whatsapp.com\/channel\/0029VaAT7tDLI8Yfj5y9Z50Z\" target=\"_blank\" rel=\"noreferrer noopener\"><mark style=\"background-color:rgba(0, 0, 0, 0)\" class=\"has-inline-color has-luminous-vivid-orange-color\">>> Siga o canal do BEC no WhatsApp<\/mark><\/a><\/strong><\/p>\n\n\n\n<figure class=\"wp-block-image aligncenter size-full is-resized\"><a href=\"https:\/\/i0.wp.com\/blogdoeloiltoncajuhy.com.br\/site\/wp-content\/uploads\/2026\/04\/Trabalhador-trabalho-300426-Freepik.jpg?ssl=1\"><img data-recalc-dims=\"1\" fetchpriority=\"high\" decoding=\"async\" width=\"800\" height=\"533\" src=\"https:\/\/i0.wp.com\/blogdoeloiltoncajuhy.com.br\/site\/wp-content\/uploads\/2026\/04\/Trabalhador-trabalho-300426-Freepik.jpg?resize=800%2C533&#038;ssl=1\" alt=\"\" class=\"wp-image-95317\" style=\"width:713px;height:auto\" srcset=\"https:\/\/i0.wp.com\/blogdoeloiltoncajuhy.com.br\/site\/wp-content\/uploads\/2026\/04\/Trabalhador-trabalho-300426-Freepik.jpg?w=800&amp;ssl=1 800w, https:\/\/i0.wp.com\/blogdoeloiltoncajuhy.com.br\/site\/wp-content\/uploads\/2026\/04\/Trabalhador-trabalho-300426-Freepik.jpg?resize=300%2C200&amp;ssl=1 300w, https:\/\/i0.wp.com\/blogdoeloiltoncajuhy.com.br\/site\/wp-content\/uploads\/2026\/04\/Trabalhador-trabalho-300426-Freepik.jpg?resize=768%2C512&amp;ssl=1 768w\" sizes=\"(max-width: 800px) 100vw, 800px\" \/><\/a><figcaption class=\"wp-element-caption\"><sub>Freepik<\/sub><\/figcaption><\/figure>\n\n\n\n<p>Uma epidemia silenciosa est\u00e1 esvaziando as empresas brasileiras e gerando um custo bilion\u00e1rio para os cofres p\u00fablicos. Apenas no ano passado, o Brasil atingiu o recorde hist\u00f3rico de mais de 546 mil afastamentos do trabalho motivados por transtornos mentais \u2013 uma alta de 15,6% em rela\u00e7\u00e3o a 2024, segundo a Previd\u00eancia Social.<\/p>\n\n\n\n<p>Impulsionado por diagn\u00f3sticos de ansiedade, depress\u00e3o e por casos de burnout (que triplicaram em rela\u00e7\u00e3o a 2023), o problema custou quase R$1 bilh\u00e3o ao INSS em 2025.<\/p>\n\n\n\n<p>\u00c9 diante deste cen\u00e1rio de urg\u00eancia nacional que o Minist\u00e9rio do Trabalho alterou a <a href=\"https:\/\/www.gov.br\/trabalho-e-emprego\/pt-br\/acesso-a-informacao\/participacao-social\/conselhos-e-orgaos-colegiados\/comissao-tripartite-partitaria-permanente\/normas-regulamentadora\/normas-regulamentadoras-vigentes\/nr-1\"><strong><mark style=\"background-color:rgba(0, 0, 0, 0)\" class=\"has-inline-color has-vivid-cyan-blue-color\">Norma Regulamentadora n\u00ba 1 (NR-1)<\/mark><\/strong><\/a>. Com a mudan\u00e7a, que passa a valer a partir de 26 de maio, o cuidado com o bem-estar emocional deixa de ser opcional, exigindo medidas preventivas contra condi\u00e7\u00f5es organizacionais nocivas para garantir a conformidade legal.<\/p>\n\n\n\n<p>Para avan\u00e7ar nesse cuidado, o uso de tecnologias voltadas \u00e0 sa\u00fade do trabalhador tem sido o caminho mais eficaz. Segundo pesquisa desenvolvida pelo Servi\u00e7o Social da Ind\u00fastria (SESI), 78% dos trabalhadores brasileiros t\u00eam interesse em utilizar servi\u00e7os de sa\u00fade digital.<\/p>\n","protected":false},"excerpt":{"rendered":"<p>A partir de 26 de maio, mapear gatilhos emocionais nas equipes passa a ser obriga\u00e7\u00e3o legal prevista na atualiza\u00e7\u00e3o da NR-1 Blog do Eloilton Cajuhy \u2013 BEC >> Siga o canal do BEC no WhatsApp Uma epidemia silenciosa est\u00e1 esvaziando as empresas brasileiras e gerando um custo bilion\u00e1rio para os cofres p\u00fablicos. Apenas no ano [&hellip;]<\/p>\n","protected":false},"author":2,"featured_media":95317,"comment_status":"open","ping_status":"open","sticky":false,"template":"","format":"standard","meta":{"_acf_changed":false,"_monsterinsights_skip_tracking":false,"_monsterinsights_sitenote_active":false,"_monsterinsights_sitenote_note":"","_monsterinsights_sitenote_category":0,"_jetpack_memberships_contains_paid_content":false,"footnotes":"","jetpack_publicize_message":"","jetpack_publicize_feature_enabled":true,"jetpack_social_post_already_shared":true,"jetpack_social_options":{"image_generator_settings":{"template":"highway","default_image_id":0,"font":"","enabled":false},"version":2}},"categories":[7],"tags":[],"class_list":["post-95316","post","type-post","status-publish","format-standard","has-post-thumbnail","hentry","category-saude"],"acf":[],"jetpack_publicize_connections":[],"jetpack_featured_media_url":"https:\/\/i0.wp.com\/blogdoeloiltoncajuhy.com.br\/site\/wp-content\/uploads\/2026\/04\/Trabalhador-trabalho-300426-Freepik.jpg?fit=800%2C533&ssl=1","jetpack_sharing_enabled":true,"publishpress_future_workflow_manual_trigger":{"enabledWorkflows":[]},"_links":{"self":[{"href":"https:\/\/blogdoeloiltoncajuhy.com.br\/site\/wp-json\/wp\/v2\/posts\/95316","targetHints":{"allow":["GET"]}}],"collection":[{"href":"https:\/\/blogdoeloiltoncajuhy.com.br\/site\/wp-json\/wp\/v2\/posts"}],"about":[{"href":"https:\/\/blogdoeloiltoncajuhy.com.br\/site\/wp-json\/wp\/v2\/types\/post"}],"author":[{"embeddable":true,"href":"https:\/\/blogdoeloiltoncajuhy.com.br\/site\/wp-json\/wp\/v2\/users\/2"}],"replies":[{"embeddable":true,"href":"https:\/\/blogdoeloiltoncajuhy.com.br\/site\/wp-json\/wp\/v2\/comments?post=95316"}],"version-history":[{"count":1,"href":"https:\/\/blogdoeloiltoncajuhy.com.br\/site\/wp-json\/wp\/v2\/posts\/95316\/revisions"}],"predecessor-version":[{"id":95318,"href":"https:\/\/blogdoeloiltoncajuhy.com.br\/site\/wp-json\/wp\/v2\/posts\/95316\/revisions\/95318"}],"wp:featuredmedia":[{"embeddable":true,"href":"https:\/\/blogdoeloiltoncajuhy.com.br\/site\/wp-json\/wp\/v2\/media\/95317"}],"wp:attachment":[{"href":"https:\/\/blogdoeloiltoncajuhy.com.br\/site\/wp-json\/wp\/v2\/media?parent=95316"}],"wp:term":[{"taxonomy":"category","embeddable":true,"href":"https:\/\/blogdoeloiltoncajuhy.com.br\/site\/wp-json\/wp\/v2\/categories?post=95316"},{"taxonomy":"post_tag","embeddable":true,"href":"https:\/\/blogdoeloiltoncajuhy.com.br\/site\/wp-json\/wp\/v2\/tags?post=95316"}],"curies":[{"name":"wp","href":"https:\/\/api.w.org\/{rel}","templated":true}]}}