{"id":95310,"date":"2026-04-30T16:07:31","date_gmt":"2026-04-30T19:07:31","guid":{"rendered":"https:\/\/blogdoeloiltoncajuhy.com.br\/site\/?p=95310"},"modified":"2026-04-30T16:07:33","modified_gmt":"2026-04-30T19:07:33","slug":"bahia-ultrapassa-18-mil-casos-de-violacao-contra-a-pessoa-idosa-em-2026","status":"publish","type":"post","link":"https:\/\/blogdoeloiltoncajuhy.com.br\/site\/bahia-ultrapassa-18-mil-casos-de-violacao-contra-a-pessoa-idosa-em-2026\/","title":{"rendered":"Bahia ultrapassa 18 mil casos de viola\u00e7\u00e3o contra a pessoa idosa em 2026"},"content":{"rendered":"\n<p class=\"has-medium-font-size\"><strong>Especialista avalia a import\u00e2ncia da den\u00fancia a fim de conscientizar a sociedade sobre o problema<\/strong><\/p>\n\n\n\n<p><strong>Blog do Eloilton Cajuhy \u2013 BEC<\/strong><\/p>\n\n\n\n<p><strong><a href=\"https:\/\/whatsapp.com\/channel\/0029VaAT7tDLI8Yfj5y9Z50Z\" target=\"_blank\" rel=\"noreferrer noopener\"><mark style=\"background-color:rgba(0, 0, 0, 0)\" class=\"has-inline-color has-luminous-vivid-orange-color\">>> Siga o canal do BEC no WhatsApp<\/mark><\/a><\/strong><\/p>\n\n\n\n<figure class=\"wp-block-image aligncenter size-full is-resized\"><a href=\"https:\/\/i0.wp.com\/blogdoeloiltoncajuhy.com.br\/site\/wp-content\/uploads\/2026\/04\/Violencia-contra-idosos.png?ssl=1\"><img data-recalc-dims=\"1\" fetchpriority=\"high\" decoding=\"async\" width=\"567\" height=\"304\" src=\"https:\/\/i0.wp.com\/blogdoeloiltoncajuhy.com.br\/site\/wp-content\/uploads\/2026\/04\/Violencia-contra-idosos.png?resize=567%2C304&#038;ssl=1\" alt=\"\" class=\"wp-image-95311\" style=\"width:712px;height:auto\" srcset=\"https:\/\/i0.wp.com\/blogdoeloiltoncajuhy.com.br\/site\/wp-content\/uploads\/2026\/04\/Violencia-contra-idosos.png?w=567&amp;ssl=1 567w, https:\/\/i0.wp.com\/blogdoeloiltoncajuhy.com.br\/site\/wp-content\/uploads\/2026\/04\/Violencia-contra-idosos.png?resize=300%2C161&amp;ssl=1 300w\" sizes=\"(max-width: 567px) 100vw, 567px\" \/><\/a><\/figure>\n\n\n\n<p>Somente no ano passado o Brasil registrou 1.070.215 casos de viola\u00e7\u00f5es (qualquer fato que atente ou viole os direitos humanos de uma v\u00edtima. Ex. Maus tratos, explora\u00e7\u00e3o sexual, tr\u00e1fico de pessoas) contra a pessoa idosa. Considerando este ano de 2026, nesses primeiros quatro meses do ano, o pa\u00eds j\u00e1 contabilizou 421.040 casos. Os n\u00fameros s\u00e3o do Painel de Dados do Minist\u00e9rio de Direitos Humanos e Cidadania (MDHC).<\/p>\n\n\n\n<p>Em um recorte regional, o estado da Bahia apresenta at\u00e9 o momento 18.119 casos, com um crescimento de 15,47%% considerando os quatro primeiros meses de 2025, que teve 15.760 casos. Somente na capital Salvador, j\u00e1 foram registrados 4.780 casos de viola\u00e7\u00f5es neste 2026. (Dados atualizados em 30\/04\/2026).<\/p>\n\n\n\n<p>O que chama aten\u00e7\u00e3o ainda diante desses n\u00fameros do MDHC, \u00e9 que h\u00e1 poucos registros da den\u00fancia. Do total dos 18.119 casos no estado em 2026, por exemplo, apenas 1.897 den\u00fancias foram efetivadas (Quantidade de registros que demonstra a quantidade de vezes em que os usu\u00e1rios buscaram a ONDH para registrarem uma den\u00fancia. Um protocolo de den\u00fancia pode conter uma ou mais den\u00fancias).<\/p>\n\n\n\n<p>\u201cA den\u00fancia deve ser formalizada. Esta a\u00e7\u00e3o contribui para uma interven\u00e7\u00e3o imediata das autoridades para proteger a v\u00edtima e garantir a sua seguran\u00e7a, al\u00e9m de ajudar na responsabiliza\u00e7\u00e3o dos agressores e na preven\u00e7\u00e3o de futuras ocorr\u00eancias\u201d, alerta a docente Ma. Sabrine Silva Kauss, coordenadora do curso de Direito da Faculdade Unime Anhanguera.<\/p>\n\n\n\n<p>A especialista enfatiza ainda, que a den\u00fancia \u00e9 tamb\u00e9m uma forma de afastar o agressor da v\u00edtima, puni-lo e fomentar a\u00e7\u00f5es efetivas contra esse problema. \u201cA partir disso, a pessoa idosa recebe acesso a recursos e apoio, incluindo assist\u00eancia jur\u00eddica, abrigo, aconselhamento e servi\u00e7os de sa\u00fade mental, que podem ajud\u00e1-la a se recuperar desses traumas\u201d, indica.<\/p>\n\n\n\n<p>A den\u00fancia deve ser formalizada junto aos \u00f3rg\u00e3os competentes para apura\u00e7\u00e3o e providencias, como o Minist\u00e9rio P\u00fablico, Delegacias do Idoso e Defensoria P\u00fablica. Den\u00fancias de viol\u00eancias podem ser feitas ainda pelo Disque 100.<\/p>\n\n\n\n<p>O canal de atendimento coordenado pela Ouvidoria Nacional de Direitos Humanos (ONDH\/MDHC) \u00e9 gratuito, sigiloso e est\u00e1 dispon\u00edvel 24 horas por dia.<\/p>\n\n\n\n<p>Al\u00e9m de liga\u00e7\u00e3o gratuita, os servi\u00e7os podem ser acessados por meio do site da Ouvidoria, aplicativo Direitos Humanos, Telegram (digitar na busca \u201cDireitoshumanosbrasil\u201d) e WhatsApp (61) 99611-0100. O canal tamb\u00e9m possui atendimento em Libras.<\/p>\n\n\n\n<p>Por fim, Sabrine alerta que as viol\u00eancias mais frequentes s\u00e3o: viol\u00eancia f\u00edsica; abuso psicol\u00f3gico; neglig\u00eancia, abandono e viol\u00eancia institucional (que trata de qualquer tipo de viola\u00e7\u00e3o exercida dentro do ambiente institucional p\u00fablico ou privado. Institui\u00e7\u00f5es tamb\u00e9m podem cometer neglig\u00eancia por meio de uma a\u00e7\u00e3o desatenciosa ou omissa por parte dos funcion\u00e1rios ou por n\u00e3o cumprir alguma a\u00e7\u00e3o que deveria ter sido realizada); abuso financeiro; viol\u00eancia patrimonial; viol\u00eancia sexual; e discrimina\u00e7\u00e3o.<\/p>\n","protected":false},"excerpt":{"rendered":"<p>Especialista avalia a import\u00e2ncia da den\u00fancia a fim de conscientizar a sociedade sobre o problema Blog do Eloilton Cajuhy \u2013 BEC >> Siga o canal do BEC no WhatsApp Somente no ano passado o Brasil registrou 1.070.215 casos de viola\u00e7\u00f5es (qualquer fato que atente ou viole os direitos humanos de uma v\u00edtima. Ex. Maus tratos, [&hellip;]<\/p>\n","protected":false},"author":2,"featured_media":95311,"comment_status":"open","ping_status":"open","sticky":false,"template":"","format":"standard","meta":{"_acf_changed":false,"_monsterinsights_skip_tracking":false,"_monsterinsights_sitenote_active":false,"_monsterinsights_sitenote_note":"","_monsterinsights_sitenote_category":0,"_jetpack_memberships_contains_paid_content":false,"footnotes":"","jetpack_publicize_message":"","jetpack_publicize_feature_enabled":true,"jetpack_social_post_already_shared":false,"jetpack_social_options":{"image_generator_settings":{"template":"highway","default_image_id":0,"font":"","enabled":false},"version":2}},"categories":[5],"tags":[],"class_list":["post-95310","post","type-post","status-publish","format-standard","has-post-thumbnail","hentry","category-cotidiano"],"acf":[],"jetpack_publicize_connections":[],"jetpack_featured_media_url":"https:\/\/i0.wp.com\/blogdoeloiltoncajuhy.com.br\/site\/wp-content\/uploads\/2026\/04\/Violencia-contra-idosos.png?fit=567%2C304&ssl=1","jetpack_sharing_enabled":true,"publishpress_future_workflow_manual_trigger":{"enabledWorkflows":[]},"_links":{"self":[{"href":"https:\/\/blogdoeloiltoncajuhy.com.br\/site\/wp-json\/wp\/v2\/posts\/95310","targetHints":{"allow":["GET"]}}],"collection":[{"href":"https:\/\/blogdoeloiltoncajuhy.com.br\/site\/wp-json\/wp\/v2\/posts"}],"about":[{"href":"https:\/\/blogdoeloiltoncajuhy.com.br\/site\/wp-json\/wp\/v2\/types\/post"}],"author":[{"embeddable":true,"href":"https:\/\/blogdoeloiltoncajuhy.com.br\/site\/wp-json\/wp\/v2\/users\/2"}],"replies":[{"embeddable":true,"href":"https:\/\/blogdoeloiltoncajuhy.com.br\/site\/wp-json\/wp\/v2\/comments?post=95310"}],"version-history":[{"count":1,"href":"https:\/\/blogdoeloiltoncajuhy.com.br\/site\/wp-json\/wp\/v2\/posts\/95310\/revisions"}],"predecessor-version":[{"id":95312,"href":"https:\/\/blogdoeloiltoncajuhy.com.br\/site\/wp-json\/wp\/v2\/posts\/95310\/revisions\/95312"}],"wp:featuredmedia":[{"embeddable":true,"href":"https:\/\/blogdoeloiltoncajuhy.com.br\/site\/wp-json\/wp\/v2\/media\/95311"}],"wp:attachment":[{"href":"https:\/\/blogdoeloiltoncajuhy.com.br\/site\/wp-json\/wp\/v2\/media?parent=95310"}],"wp:term":[{"taxonomy":"category","embeddable":true,"href":"https:\/\/blogdoeloiltoncajuhy.com.br\/site\/wp-json\/wp\/v2\/categories?post=95310"},{"taxonomy":"post_tag","embeddable":true,"href":"https:\/\/blogdoeloiltoncajuhy.com.br\/site\/wp-json\/wp\/v2\/tags?post=95310"}],"curies":[{"name":"wp","href":"https:\/\/api.w.org\/{rel}","templated":true}]}}