{"id":95307,"date":"2026-04-30T15:41:16","date_gmt":"2026-04-30T18:41:16","guid":{"rendered":"https:\/\/blogdoeloiltoncajuhy.com.br\/site\/?p=95307"},"modified":"2026-04-30T15:41:17","modified_gmt":"2026-04-30T18:41:17","slug":"o-que-fizemos-de-2006-para-ca-foi-provar-que-o-estado-pode-ser-de-todos-afirma-wagner-em-apresentacao-do-programa-de-governo-de-jeronimo","status":"publish","type":"post","link":"https:\/\/blogdoeloiltoncajuhy.com.br\/site\/o-que-fizemos-de-2006-para-ca-foi-provar-que-o-estado-pode-ser-de-todos-afirma-wagner-em-apresentacao-do-programa-de-governo-de-jeronimo\/","title":{"rendered":"\u201cO que fizemos de 2006 para c\u00e1 foi provar que o estado pode ser de todos&#8221;, afirma Wagner em apresenta\u00e7\u00e3o do Programa de Governo de Jer\u00f4nimo"},"content":{"rendered":"\n<p><strong>Blog do Eloilton Cajuhy \u2013 BEC<\/strong><\/p>\n\n\n\n<p><strong><a href=\"https:\/\/whatsapp.com\/channel\/0029VaAT7tDLI8Yfj5y9Z50Z\" target=\"_blank\" rel=\"noreferrer noopener\"><mark style=\"background-color:rgba(0, 0, 0, 0)\" class=\"has-inline-color has-luminous-vivid-orange-color\">>> Siga o canal do BEC no WhatsApp<\/mark><\/a><\/strong><\/p>\n\n\n\n<figure class=\"wp-block-image aligncenter size-full\"><a href=\"https:\/\/i0.wp.com\/blogdoeloiltoncajuhy.com.br\/site\/wp-content\/uploads\/2026\/04\/Wagner-Jeronimo-e-Rui-2026-04-30.jpeg?ssl=1\"><img data-recalc-dims=\"1\" fetchpriority=\"high\" decoding=\"async\" width=\"597\" height=\"412\" src=\"https:\/\/i0.wp.com\/blogdoeloiltoncajuhy.com.br\/site\/wp-content\/uploads\/2026\/04\/Wagner-Jeronimo-e-Rui-2026-04-30.jpeg?resize=597%2C412&#038;ssl=1\" alt=\"\" class=\"wp-image-95308\" srcset=\"https:\/\/i0.wp.com\/blogdoeloiltoncajuhy.com.br\/site\/wp-content\/uploads\/2026\/04\/Wagner-Jeronimo-e-Rui-2026-04-30.jpeg?w=597&amp;ssl=1 597w, https:\/\/i0.wp.com\/blogdoeloiltoncajuhy.com.br\/site\/wp-content\/uploads\/2026\/04\/Wagner-Jeronimo-e-Rui-2026-04-30.jpeg?resize=300%2C207&amp;ssl=1 300w\" sizes=\"(max-width: 597px) 100vw, 597px\" \/><\/a><figcaption class=\"wp-element-caption\"><sub>Foto: Divulga\u00e7\u00e3o \/ PT Bahia<\/sub><\/figcaption><\/figure>\n\n\n\n<p>O senador, l\u00edder do Governo Lula no Senado Federal e pr\u00e9-candidato \u00e0 reelei\u00e7\u00e3o, Jaques Wagner, participou da live de apresenta\u00e7\u00e3o do Programa de Governo Participativo (PGP) do governador e tamb\u00e9m pr\u00e9-candidato \u00e0 reelei\u00e7\u00e3o, Jer\u00f4nimo Rodrigues, nesta quinta-feira (30), e afirmou que enquanto se duvidava do \u00eaxito dos candidatos do PT nas elei\u00e7\u00f5es o grupo pol\u00edtico venceu todos os \u00faltimos cinco pleitos e mostrou, na pr\u00e1tica, que o projeto pol\u00edtico do partido promoveu inclus\u00e3o social, desenvolvimento econ\u00f4mico e sustent\u00e1vel e governou e governa para todos os baiano.<\/p>\n\n\n\n<blockquote class=\"wp-block-quote is-layout-flow wp-block-quote-is-layout-flow\">\n<p><strong><mark style=\"background-color:rgba(0, 0, 0, 0)\" class=\"has-inline-color has-black-color\">\u201cA nossa hist\u00f3ria na Bahia come\u00e7a de uma descren\u00e7a de muitos que diziam que a gente n\u00e3o ia ganhar a elei\u00e7\u00e3o. Mas em 2006 o povo baiano resolveu que era hora de mudar o estilo, o jeito e as prioridades. De l\u00e1 para c\u00e1, o que a gente fez foi provar que o estado pode ser de todos, n\u00e3o apenas de um grupo ou de uma fam\u00edlia. A gente levou \u00e1gua, levou luz, mas principalmente, a gente levou o governo para dentro do interior, para perto de quem mais precisava. \u00c9 essa mem\u00f3ria que carregamos, de um projeto que n\u00e3o \u00e9 pessoal, \u00e9 um projeto de povo&#8221;.<\/mark><\/strong><\/p>\n<\/blockquote>\n\n\n\n<p>Na apresenta\u00e7\u00e3o do PGP, Wagner contou que a hist\u00f3ria se repetiu em 2022, na \u00e9poca da elei\u00e7\u00e3o de Jer\u00f4nimo, que, contrariando a maioria das pesquisas, venceu a elei\u00e7\u00e3o e se tornou o quinto governador consecutivo do estado. O senador tamb\u00e9m elogiou a trajet\u00f3ria de Jer\u00f4nimo e afirmou que o petista \u00e9 um qualificado quadro do PT, representante do importante e necess\u00e1rio processo de renova\u00e7\u00e3o do partido e de todo o seu esfor\u00e7o como gestor para construir uma nova Bahia.<\/p>\n\n\n\n<p>&#8220;Muitos perguntavam: &#8216;Quem \u00e9 Jer\u00f4nimo?&#8217;. E eu dizia: Jer\u00f4nimo \u00e9 o nosso melhor quadro de execu\u00e7\u00e3o. Ele n\u00e3o caiu de paraquedas, ele foi forjado na gest\u00e3o, foi secret\u00e1rio da educa\u00e7\u00e3o, foi quem coordenou o nosso Programa de Governo. Apresentar Jer\u00f4nimo \u00e9 apresentar a renova\u00e7\u00e3o com seguran\u00e7a. Eu tenho total confian\u00e7a que ele n\u00e3o vai apenas continuar o que eu e Rui fizemos, ele vai fazer mais, porque ele tem a sensibilidade e a garra de quem conhece a Bahia de ponta a ponta\u201d.<\/p>\n\n\n\n<p><strong><mark style=\"background-color:rgba(0, 0, 0, 0)\" class=\"has-inline-color has-black-color\">PGP 2026<\/mark><\/strong> &#8211; Assim como ocorreu na \u00faltima elei\u00e7\u00e3o, em 2022, quando o PGP se consolidou como um instrumento fundamental para cria\u00e7\u00e3o de pol\u00edticas p\u00fablicas, programas, projetos e a\u00e7\u00f5es que promoveram e aprofundaram grandes transforma\u00e7\u00f5es nos \u00faltimos tr\u00eas anos na Bahia, o Programa de Governo Participativo de 2026 ser\u00e1 realizado em cidades de todos os Territ\u00f3rios de Identidade da Bahia e ser\u00e1 iniciado neste s\u00e1bado (02), no munic\u00edpio de Irec\u00ea. A agenda inclui a Plen\u00e1ria Territorial do PGP, \u00e0s 09h, e a Plen\u00e1ria da Juventude, Cultura e Educa\u00e7\u00e3o, reunindo diferentes segmentos da sociedade em torno de propostas e demandas para o futuro da regi\u00e3o.<\/p>\n","protected":false},"excerpt":{"rendered":"<p>Blog do Eloilton Cajuhy \u2013 BEC >> Siga o canal do BEC no WhatsApp O senador, l\u00edder do Governo Lula no Senado Federal e pr\u00e9-candidato \u00e0 reelei\u00e7\u00e3o, Jaques Wagner, participou da live de apresenta\u00e7\u00e3o do Programa de Governo Participativo (PGP) do governador e tamb\u00e9m pr\u00e9-candidato \u00e0 reelei\u00e7\u00e3o, Jer\u00f4nimo Rodrigues, nesta quinta-feira (30), e afirmou que [&hellip;]<\/p>\n","protected":false},"author":2,"featured_media":95308,"comment_status":"open","ping_status":"open","sticky":false,"template":"","format":"standard","meta":{"_acf_changed":false,"_monsterinsights_skip_tracking":false,"_monsterinsights_sitenote_active":false,"_monsterinsights_sitenote_note":"","_monsterinsights_sitenote_category":0,"_jetpack_memberships_contains_paid_content":false,"footnotes":"","jetpack_publicize_message":"","jetpack_publicize_feature_enabled":true,"jetpack_social_post_already_shared":false,"jetpack_social_options":{"image_generator_settings":{"template":"highway","default_image_id":0,"font":"","enabled":false},"version":2}},"categories":[3],"tags":[],"class_list":["post-95307","post","type-post","status-publish","format-standard","has-post-thumbnail","hentry","category-politica"],"acf":[],"jetpack_publicize_connections":[],"jetpack_featured_media_url":"https:\/\/i0.wp.com\/blogdoeloiltoncajuhy.com.br\/site\/wp-content\/uploads\/2026\/04\/Wagner-Jeronimo-e-Rui-2026-04-30.jpeg?fit=597%2C412&ssl=1","jetpack_sharing_enabled":true,"publishpress_future_workflow_manual_trigger":{"enabledWorkflows":[]},"_links":{"self":[{"href":"https:\/\/blogdoeloiltoncajuhy.com.br\/site\/wp-json\/wp\/v2\/posts\/95307","targetHints":{"allow":["GET"]}}],"collection":[{"href":"https:\/\/blogdoeloiltoncajuhy.com.br\/site\/wp-json\/wp\/v2\/posts"}],"about":[{"href":"https:\/\/blogdoeloiltoncajuhy.com.br\/site\/wp-json\/wp\/v2\/types\/post"}],"author":[{"embeddable":true,"href":"https:\/\/blogdoeloiltoncajuhy.com.br\/site\/wp-json\/wp\/v2\/users\/2"}],"replies":[{"embeddable":true,"href":"https:\/\/blogdoeloiltoncajuhy.com.br\/site\/wp-json\/wp\/v2\/comments?post=95307"}],"version-history":[{"count":1,"href":"https:\/\/blogdoeloiltoncajuhy.com.br\/site\/wp-json\/wp\/v2\/posts\/95307\/revisions"}],"predecessor-version":[{"id":95309,"href":"https:\/\/blogdoeloiltoncajuhy.com.br\/site\/wp-json\/wp\/v2\/posts\/95307\/revisions\/95309"}],"wp:featuredmedia":[{"embeddable":true,"href":"https:\/\/blogdoeloiltoncajuhy.com.br\/site\/wp-json\/wp\/v2\/media\/95308"}],"wp:attachment":[{"href":"https:\/\/blogdoeloiltoncajuhy.com.br\/site\/wp-json\/wp\/v2\/media?parent=95307"}],"wp:term":[{"taxonomy":"category","embeddable":true,"href":"https:\/\/blogdoeloiltoncajuhy.com.br\/site\/wp-json\/wp\/v2\/categories?post=95307"},{"taxonomy":"post_tag","embeddable":true,"href":"https:\/\/blogdoeloiltoncajuhy.com.br\/site\/wp-json\/wp\/v2\/tags?post=95307"}],"curies":[{"name":"wp","href":"https:\/\/api.w.org\/{rel}","templated":true}]}}