{"id":95302,"date":"2026-04-30T08:30:07","date_gmt":"2026-04-30T11:30:07","guid":{"rendered":"https:\/\/blogdoeloiltoncajuhy.com.br\/site\/?p=95302"},"modified":"2026-04-30T08:30:08","modified_gmt":"2026-04-30T11:30:08","slug":"dia-t-governo-oferece-mais-de-35-mil-vagas-de-emprego-em-bonfim-e-mais-39-cidades-da-bahia","status":"publish","type":"post","link":"https:\/\/blogdoeloiltoncajuhy.com.br\/site\/dia-t-governo-oferece-mais-de-35-mil-vagas-de-emprego-em-bonfim-e-mais-39-cidades-da-bahia\/","title":{"rendered":"Dia T: governo oferece mais de 3,5 mil vagas de emprego em Bonfim e mais 39 cidades da Bahia"},"content":{"rendered":"\n<p>Iniciativa acontece na quinta-feira (30). Os trabalhadores ter\u00e3o acesso a servi\u00e7os gratuitos, como cadastramento e atualiza\u00e7\u00e3o no sistema do SineBahia, encaminhamento para vagas de emprego e mais<\/p>\n\n\n\n<p><strong>Blog do Eloilton Cajuhy \u2013 BEC<\/strong><\/p>\n\n\n\n<p><strong><a href=\"https:\/\/whatsapp.com\/channel\/0029VaAT7tDLI8Yfj5y9Z50Z\" target=\"_blank\" rel=\"noreferrer noopener\"><mark style=\"background-color:rgba(0, 0, 0, 0)\" class=\"has-inline-color has-luminous-vivid-orange-color\">>> Siga o canal do BEC no WhatsApp<\/mark><\/a><\/strong><\/p>\n\n\n\n<figure class=\"wp-block-image aligncenter size-full\"><a href=\"https:\/\/i0.wp.com\/blogdoeloiltoncajuhy.com.br\/site\/wp-content\/uploads\/2021\/08\/Sinebahia-12062021.jpg\"><img data-recalc-dims=\"1\" fetchpriority=\"high\" decoding=\"async\" width=\"800\" height=\"471\" src=\"https:\/\/i0.wp.com\/blogdoeloiltoncajuhy.com.br\/site\/wp-content\/uploads\/2021\/08\/Sinebahia-12062021.jpg?resize=800%2C471\" alt=\"\" class=\"wp-image-58648\" srcset=\"https:\/\/i0.wp.com\/blogdoeloiltoncajuhy.com.br\/site\/wp-content\/uploads\/2021\/08\/Sinebahia-12062021.jpg?w=948&amp;ssl=1 948w, https:\/\/i0.wp.com\/blogdoeloiltoncajuhy.com.br\/site\/wp-content\/uploads\/2021\/08\/Sinebahia-12062021.jpg?resize=300%2C177&amp;ssl=1 300w, https:\/\/i0.wp.com\/blogdoeloiltoncajuhy.com.br\/site\/wp-content\/uploads\/2021\/08\/Sinebahia-12062021.jpg?resize=768%2C452&amp;ssl=1 768w\" sizes=\"(max-width: 800px) 100vw, 800px\" \/><\/a><\/figure>\n\n\n\n<p>O Governo da Bahia realiza, nesta quinta-feira (30), a segunda edi\u00e7\u00e3o do <strong>Dia T &#8211; Encontro dos Trabalhadores<\/strong>, a\u00e7\u00e3o voltada \u00e0 empregabilidade e gera\u00e7\u00e3o de renda que vai oferecer mais de 3.500 vagas de emprego em diferentes \u00e1reas de atua\u00e7\u00e3o em Senhor do Bonfim e em outros 39 munic\u00edpios baianos.<\/p>\n\n\n\n<p>A iniciativa \u00e9 promovida pela Secretaria do Trabalho, Emprego, Renda e Esporte (Setre), que visa ampliar o acesso da popula\u00e7\u00e3o ao mercado de trabalho e fortalecer as pol\u00edticas p\u00fablicas de gera\u00e7\u00e3o de emprego e renda no estado.<\/p>\n\n\n\n<p>Durante o evento, os trabalhadores ter\u00e3o acesso a servi\u00e7os gratuitos, como cadastramento e atualiza\u00e7\u00e3o no sistema do SineBahia, encaminhamento para vagas de emprego, orienta\u00e7\u00e3o para elabora\u00e7\u00e3o de curr\u00edculo, dicas de comportamento em entrevistas de trabalho e inscri\u00e7\u00f5es em cursos de qualifica\u00e7\u00e3o profissional.<\/p>\n\n\n\n<p>Em Bonfim, ser\u00e3o disponibilizadas 8 vagas de emprego. A a\u00e7\u00e3o acontece na unidade do SineBahia no Central Shopping, Centro da cidade.<\/p>\n\n\n\n<p class=\"has-black-color has-text-color has-link-color wp-elements-e81c8a782d095f98aabf6c6e0597d257\"><strong>Confira os munic\u00edpios participantes e o n\u00famero de vagas ofertadas:<\/strong><\/p>\n\n\n\n<ul class=\"wp-block-list\">\n<li>Alagoinhas: 4<\/li>\n\n\n\n<li>Amargosa: 3<\/li>\n\n\n\n<li>Am\u00e9lia Rodrigues: 10<\/li>\n\n\n\n<li>Barreiras: 73<\/li>\n\n\n\n<li>Cachoeira: 6<\/li>\n\n\n\n<li>Cama\u00e7ari: 93<\/li>\n\n\n\n<li>Cocos: 55<\/li>\n\n\n\n<li>Cris\u00f3polis: 5<\/li>\n\n\n\n<li>Cruz das Almas: 49<\/li>\n\n\n\n<li>Dias d\u2019\u00c1vila: 25<\/li>\n\n\n\n<li>Esplanada: 56<\/li>\n\n\n\n<li>Eun\u00e1polis: 102<\/li>\n\n\n\n<li>Feira de Santana: 42<\/li>\n\n\n\n<li>Ilh\u00e9us: 60<\/li>\n\n\n\n<li>Irec\u00ea: 72<\/li>\n\n\n\n<li>Itabuna: 120<\/li>\n\n\n\n<li>Itamaraju: 18<\/li>\n\n\n\n<li>Itapetinga: 249<\/li>\n\n\n\n<li>Jacobina: 63<\/li>\n\n\n\n<li>Jequi\u00e9: 140<\/li>\n\n\n\n<li>Juazeiro: 41<\/li>\n\n\n\n<li>Lauro de Freitas: 190<\/li>\n\n\n\n<li>Lu\u00eds Eduardo Magalh\u00e3es: 84<\/li>\n\n\n\n<li>Olindina: 1<\/li>\n\n\n\n<li>Paulo Afonso: 10<\/li>\n\n\n\n<li>Porto Seguro: 333<\/li>\n\n\n\n<li>Prado: 13<\/li>\n\n\n\n<li>Ribeira do Pombal: 31<\/li>\n\n\n\n<li>Salvador: 1.258<\/li>\n\n\n\n<li>Santa Cruz Cabr\u00e1lia: 43<\/li>\n\n\n\n<li>Santo Ant\u00f4nio de Jesus: 29<\/li>\n\n\n\n<li>Santo Est\u00eav\u00e3o: 55<\/li>\n\n\n\n<li>Seabra: 1<\/li>\n\n\n\n<li><strong><mark style=\"background-color:rgba(0, 0, 0, 0)\" class=\"has-inline-color has-black-color\">Senhor do Bonfim: 8<\/mark><\/strong><\/li>\n\n\n\n<li>Serrinha: 4<\/li>\n\n\n\n<li>Sim\u00f5es Filho: 53<\/li>\n\n\n\n<li>Sobradinho: 10<\/li>\n\n\n\n<li>Teixeira de Freitas: 31<\/li>\n\n\n\n<li>Valen\u00e7a: 24<\/li>\n\n\n\n<li>Vit\u00f3ria da Conquista: 35<\/li>\n<\/ul>\n","protected":false},"excerpt":{"rendered":"<p>Iniciativa acontece na quinta-feira (30). Os trabalhadores ter\u00e3o acesso a servi\u00e7os gratuitos, como cadastramento e atualiza\u00e7\u00e3o no sistema do SineBahia, encaminhamento para vagas de emprego e mais Blog do Eloilton Cajuhy \u2013 BEC >> Siga o canal do BEC no WhatsApp O Governo da Bahia realiza, nesta quinta-feira (30), a segunda edi\u00e7\u00e3o do Dia T [&hellip;]<\/p>\n","protected":false},"author":2,"featured_media":76696,"comment_status":"open","ping_status":"open","sticky":false,"template":"","format":"standard","meta":{"_acf_changed":false,"_monsterinsights_skip_tracking":false,"_monsterinsights_sitenote_active":false,"_monsterinsights_sitenote_note":"","_monsterinsights_sitenote_category":0,"_jetpack_memberships_contains_paid_content":false,"footnotes":"","jetpack_publicize_message":"","jetpack_publicize_feature_enabled":true,"jetpack_social_post_already_shared":true,"jetpack_social_options":{"image_generator_settings":{"template":"highway","default_image_id":0,"font":"","enabled":false},"version":2}},"categories":[32],"tags":[],"class_list":["post-95302","post","type-post","status-publish","format-standard","has-post-thumbnail","hentry","category-emprego"],"acf":[],"jetpack_publicize_connections":[],"jetpack_featured_media_url":"https:\/\/i0.wp.com\/blogdoeloiltoncajuhy.com.br\/site\/wp-content\/uploads\/2023\/09\/BONFIM_CENTRAL-SHOPPING-E-Foto_Willamas-Correia.jpg?fit=700%2C700&ssl=1","jetpack_sharing_enabled":true,"publishpress_future_workflow_manual_trigger":{"enabledWorkflows":[]},"_links":{"self":[{"href":"https:\/\/blogdoeloiltoncajuhy.com.br\/site\/wp-json\/wp\/v2\/posts\/95302","targetHints":{"allow":["GET"]}}],"collection":[{"href":"https:\/\/blogdoeloiltoncajuhy.com.br\/site\/wp-json\/wp\/v2\/posts"}],"about":[{"href":"https:\/\/blogdoeloiltoncajuhy.com.br\/site\/wp-json\/wp\/v2\/types\/post"}],"author":[{"embeddable":true,"href":"https:\/\/blogdoeloiltoncajuhy.com.br\/site\/wp-json\/wp\/v2\/users\/2"}],"replies":[{"embeddable":true,"href":"https:\/\/blogdoeloiltoncajuhy.com.br\/site\/wp-json\/wp\/v2\/comments?post=95302"}],"version-history":[{"count":1,"href":"https:\/\/blogdoeloiltoncajuhy.com.br\/site\/wp-json\/wp\/v2\/posts\/95302\/revisions"}],"predecessor-version":[{"id":95303,"href":"https:\/\/blogdoeloiltoncajuhy.com.br\/site\/wp-json\/wp\/v2\/posts\/95302\/revisions\/95303"}],"wp:featuredmedia":[{"embeddable":true,"href":"https:\/\/blogdoeloiltoncajuhy.com.br\/site\/wp-json\/wp\/v2\/media\/76696"}],"wp:attachment":[{"href":"https:\/\/blogdoeloiltoncajuhy.com.br\/site\/wp-json\/wp\/v2\/media?parent=95302"}],"wp:term":[{"taxonomy":"category","embeddable":true,"href":"https:\/\/blogdoeloiltoncajuhy.com.br\/site\/wp-json\/wp\/v2\/categories?post=95302"},{"taxonomy":"post_tag","embeddable":true,"href":"https:\/\/blogdoeloiltoncajuhy.com.br\/site\/wp-json\/wp\/v2\/tags?post=95302"}],"curies":[{"name":"wp","href":"https:\/\/api.w.org\/{rel}","templated":true}]}}