{"id":95292,"date":"2026-04-30T00:36:00","date_gmt":"2026-04-30T03:36:00","guid":{"rendered":"https:\/\/blogdoeloiltoncajuhy.com.br\/site\/?p=95292"},"modified":"2026-04-29T19:44:20","modified_gmt":"2026-04-29T22:44:20","slug":"mais-de-um-milhao-de-familias-baianas-deixam-de-receber-gratuidade-no-consumo-de-energia-por-nao-estarem-inscritas-na-tarifa-social","status":"publish","type":"post","link":"https:\/\/blogdoeloiltoncajuhy.com.br\/site\/mais-de-um-milhao-de-familias-baianas-deixam-de-receber-gratuidade-no-consumo-de-energia-por-nao-estarem-inscritas-na-tarifa-social\/","title":{"rendered":"Mais de um milh\u00e3o de fam\u00edlias baianas deixam de receber gratuidade no consumo de energia por n\u00e3o estarem inscritas na Tarifa Social"},"content":{"rendered":"\n<p><strong>Blog do Eloilton Cajuhy \u2013 BEC<\/strong><\/p>\n\n\n\n<p><strong><a href=\"https:\/\/whatsapp.com\/channel\/0029VaAT7tDLI8Yfj5y9Z50Z\" target=\"_blank\" rel=\"noreferrer noopener\"><mark style=\"background-color:rgba(0, 0, 0, 0)\" class=\"has-inline-color has-luminous-vivid-orange-color\">>> Siga o canal do BEC no WhatsApp<\/mark><\/a><\/strong><\/p>\n\n\n\n<figure class=\"wp-block-image aligncenter size-full is-resized\"><a href=\"https:\/\/i0.wp.com\/blogdoeloiltoncajuhy.com.br\/site\/wp-content\/uploads\/2026\/04\/Tarifa-social-de-energia-eletrica-conta-de-luz-290426.jpg?ssl=1\"><img data-recalc-dims=\"1\" fetchpriority=\"high\" decoding=\"async\" width=\"680\" height=\"453\" src=\"https:\/\/i0.wp.com\/blogdoeloiltoncajuhy.com.br\/site\/wp-content\/uploads\/2026\/04\/Tarifa-social-de-energia-eletrica-conta-de-luz-290426.jpg?resize=680%2C453&#038;ssl=1\" alt=\"\" class=\"wp-image-95293\" style=\"width:794px;height:auto\" srcset=\"https:\/\/i0.wp.com\/blogdoeloiltoncajuhy.com.br\/site\/wp-content\/uploads\/2026\/04\/Tarifa-social-de-energia-eletrica-conta-de-luz-290426.jpg?w=680&amp;ssl=1 680w, https:\/\/i0.wp.com\/blogdoeloiltoncajuhy.com.br\/site\/wp-content\/uploads\/2026\/04\/Tarifa-social-de-energia-eletrica-conta-de-luz-290426.jpg?resize=300%2C200&amp;ssl=1 300w\" sizes=\"(max-width: 680px) 100vw, 680px\" \/><\/a><figcaption class=\"wp-element-caption\"><sub>Foto: Divulga\u00e7\u00e3o \/ Neoenergia Coelba<\/sub><\/figcaption><\/figure>\n\n\n\n<p>Mais de um milh\u00e3o de fam\u00edlias baianas deixam de receber gratuidade no consumo de energia por n\u00e3o estarem inscritas na Tarifa Social de Energia El\u00e9trica. O levantamento foi realizado pela distribuidora com base em dados fornecidos pelo Minist\u00e9rio da Cidadania e pela Ag\u00eancia Nacional de Energia El\u00e9trica (Aneel).<\/p>\n\n\n\n<p>Salvador \u00e9 a cidade com maior n\u00famero de fam\u00edlias aptas ao desconto: 182 mil. Esse n\u00famero representa mais que o dobro dos clientes que j\u00e1 recebem o benef\u00edcio atualmente, cerca de 86 mil. Feira de Santana \u00e9 a segunda cidade com mais benefici\u00e1rios potenciais (33 mil), seguida por Cama\u00e7ari (22 mil).<\/p>\n\n\n\n<p>Atualmente, a Neoenergia Coelba possui 1,8 milh\u00e3o de fam\u00edlias cadastradas na Tarifa Social. Ciente de que se trata de um direito dos consumidores, a concession\u00e1ria realiza mensalmente o cadastro proativo de fam\u00edlias. Os requisitos para a Tarifa Social n\u00e3o se restringem ao titular da conta de energia \u2014 valem para todos os moradores da resid\u00eancia. Quando o benefici\u00e1rio do programa social n\u00e3o \u00e9 o titular da fatura (como nos casos de aluguel ou resid\u00eancia cedida), \u00e9 necess\u00e1rio que o cliente entre em contato com a distribuidora e informe a situa\u00e7\u00e3o. Importante: o cliente cadastrado no programa n\u00e3o perde nenhum outro benef\u00edcio do governo federal.<\/p>\n\n\n\n<p class=\"has-black-color has-text-color has-link-color has-medium-font-size wp-elements-b8f5d525506fa2ab7edacd6fc6d0c273\"><strong>Quem tem direito \u00e0 Tarifa Social<\/strong><\/p>\n\n\n\n<p>T\u00eam direito \u00e0 Tarifa Social as fam\u00edlias inscritas no Cad\u00danico e que possuam o N\u00famero de Identifica\u00e7\u00e3o Social (NIS) ou o N\u00famero do Benef\u00edcio (NB), com renda per capita de at\u00e9 meio sal\u00e1rio-m\u00ednimo, incluindo ind\u00edgenas e quilombolas; as fam\u00edlias de baixa renda que tenham idoso ou pessoa com defici\u00eancia que receba o Benef\u00edcio de Presta\u00e7\u00e3o Continuada da Assist\u00eancia Social (BPC); e aquelas cadastradas no Cad\u00danico com renda mensal de at\u00e9 tr\u00eas sal\u00e1rios-m\u00ednimos, que possuam algum membro com doen\u00e7a ou condi\u00e7\u00e3o de sa\u00fade que exija o uso cont\u00ednuo de aparelhos el\u00e9tricos essenciais \u00e0 vida.<\/p>\n\n\n\n<p class=\"has-black-color has-text-color has-link-color has-medium-font-size wp-elements-0a431bd8bccdc0df44f95081a389ba7d\"><strong>Gratuidade no consumo de at\u00e9 80 kWh<\/strong><\/p>\n\n\n\n<p>A Tarifa Social garante 100% de desconto nos primeiros 80 kWh\/m\u00eas consumidos por fam\u00edlias classificadas como baixa renda. Se o consumo ultrapassar 80 kWh, o valor excedente \u00e9 cobrado normalmente. Por exemplo, uma fam\u00edlia que consome 100 kWh\/m\u00eas pagar\u00e1 apenas pelos 20 kWh adicionais.<\/p>\n\n\n\n<p>A inscri\u00e7\u00e3o na Tarifa Social \u00e9 simples e gratuita. O cliente pode fazer a solicita\u00e7\u00e3o pelos seguintes canais:<\/p>\n\n\n\n<ul class=\"wp-block-list\">\n<li><strong><mark style=\"background-color:rgba(0, 0, 0, 0)\" class=\"has-inline-color has-black-color\">WhatsApp:<\/mark><\/strong> (71) 3370-6350<\/li>\n\n\n\n<li><strong><mark style=\"background-color:rgba(0, 0, 0, 0)\" class=\"has-inline-color has-black-color\">Site:<\/mark><\/strong> <a href=\"http:\/\/www.neoenergia.com\/bahia\"><strong><mark style=\"background-color:rgba(0, 0, 0, 0)\" class=\"has-inline-color has-vivid-cyan-blue-color\">www.neoenergia.com\/bahia<\/mark><\/strong><\/a>\u2060<\/li>\n\n\n\n<li>Lojas de atendimento presencial<\/li>\n<\/ul>\n\n\n\n<p><\/p>\n\n\n\n<p>\u00c9 necess\u00e1rio informar o n\u00famero do NIS ou NB. N\u00e3o h\u00e1 prazo limite para o pedido \u2014 o consumidor pode se cadastrar a qualquer momento, desde que atenda aos crit\u00e9rios exigidos e apresente a documenta\u00e7\u00e3o necess\u00e1ria.<\/p>\n","protected":false},"excerpt":{"rendered":"<p>Blog do Eloilton Cajuhy \u2013 BEC >> Siga o canal do BEC no WhatsApp Mais de um milh\u00e3o de fam\u00edlias baianas deixam de receber gratuidade no consumo de energia por n\u00e3o estarem inscritas na Tarifa Social de Energia El\u00e9trica. O levantamento foi realizado pela distribuidora com base em dados fornecidos pelo Minist\u00e9rio da Cidadania e [&hellip;]<\/p>\n","protected":false},"author":2,"featured_media":95293,"comment_status":"open","ping_status":"open","sticky":false,"template":"","format":"standard","meta":{"_acf_changed":false,"_monsterinsights_skip_tracking":false,"_monsterinsights_sitenote_active":false,"_monsterinsights_sitenote_note":"","_monsterinsights_sitenote_category":0,"_jetpack_memberships_contains_paid_content":false,"footnotes":"","jetpack_publicize_message":"","jetpack_publicize_feature_enabled":true,"jetpack_social_post_already_shared":true,"jetpack_social_options":{"image_generator_settings":{"template":"highway","default_image_id":0,"font":"","enabled":false},"version":2}},"categories":[31],"tags":[],"class_list":["post-95292","post","type-post","status-publish","format-standard","has-post-thumbnail","hentry","category-economia"],"acf":[],"jetpack_publicize_connections":[],"jetpack_featured_media_url":"https:\/\/i0.wp.com\/blogdoeloiltoncajuhy.com.br\/site\/wp-content\/uploads\/2026\/04\/Tarifa-social-de-energia-eletrica-conta-de-luz-290426.jpg?fit=680%2C453&ssl=1","jetpack_sharing_enabled":true,"publishpress_future_workflow_manual_trigger":{"enabledWorkflows":[]},"_links":{"self":[{"href":"https:\/\/blogdoeloiltoncajuhy.com.br\/site\/wp-json\/wp\/v2\/posts\/95292","targetHints":{"allow":["GET"]}}],"collection":[{"href":"https:\/\/blogdoeloiltoncajuhy.com.br\/site\/wp-json\/wp\/v2\/posts"}],"about":[{"href":"https:\/\/blogdoeloiltoncajuhy.com.br\/site\/wp-json\/wp\/v2\/types\/post"}],"author":[{"embeddable":true,"href":"https:\/\/blogdoeloiltoncajuhy.com.br\/site\/wp-json\/wp\/v2\/users\/2"}],"replies":[{"embeddable":true,"href":"https:\/\/blogdoeloiltoncajuhy.com.br\/site\/wp-json\/wp\/v2\/comments?post=95292"}],"version-history":[{"count":1,"href":"https:\/\/blogdoeloiltoncajuhy.com.br\/site\/wp-json\/wp\/v2\/posts\/95292\/revisions"}],"predecessor-version":[{"id":95294,"href":"https:\/\/blogdoeloiltoncajuhy.com.br\/site\/wp-json\/wp\/v2\/posts\/95292\/revisions\/95294"}],"wp:featuredmedia":[{"embeddable":true,"href":"https:\/\/blogdoeloiltoncajuhy.com.br\/site\/wp-json\/wp\/v2\/media\/95293"}],"wp:attachment":[{"href":"https:\/\/blogdoeloiltoncajuhy.com.br\/site\/wp-json\/wp\/v2\/media?parent=95292"}],"wp:term":[{"taxonomy":"category","embeddable":true,"href":"https:\/\/blogdoeloiltoncajuhy.com.br\/site\/wp-json\/wp\/v2\/categories?post=95292"},{"taxonomy":"post_tag","embeddable":true,"href":"https:\/\/blogdoeloiltoncajuhy.com.br\/site\/wp-json\/wp\/v2\/tags?post=95292"}],"curies":[{"name":"wp","href":"https:\/\/api.w.org\/{rel}","templated":true}]}}