{"id":95282,"date":"2026-04-29T14:48:48","date_gmt":"2026-04-29T17:48:48","guid":{"rendered":"https:\/\/blogdoeloiltoncajuhy.com.br\/site\/?p=95282"},"modified":"2026-04-29T14:48:50","modified_gmt":"2026-04-29T17:48:50","slug":"um-legado-que-permanece-vivo-10-anos-de-saudade-do-professor-paulo-machado","status":"publish","type":"post","link":"https:\/\/blogdoeloiltoncajuhy.com.br\/site\/um-legado-que-permanece-vivo-10-anos-de-saudade-do-professor-paulo-machado\/","title":{"rendered":"Um legado que permanece vivo: 10 anos de saudade do Professor Paulo Machado"},"content":{"rendered":"\n<p class=\"has-medium-font-size\"><strong>A mem\u00f3ria de um l\u00edder marcado pela humildade, pelo carinho no trato com as pessoas e pelo compromisso com a educa\u00e7\u00e3o e com o povo de Senhor do Bonfim<\/strong><\/p>\n\n\n\n<p><strong>Por Blog do Eloilton Cajuhy \u2013 BEC<\/strong><\/p>\n\n\n\n<p><strong><a href=\"https:\/\/whatsapp.com\/channel\/0029VaAT7tDLI8Yfj5y9Z50Z\" target=\"_blank\" rel=\"noreferrer noopener\"><mark style=\"background-color:rgba(0, 0, 0, 0)\" class=\"has-inline-color has-luminous-vivid-orange-color\">>> Siga o canal do BEC no WhatsApp<\/mark><\/a><\/strong><\/p>\n\n\n\n<figure class=\"wp-block-image aligncenter size-full is-resized\"><a href=\"https:\/\/i0.wp.com\/blogdoeloiltoncajuhy.com.br\/site\/wp-content\/uploads\/2026\/04\/Paulo-Machado-290426-01.png\"><img data-recalc-dims=\"1\" fetchpriority=\"high\" decoding=\"async\" width=\"521\" height=\"751\" src=\"https:\/\/i0.wp.com\/blogdoeloiltoncajuhy.com.br\/site\/wp-content\/uploads\/2026\/04\/Paulo-Machado-290426-01.png?resize=521%2C751\" alt=\"\" class=\"wp-image-95283\" style=\"width:474px;height:auto\" srcset=\"https:\/\/i0.wp.com\/blogdoeloiltoncajuhy.com.br\/site\/wp-content\/uploads\/2026\/04\/Paulo-Machado-290426-01.png?w=521&amp;ssl=1 521w, https:\/\/i0.wp.com\/blogdoeloiltoncajuhy.com.br\/site\/wp-content\/uploads\/2026\/04\/Paulo-Machado-290426-01.png?resize=208%2C300&amp;ssl=1 208w\" sizes=\"(max-width: 521px) 100vw, 521px\" \/><\/a><figcaption class=\"wp-element-caption\"><sub>Foto: Mauro Coelho<\/sub><\/figcaption><\/figure>\n\n\n\n<p>Hoje, 29 de abril de 2026, marca uma d\u00e9cada da partida do Professor Paulo Batista Machado, ex-prefeito de Senhor do Bonfim, educador por ess\u00eancia e um homem cuja trajet\u00f3ria se confunde com a hist\u00f3ria recente do nosso munic\u00edpio.<\/p>\n\n\n\n<p>Mais do que t\u00edtulos acad\u00eamicos \u2014 e foram muitos \u2014 Paulo Machado carregava consigo uma voca\u00e7\u00e3o genu\u00edna para ensinar, aprender e, acima de tudo, cuidar de gente. Licenciado em Filosofia, Teologia e Hist\u00f3ria, Mestre e Doutor em Educa\u00e7\u00e3o, com forma\u00e7\u00e3o no Brasil e no exterior, ele poderia ter escolhido qualquer caminho. Mas escolheu servir.<\/p>\n\n\n\n<p>Seu compromisso com a educa\u00e7\u00e3o n\u00e3o era apenas t\u00e9cnico, era humano. Ele acreditava que educar era transformar vidas, abrir caminhos e devolver dignidade \u00e0s pessoas. E foi com esse pensamento que atuou como secret\u00e1rio de educa\u00e7\u00e3o e tamb\u00e9m como prefeito de Senhor do Bonfim entre 2009 e 2012, sempre guiado por um olhar sens\u00edvel e respons\u00e1vel para as necessidades do povo.<\/p>\n\n\n\n<p>Quem teve a oportunidade de conviver com o Professor Paulo Machado guarda na mem\u00f3ria algo que vai al\u00e9m de cargos e curr\u00edculos: sua forma simples de viver e sua maneira carinhosa de tratar cada pessoa. Ele ouvia, acolhia e respeitava \u2014 qualidades raras, especialmente na vida p\u00fablica.<\/p>\n\n\n\n<p>Sua humildade n\u00e3o diminu\u00eda sua grandeza; ao contr\u00e1rio, a tornava ainda mais evidente. Era um l\u00edder que n\u00e3o precisava de imposi\u00e7\u00e3o, pois conquistava pelo exemplo. Um homem de fala tranquila, mas de atitudes firmes. Um gestor que compreendia que governar \u00e9, antes de tudo, cuidar.<\/p>\n\n\n\n<p>Dez anos se passaram, mas sua presen\u00e7a ainda \u00e9 sentida nas lembran\u00e7as, nas hist\u00f3rias contadas e no legado deixado. O Professor Paulo Machado n\u00e3o foi apenas um gestor p\u00fablico \u2014 foi um educador de vidas, um construtor de pontes e um s\u00edmbolo de que \u00e9 poss\u00edvel fazer pol\u00edtica com respeito, sensibilidade e humanidade.<\/p>\n\n\n\n<p>Hoje, fica a saudade. Mas, acima de tudo, fica o exemplo.<\/p>\n\n\n\n<figure class=\"wp-block-image aligncenter size-full\"><a href=\"https:\/\/i0.wp.com\/blogdoeloiltoncajuhy.com.br\/site\/wp-content\/uploads\/2026\/04\/Paulo-Machado-290426-02.png?ssl=1\"><img data-recalc-dims=\"1\" decoding=\"async\" width=\"520\" height=\"708\" src=\"https:\/\/i0.wp.com\/blogdoeloiltoncajuhy.com.br\/site\/wp-content\/uploads\/2026\/04\/Paulo-Machado-290426-02.png?resize=520%2C708&#038;ssl=1\" alt=\"\" class=\"wp-image-95284\" srcset=\"https:\/\/i0.wp.com\/blogdoeloiltoncajuhy.com.br\/site\/wp-content\/uploads\/2026\/04\/Paulo-Machado-290426-02.png?w=520&amp;ssl=1 520w, https:\/\/i0.wp.com\/blogdoeloiltoncajuhy.com.br\/site\/wp-content\/uploads\/2026\/04\/Paulo-Machado-290426-02.png?resize=220%2C300&amp;ssl=1 220w\" sizes=\"(max-width: 520px) 100vw, 520px\" \/><\/a><figcaption class=\"wp-element-caption\"><sub>Foto: Mauro Coelho<\/sub><\/figcaption><\/figure>\n","protected":false},"excerpt":{"rendered":"<p>A mem\u00f3ria de um l\u00edder marcado pela humildade, pelo carinho no trato com as pessoas e pelo compromisso com a educa\u00e7\u00e3o e com o povo de Senhor do Bonfim Por Blog do Eloilton Cajuhy \u2013 BEC >> Siga o canal do BEC no WhatsApp Hoje, 29 de abril de 2026, marca uma d\u00e9cada da partida [&hellip;]<\/p>\n","protected":false},"author":2,"featured_media":95283,"comment_status":"open","ping_status":"open","sticky":false,"template":"","format":"standard","meta":{"_acf_changed":false,"_monsterinsights_skip_tracking":false,"_monsterinsights_sitenote_active":false,"_monsterinsights_sitenote_note":"","_monsterinsights_sitenote_category":0,"_jetpack_memberships_contains_paid_content":false,"footnotes":"","jetpack_publicize_message":"","jetpack_publicize_feature_enabled":true,"jetpack_social_post_already_shared":true,"jetpack_social_options":{"image_generator_settings":{"template":"highway","default_image_id":0,"font":"","enabled":false},"version":2}},"categories":[2],"tags":[],"class_list":["post-95282","post","type-post","status-publish","format-standard","has-post-thumbnail","hentry","category-opiniao"],"acf":[],"jetpack_publicize_connections":[],"jetpack_featured_media_url":"https:\/\/i0.wp.com\/blogdoeloiltoncajuhy.com.br\/site\/wp-content\/uploads\/2026\/04\/Paulo-Machado-290426-01.png?fit=521%2C751&ssl=1","jetpack_sharing_enabled":true,"publishpress_future_workflow_manual_trigger":{"enabledWorkflows":[]},"_links":{"self":[{"href":"https:\/\/blogdoeloiltoncajuhy.com.br\/site\/wp-json\/wp\/v2\/posts\/95282","targetHints":{"allow":["GET"]}}],"collection":[{"href":"https:\/\/blogdoeloiltoncajuhy.com.br\/site\/wp-json\/wp\/v2\/posts"}],"about":[{"href":"https:\/\/blogdoeloiltoncajuhy.com.br\/site\/wp-json\/wp\/v2\/types\/post"}],"author":[{"embeddable":true,"href":"https:\/\/blogdoeloiltoncajuhy.com.br\/site\/wp-json\/wp\/v2\/users\/2"}],"replies":[{"embeddable":true,"href":"https:\/\/blogdoeloiltoncajuhy.com.br\/site\/wp-json\/wp\/v2\/comments?post=95282"}],"version-history":[{"count":1,"href":"https:\/\/blogdoeloiltoncajuhy.com.br\/site\/wp-json\/wp\/v2\/posts\/95282\/revisions"}],"predecessor-version":[{"id":95285,"href":"https:\/\/blogdoeloiltoncajuhy.com.br\/site\/wp-json\/wp\/v2\/posts\/95282\/revisions\/95285"}],"wp:featuredmedia":[{"embeddable":true,"href":"https:\/\/blogdoeloiltoncajuhy.com.br\/site\/wp-json\/wp\/v2\/media\/95283"}],"wp:attachment":[{"href":"https:\/\/blogdoeloiltoncajuhy.com.br\/site\/wp-json\/wp\/v2\/media?parent=95282"}],"wp:term":[{"taxonomy":"category","embeddable":true,"href":"https:\/\/blogdoeloiltoncajuhy.com.br\/site\/wp-json\/wp\/v2\/categories?post=95282"},{"taxonomy":"post_tag","embeddable":true,"href":"https:\/\/blogdoeloiltoncajuhy.com.br\/site\/wp-json\/wp\/v2\/tags?post=95282"}],"curies":[{"name":"wp","href":"https:\/\/api.w.org\/{rel}","templated":true}]}}