{"id":95280,"date":"2026-04-29T08:50:16","date_gmt":"2026-04-29T11:50:16","guid":{"rendered":"https:\/\/blogdoeloiltoncajuhy.com.br\/site\/?p=95280"},"modified":"2026-04-29T08:50:18","modified_gmt":"2026-04-29T11:50:18","slug":"publicada-mp-que-abre-credito-extraordinario-destinado-a-conter-a-alta-do-preco-do-gas-de-cozinha","status":"publish","type":"post","link":"https:\/\/blogdoeloiltoncajuhy.com.br\/site\/publicada-mp-que-abre-credito-extraordinario-destinado-a-conter-a-alta-do-preco-do-gas-de-cozinha\/","title":{"rendered":"Publicada MP que abre cr\u00e9dito extraordin\u00e1rio destinado a conter a alta do pre\u00e7o do g\u00e1s de cozinha"},"content":{"rendered":"\n<p class=\"has-medium-font-size\"><strong>Recursos, da ordem de R$ 330 milh\u00f5es, ser\u00e3o destinados ao Minist\u00e9rio de Minas e Energia e usados para evitar o repasse da alta internacional ao consumidor e proteger as fam\u00edlias dos impactos da guerra no Oriente M\u00e9dio<\/strong><\/p>\n\n\n\n<p><strong>Blog do Eloilton Cajuhy \u2013 BEC<\/strong><\/p>\n\n\n\n<p><strong><a href=\"https:\/\/whatsapp.com\/channel\/0029VaAT7tDLI8Yfj5y9Z50Z\" target=\"_blank\" rel=\"noreferrer noopener\"><mark style=\"background-color:rgba(0, 0, 0, 0)\" class=\"has-inline-color has-luminous-vivid-orange-color\">>> Siga o canal do BEC no WhatsApp<\/mark><\/a><\/strong><\/p>\n\n\n\n<figure class=\"wp-block-image aligncenter size-full is-resized\"><a href=\"https:\/\/i0.wp.com\/blogdoeloiltoncajuhy.com.br\/site\/wp-content\/uploads\/2022\/10\/gas-de-cozinha-Foto_Pedro-Ventura-Agencia-Brasilia.jpg\"><img data-recalc-dims=\"1\" fetchpriority=\"high\" decoding=\"async\" width=\"600\" height=\"420\" src=\"https:\/\/i0.wp.com\/blogdoeloiltoncajuhy.com.br\/site\/wp-content\/uploads\/2022\/10\/gas-de-cozinha-Foto_Pedro-Ventura-Agencia-Brasilia.jpg?resize=600%2C420\" alt=\"\" class=\"wp-image-69752\" style=\"width:637px;height:auto\" srcset=\"https:\/\/i0.wp.com\/blogdoeloiltoncajuhy.com.br\/site\/wp-content\/uploads\/2022\/10\/gas-de-cozinha-Foto_Pedro-Ventura-Agencia-Brasilia.jpg?w=600&amp;ssl=1 600w, https:\/\/i0.wp.com\/blogdoeloiltoncajuhy.com.br\/site\/wp-content\/uploads\/2022\/10\/gas-de-cozinha-Foto_Pedro-Ventura-Agencia-Brasilia.jpg?resize=300%2C210&amp;ssl=1 300w\" sizes=\"(max-width: 600px) 100vw, 600px\" \/><\/a><\/figure>\n\n\n\n<p>O Di\u00e1rio Oficial da Uni\u00e3o desta ter\u00e7a-feira, 28 de abril, trouxe a Medida Provis\u00f3ria n\u00ba 1.351\/2026, assinada pelo presidente Luiz In\u00e1cio Lula da Silva, que abre cr\u00e9dito extraordin\u00e1rio no valor de R$ 330 milh\u00f5es para serem destinados ao Minist\u00e9rio de Minas e Energia para viabilizar a subven\u00e7\u00e3o econ\u00f4mica \u00e0 importa\u00e7\u00e3o de G\u00e1s Liquefeito de Petr\u00f3leo (GLP).<\/p>\n\n\n\n<p>A medida garante que o produto importado seja comercializado pelo mesmo pre\u00e7o do produzido no pa\u00eds. O objetivo \u00e9 minimizar os impactos da guerra no Oriente M\u00e9dio sobre o pre\u00e7o do g\u00e1s de cozinha e proteger as fam\u00edlias brasileiras.<\/p>\n\n\n\n<p>A subven\u00e7\u00e3o se aplica aos produtos entregues entre 1\u00ba de abril e 31 de maio deste ano, com possibilidade de prorroga\u00e7\u00e3o por mais dois meses.<\/p>\n\n\n\n<p>Ao justificar a edi\u00e7\u00e3o da MP, o Governo do Brasil destacou os efeitos da guerra e explicou que a eleva\u00e7\u00e3o do pre\u00e7o do GLP decorre, entre outros fatores, do aumento no pre\u00e7o do petr\u00f3leo bruto, do encarecimento do transporte de cargas e do impacto direto nos pre\u00e7os internacionais do g\u00e1s, considerando que o Brasil importa cerca de 20% do GLP consumido no pa\u00eds.<\/p>\n\n\n\n<p>No in\u00edcio deste m\u00eas, o Governo do Brasil j\u00e1 havia adotado outras medidas para conter os impactos da alta dos combust\u00edveis sobre a popula\u00e7\u00e3o. Entre elas, destacam-se subven\u00e7\u00f5es \u00e0 importa\u00e7\u00e3o de diesel e incentivos \u00e0 produ\u00e7\u00e3o nacional do combust\u00edvel.<\/p>\n","protected":false},"excerpt":{"rendered":"<p>Recursos, da ordem de R$ 330 milh\u00f5es, ser\u00e3o destinados ao Minist\u00e9rio de Minas e Energia e usados para evitar o repasse da alta internacional ao consumidor e proteger as fam\u00edlias dos impactos da guerra no Oriente M\u00e9dio Blog do Eloilton Cajuhy \u2013 BEC >> Siga o canal do BEC no WhatsApp O Di\u00e1rio Oficial da [&hellip;]<\/p>\n","protected":false},"author":2,"featured_media":69752,"comment_status":"open","ping_status":"open","sticky":false,"template":"","format":"standard","meta":{"_acf_changed":false,"_monsterinsights_skip_tracking":false,"_monsterinsights_sitenote_active":false,"_monsterinsights_sitenote_note":"","_monsterinsights_sitenote_category":0,"_jetpack_memberships_contains_paid_content":false,"footnotes":"","jetpack_publicize_message":"","jetpack_publicize_feature_enabled":true,"jetpack_social_post_already_shared":false,"jetpack_social_options":{"image_generator_settings":{"template":"highway","default_image_id":0,"font":"","enabled":false},"version":2}},"categories":[31],"tags":[],"class_list":["post-95280","post","type-post","status-publish","format-standard","has-post-thumbnail","hentry","category-economia"],"acf":[],"jetpack_publicize_connections":[],"jetpack_featured_media_url":"https:\/\/i0.wp.com\/blogdoeloiltoncajuhy.com.br\/site\/wp-content\/uploads\/2022\/10\/gas-de-cozinha-Foto_Pedro-Ventura-Agencia-Brasilia.jpg?fit=600%2C420&ssl=1","jetpack_sharing_enabled":true,"publishpress_future_workflow_manual_trigger":{"enabledWorkflows":[]},"_links":{"self":[{"href":"https:\/\/blogdoeloiltoncajuhy.com.br\/site\/wp-json\/wp\/v2\/posts\/95280","targetHints":{"allow":["GET"]}}],"collection":[{"href":"https:\/\/blogdoeloiltoncajuhy.com.br\/site\/wp-json\/wp\/v2\/posts"}],"about":[{"href":"https:\/\/blogdoeloiltoncajuhy.com.br\/site\/wp-json\/wp\/v2\/types\/post"}],"author":[{"embeddable":true,"href":"https:\/\/blogdoeloiltoncajuhy.com.br\/site\/wp-json\/wp\/v2\/users\/2"}],"replies":[{"embeddable":true,"href":"https:\/\/blogdoeloiltoncajuhy.com.br\/site\/wp-json\/wp\/v2\/comments?post=95280"}],"version-history":[{"count":1,"href":"https:\/\/blogdoeloiltoncajuhy.com.br\/site\/wp-json\/wp\/v2\/posts\/95280\/revisions"}],"predecessor-version":[{"id":95281,"href":"https:\/\/blogdoeloiltoncajuhy.com.br\/site\/wp-json\/wp\/v2\/posts\/95280\/revisions\/95281"}],"wp:featuredmedia":[{"embeddable":true,"href":"https:\/\/blogdoeloiltoncajuhy.com.br\/site\/wp-json\/wp\/v2\/media\/69752"}],"wp:attachment":[{"href":"https:\/\/blogdoeloiltoncajuhy.com.br\/site\/wp-json\/wp\/v2\/media?parent=95280"}],"wp:term":[{"taxonomy":"category","embeddable":true,"href":"https:\/\/blogdoeloiltoncajuhy.com.br\/site\/wp-json\/wp\/v2\/categories?post=95280"},{"taxonomy":"post_tag","embeddable":true,"href":"https:\/\/blogdoeloiltoncajuhy.com.br\/site\/wp-json\/wp\/v2\/tags?post=95280"}],"curies":[{"name":"wp","href":"https:\/\/api.w.org\/{rel}","templated":true}]}}