{"id":95277,"date":"2026-04-29T08:41:32","date_gmt":"2026-04-29T11:41:32","guid":{"rendered":"https:\/\/blogdoeloiltoncajuhy.com.br\/site\/?p=95277"},"modified":"2026-04-29T08:41:34","modified_gmt":"2026-04-29T11:41:34","slug":"violencia-de-agentes-publicos-contra-mulheres-negras-expoe-padrao-estrutural-no-brasil","status":"publish","type":"post","link":"https:\/\/blogdoeloiltoncajuhy.com.br\/site\/violencia-de-agentes-publicos-contra-mulheres-negras-expoe-padrao-estrutural-no-brasil\/","title":{"rendered":"Viol\u00eancia de agentes p\u00fablicos contra mulheres negras exp\u00f5e padr\u00e3o estrutural no Brasil"},"content":{"rendered":"\n<p class=\"has-medium-font-size\"><strong>Casos recentes reacendem debate sobre abuso de autoridade<\/strong><\/p>\n\n\n\n<p><strong>Blog do Eloilton Cajuhy \u2013 BEC<\/strong><\/p>\n\n\n\n<p><strong><a href=\"https:\/\/whatsapp.com\/channel\/0029VaAT7tDLI8Yfj5y9Z50Z\" target=\"_blank\" rel=\"noreferrer noopener\"><mark style=\"background-color:rgba(0, 0, 0, 0)\" class=\"has-inline-color has-luminous-vivid-orange-color\">>> Siga o canal do BEC no WhatsApp<\/mark><\/a><\/strong><\/p>\n\n\n\n<figure class=\"wp-block-image aligncenter size-full is-resized\"><a href=\"https:\/\/i0.wp.com\/blogdoeloiltoncajuhy.com.br\/site\/wp-content\/uploads\/2026\/04\/violencia-contra-negras-Reproducao.jpeg?ssl=1\"><img data-recalc-dims=\"1\" fetchpriority=\"high\" decoding=\"async\" width=\"768\" height=\"715\" src=\"https:\/\/i0.wp.com\/blogdoeloiltoncajuhy.com.br\/site\/wp-content\/uploads\/2026\/04\/violencia-contra-negras-Reproducao.jpeg?resize=768%2C715&#038;ssl=1\" alt=\"\" class=\"wp-image-95278\" style=\"aspect-ratio:1.0741350906095553;width:631px;height:auto\" srcset=\"https:\/\/i0.wp.com\/blogdoeloiltoncajuhy.com.br\/site\/wp-content\/uploads\/2026\/04\/violencia-contra-negras-Reproducao.jpeg?w=768&amp;ssl=1 768w, https:\/\/i0.wp.com\/blogdoeloiltoncajuhy.com.br\/site\/wp-content\/uploads\/2026\/04\/violencia-contra-negras-Reproducao.jpeg?resize=300%2C279&amp;ssl=1 300w\" sizes=\"(max-width: 768px) 100vw, 768px\" \/><\/a><figcaption class=\"wp-element-caption\"><sub>Reprodu\u00e7\u00e3o<\/sub><\/figcaption><\/figure>\n\n\n\n<p>Ocorr\u00eancias recentes de viol\u00eancia envolvendo agentes p\u00fablicos e mulheres negras voltaram a acender o alerta sobre a atua\u00e7\u00e3o das for\u00e7as de seguran\u00e7a no Brasil.<\/p>\n\n\n\n<p>\u201cN\u00e3o estamos diante de casos isolados, mas da express\u00e3o de um padr\u00e3o hist\u00f3rico de viol\u00eancia institucional que tem ra\u00e7a, g\u00eanero e territ\u00f3rio definidos. Mulheres negras seguem sendo tratadas como corpos pass\u00edveis de controle, puni\u00e7\u00e3o e viola\u00e7\u00e3o por parte do Estado\u201d, afirma L\u00facia Xavier, coordenadora-geral de CRIOLA, organiza\u00e7\u00e3o de mulheres negras.<\/p>\n\n\n\n<p>Situa\u00e7\u00f5es registradas neste m\u00eas \u2014 como a agress\u00e3o de uma mulher negra por guardas municipais em Osasco-SP, flagrada em v\u00eddeo recebendo um tapa no rosto e sendo imobilizada pelo pesco\u00e7o, e o caso de uma trabalhadora dom\u00e9stica, tamb\u00e9m em S\u00e3o Paulo, imobilizada e algemada por policiais militares ap\u00f3s cobrar o pagamento de di\u00e1rias \u2014 evidenciam pr\u00e1ticas abusivas e refor\u00e7am um padr\u00e3o j\u00e1 denunciado por organiza\u00e7\u00f5es da sociedade civil. No segundo epis\u00f3dio, a abordagem ocorreu diante da filha da trabalhadora, de 7 anos, o que ampliou a repercuss\u00e3o e os questionamentos sobre o uso da for\u00e7a em uma situa\u00e7\u00e3o de natureza trabalhista.<\/p>\n\n\n\n<p>Para especialistas, os casos n\u00e3o s\u00e3o isolados. Eles se inserem em um contexto hist\u00f3rico de viol\u00eancia estatal que atinge de forma desproporcional mulheres negras, combinando racismo estrutural e desigualdade de g\u00eanero. O Relat\u00f3rio \u201cImpacto da Viol\u00eancia produzida pelas pol\u00edcias brasileiras contra as mulheres negras cis e trans\u201d, de CRIOLA, aponta que a atua\u00e7\u00e3o das for\u00e7as de seguran\u00e7a no pa\u00eds \u00e9 marcada pelo uso excessivo da for\u00e7a, por pr\u00e1ticas discriminat\u00f3rias e por um padr\u00e3o institucional que invisibiliza essas viola\u00e7\u00f5es.<\/p>\n\n\n\n<p>De acordo com o relat\u00f3rio, a viol\u00eancia produzida por agentes do Estado contra mulheres negras n\u00e3o se limita a abordagens policiais agressivas. Inclui viol\u00eancia f\u00edsica, sexual, psicol\u00f3gica e institucional, al\u00e9m de impactos indiretos, como o encarceramento em massa e a vitimiza\u00e7\u00e3o de familiares em opera\u00e7\u00f5es policiais.<\/p>\n\n\n\n<p>O documento destaca ainda que o Brasil enfrenta um cen\u00e1rio de viol\u00eancia policial persistente, com mais de 43 mil mortes provocadas por interven\u00e7\u00f5es policiais entre 2013 e 2021, sendo a maioria das v\u00edtimas pessoas negras. Ainda que os homens representam a maior parte dos casos de letalidade, mulheres negras s\u00e3o atingidas de forma m\u00faltipla e interseccional.<\/p>\n\n\n\n<p>CRIOLA aponta que h\u00e1 um padr\u00e3o espec\u00edfico na forma como essas viol\u00eancias se manifestam contra mulheres negras. Segundo o relat\u00f3rio, a atua\u00e7\u00e3o policial frequentemente envolve pr\u00e1ticas de humilha\u00e7\u00e3o, sexualiza\u00e7\u00e3o e rebaixamento das v\u00edtimas, refletindo uma l\u00f3gica institucional baseada no racismo patriarcal cis-heteronormativo.<\/p>\n\n\n\n<p>O ponto cr\u00edtico \u00e9 o racismo patriarcal cisheteronormativo que permite o ataque \u00e0s mulheres negras, destituindo-as de cidadania e desconsiderando as normas e leis vigentes para a abordagem policial.<\/p>\n\n\n\n<p>Casos como os registrados recentemente ganham repercuss\u00e3o nas redes sociais, mas, segundo o relat\u00f3rio, apenas uma parcela das ocorr\u00eancias chega ao conhecimento p\u00fablico. A maioria permanece sem investiga\u00e7\u00e3o adequada ou responsabiliza\u00e7\u00e3o, especialmente em contextos de menor visibilidade.<\/p>\n\n\n\n<p>\u201cQuando o Estado falha em investigar, punir e prevenir essas viol\u00eancias, ele se omite e legitima a continuidade dessas pr\u00e1ticas. Enfrentar esse cen\u00e1rio exige reconhecer o racismo como estruturante das institui\u00e7\u00f5es e adotar medidas concretas de responsabiliza\u00e7\u00e3o e prote\u00e7\u00e3o \u00e0s mulheres negras\u201d, destaca L\u00facia Xavier.<\/p>\n\n\n\n<p>Diante desse cen\u00e1rio, CRIOLA defende a necessidade de mudan\u00e7as estruturais, incluindo maior controle externo das atividades policiais, produ\u00e7\u00e3o de dados qualificados e pol\u00edticas que garantam a prote\u00e7\u00e3o integral das mulheres em abordagens policiais e no decorrer do processo judicial.<\/p>\n\n\n\n<p>A an\u00e1lise de CRIOLA conclui que enfrentar a viol\u00eancia de qualquer \u00f3rg\u00e3o ou pol\u00edtica contra mulheres negras exige reconhecer o problema como estrutural \u2014 e n\u00e3o epis\u00f3dico \u2014 e avan\u00e7ar na responsabiliza\u00e7\u00e3o do Estado e na constru\u00e7\u00e3o de pol\u00edticas que garantam direitos e prote\u00e7\u00e3o efetiva a essa popula\u00e7\u00e3o.<\/p>\n","protected":false},"excerpt":{"rendered":"<p>Casos recentes reacendem debate sobre abuso de autoridade Blog do Eloilton Cajuhy \u2013 BEC >> Siga o canal do BEC no WhatsApp Ocorr\u00eancias recentes de viol\u00eancia envolvendo agentes p\u00fablicos e mulheres negras voltaram a acender o alerta sobre a atua\u00e7\u00e3o das for\u00e7as de seguran\u00e7a no Brasil. \u201cN\u00e3o estamos diante de casos isolados, mas da express\u00e3o [&hellip;]<\/p>\n","protected":false},"author":2,"featured_media":95278,"comment_status":"open","ping_status":"open","sticky":false,"template":"","format":"standard","meta":{"_acf_changed":false,"_monsterinsights_skip_tracking":false,"_monsterinsights_sitenote_active":false,"_monsterinsights_sitenote_note":"","_monsterinsights_sitenote_category":0,"_jetpack_memberships_contains_paid_content":false,"footnotes":"","jetpack_publicize_message":"","jetpack_publicize_feature_enabled":true,"jetpack_social_post_already_shared":true,"jetpack_social_options":{"image_generator_settings":{"template":"highway","default_image_id":0,"font":"","enabled":false},"version":2}},"categories":[5],"tags":[],"class_list":["post-95277","post","type-post","status-publish","format-standard","has-post-thumbnail","hentry","category-cotidiano"],"acf":[],"jetpack_publicize_connections":[],"jetpack_featured_media_url":"https:\/\/i0.wp.com\/blogdoeloiltoncajuhy.com.br\/site\/wp-content\/uploads\/2026\/04\/violencia-contra-negras-Reproducao.jpeg?fit=768%2C715&ssl=1","jetpack_sharing_enabled":true,"publishpress_future_workflow_manual_trigger":{"enabledWorkflows":[]},"_links":{"self":[{"href":"https:\/\/blogdoeloiltoncajuhy.com.br\/site\/wp-json\/wp\/v2\/posts\/95277","targetHints":{"allow":["GET"]}}],"collection":[{"href":"https:\/\/blogdoeloiltoncajuhy.com.br\/site\/wp-json\/wp\/v2\/posts"}],"about":[{"href":"https:\/\/blogdoeloiltoncajuhy.com.br\/site\/wp-json\/wp\/v2\/types\/post"}],"author":[{"embeddable":true,"href":"https:\/\/blogdoeloiltoncajuhy.com.br\/site\/wp-json\/wp\/v2\/users\/2"}],"replies":[{"embeddable":true,"href":"https:\/\/blogdoeloiltoncajuhy.com.br\/site\/wp-json\/wp\/v2\/comments?post=95277"}],"version-history":[{"count":1,"href":"https:\/\/blogdoeloiltoncajuhy.com.br\/site\/wp-json\/wp\/v2\/posts\/95277\/revisions"}],"predecessor-version":[{"id":95279,"href":"https:\/\/blogdoeloiltoncajuhy.com.br\/site\/wp-json\/wp\/v2\/posts\/95277\/revisions\/95279"}],"wp:featuredmedia":[{"embeddable":true,"href":"https:\/\/blogdoeloiltoncajuhy.com.br\/site\/wp-json\/wp\/v2\/media\/95278"}],"wp:attachment":[{"href":"https:\/\/blogdoeloiltoncajuhy.com.br\/site\/wp-json\/wp\/v2\/media?parent=95277"}],"wp:term":[{"taxonomy":"category","embeddable":true,"href":"https:\/\/blogdoeloiltoncajuhy.com.br\/site\/wp-json\/wp\/v2\/categories?post=95277"},{"taxonomy":"post_tag","embeddable":true,"href":"https:\/\/blogdoeloiltoncajuhy.com.br\/site\/wp-json\/wp\/v2\/tags?post=95277"}],"curies":[{"name":"wp","href":"https:\/\/api.w.org\/{rel}","templated":true}]}}