{"id":95274,"date":"2026-04-29T08:20:30","date_gmt":"2026-04-29T11:20:30","guid":{"rendered":"https:\/\/blogdoeloiltoncajuhy.com.br\/site\/?p=95274"},"modified":"2026-04-29T08:20:31","modified_gmt":"2026-04-29T11:20:31","slug":"saude-na-escola-mec-e-ministerio-da-saude-promovem-prevencao-a-diabetes","status":"publish","type":"post","link":"https:\/\/blogdoeloiltoncajuhy.com.br\/site\/saude-na-escola-mec-e-ministerio-da-saude-promovem-prevencao-a-diabetes\/","title":{"rendered":"Sa\u00fade na Escola: MEC e Minist\u00e9rio da Sa\u00fade promovem preven\u00e7\u00e3o a diabetes"},"content":{"rendered":"\n<p class=\"has-medium-font-size\"><strong>Webin\u00e1rio Nacional e Intersetorial do Programa Sa\u00fade na Escola ocorrer\u00e1 dia 30 de abril. Presente em 99,5% dos munic\u00edpios brasileiros, o programa beneficia 26,9 milh\u00f5es de estudantes<\/strong><\/p>\n\n\n\n<p><strong>Blog do Eloilton Cajuhy \u2013 BEC<\/strong><\/p>\n\n\n\n<p><strong><a href=\"https:\/\/whatsapp.com\/channel\/0029VaAT7tDLI8Yfj5y9Z50Z\" target=\"_blank\" rel=\"noreferrer noopener\"><mark style=\"background-color:rgba(0, 0, 0, 0)\" class=\"has-inline-color has-luminous-vivid-orange-color\">>> Siga o canal do BEC no WhatsApp<\/mark><\/a><\/strong><\/p>\n\n\n\n<figure class=\"wp-block-image aligncenter size-full\"><a href=\"https:\/\/i0.wp.com\/blogdoeloiltoncajuhy.com.br\/site\/wp-content\/uploads\/2026\/04\/Diabetes-Foto-Foto-Shutterstock.jpg?ssl=1\"><img data-recalc-dims=\"1\" fetchpriority=\"high\" decoding=\"async\" width=\"768\" height=\"498\" src=\"https:\/\/i0.wp.com\/blogdoeloiltoncajuhy.com.br\/site\/wp-content\/uploads\/2026\/04\/Diabetes-Foto-Foto-Shutterstock.jpg?resize=768%2C498&#038;ssl=1\" alt=\"\" class=\"wp-image-95275\" srcset=\"https:\/\/i0.wp.com\/blogdoeloiltoncajuhy.com.br\/site\/wp-content\/uploads\/2026\/04\/Diabetes-Foto-Foto-Shutterstock.jpg?w=768&amp;ssl=1 768w, https:\/\/i0.wp.com\/blogdoeloiltoncajuhy.com.br\/site\/wp-content\/uploads\/2026\/04\/Diabetes-Foto-Foto-Shutterstock.jpg?resize=300%2C195&amp;ssl=1 300w\" sizes=\"(max-width: 768px) 100vw, 768px\" \/><\/a><figcaption class=\"wp-element-caption\"><sub>Foto: Shutterstock<\/sub><\/figcaption><\/figure>\n\n\n\n<p>O Minist\u00e9rio da Educa\u00e7\u00e3o (MEC), em parceria com o Minist\u00e9rio da Sa\u00fade (MS), promover\u00e1, na quinta-feira, 30 de abril, o 21\u00ba Webin\u00e1rio Nacional e Intersetorial do Programa Sa\u00fade na Escola: cuidado e preven\u00e7\u00e3o \u00e0 diabetes nas escolas. O evento faz parte do Programa Sa\u00fade na Escola (PSE) e ser\u00e1 realizado das 14h30 \u00e0s 16h30, com transmiss\u00e3o no canal do MEC no YouTube.<\/p>\n\n\n\n<p>Segundo a Sociedade Brasileira de Diabetes, o Brasil ocupa atualmente a 3\u00aa posi\u00e7\u00e3o no ranking mundial de incid\u00eancia de diabetes mellitus Tipo 1 (DM1) em crian\u00e7as e adolescentes, com aproximadamente 92.300 casos diagnosticados. Diante desse cen\u00e1rio, a articula\u00e7\u00e3o intersetorial torna-se urgente para garantir que o ambiente escolar esteja preparado para acolher esses estudantes, mitigando riscos e combatendo o estigma.<\/p>\n\n\n\n<p>Dessa forma, o PSE torna-se uma estrat\u00e9gia privilegiada de cuidado e preven\u00e7\u00e3o, presente em 99,5% dos munic\u00edpios brasileiros e beneficiando 26,9 milh\u00f5es de estudantes de todas as etapas e modalidades da educa\u00e7\u00e3o b\u00e1sica p\u00fablica brasileira. Por meio da articula\u00e7\u00e3o entre os servi\u00e7os de sa\u00fade e as escolas, o programa atua no engajamento da comunidade escolar atrav\u00e9s de a\u00e7\u00f5es tem\u00e1ticas de preven\u00e7\u00e3o e promo\u00e7\u00e3o sob a \u00f3tica da educa\u00e7\u00e3o em sa\u00fade.<\/p>\n\n\n\n<p>O objetivo do webin\u00e1rio \u00e9 informar e mobilizar as redes de ensino e de sa\u00fade sobre o cuidado e preven\u00e7\u00e3o da diabetes nas escolas. O encontro \u00e9 voltado aos gestores estaduais e municipais do PSE, al\u00e9m de profissionais da educa\u00e7\u00e3o e da sa\u00fade. A expectativa \u00e9 de que 5 mil profissionais participem do evento. A iniciativa integra um conjunto de a\u00e7\u00f5es de educa\u00e7\u00e3o continuada por meio do programa e se prop\u00f5e a refletir sobre estrat\u00e9gias de mitiga\u00e7\u00e3o de riscos e combate ao estigma sobre a diabetes nas escolas.<\/p>\n\n\n\n<p>Com foco em seguran\u00e7a, inclus\u00e3o e manejo b\u00e1sico no ambiente escolar, o webin\u00e1rio abordar\u00e1 conceitos essenciais sobre diabetes; diferen\u00e7as entre diabetes tipo 1 e tipo 2; tratamento do diabetes tipo 1; uso de insulina; monitoriza\u00e7\u00e3o glic\u00eamica; hipoglicemia; hiperglicemia; alimenta\u00e7\u00e3o escolar; atividade f\u00edsica; dispositivos; privacidade; redu\u00e7\u00e3o do estigma e papel da escola na prote\u00e7\u00e3o; e acolhimento do estudante com diabetes. A atividade visa apoiar a articula\u00e7\u00e3o entre sa\u00fade e educa\u00e7\u00e3o e fortalecer pr\u00e1ticas institucionais de cuidado no contexto escolar.<\/p>\n\n\n\n<p>A programa\u00e7\u00e3o inclui discuss\u00e3o sobre a import\u00e2ncia do tema para o desenvolvimento de crian\u00e7as e adolescentes e a necessidade de articula\u00e7\u00e3o da rede; a apresenta\u00e7\u00e3o da linha de cuidados para pessoas com diabetes no Sistema \u00danico de Sa\u00fade (SUS); a parceria MEC e MS no programa; a seguran\u00e7a, inclus\u00e3o e manejo da diabetes nas escolas; a import\u00e2ncia do engajamento dos estudantes, al\u00e9m da apresenta\u00e7\u00e3o de experi\u00eancia exitosa de preven\u00e7\u00e3o e cuidado \u00e0 diabetes nas escolas.<\/p>\n","protected":false},"excerpt":{"rendered":"<p>Webin\u00e1rio Nacional e Intersetorial do Programa Sa\u00fade na Escola ocorrer\u00e1 dia 30 de abril. Presente em 99,5% dos munic\u00edpios brasileiros, o programa beneficia 26,9 milh\u00f5es de estudantes Blog do Eloilton Cajuhy \u2013 BEC >> Siga o canal do BEC no WhatsApp O Minist\u00e9rio da Educa\u00e7\u00e3o (MEC), em parceria com o Minist\u00e9rio da Sa\u00fade (MS), promover\u00e1, [&hellip;]<\/p>\n","protected":false},"author":2,"featured_media":95275,"comment_status":"open","ping_status":"open","sticky":false,"template":"","format":"standard","meta":{"_acf_changed":false,"_monsterinsights_skip_tracking":false,"_monsterinsights_sitenote_active":false,"_monsterinsights_sitenote_note":"","_monsterinsights_sitenote_category":0,"_jetpack_memberships_contains_paid_content":false,"footnotes":"","jetpack_publicize_message":"","jetpack_publicize_feature_enabled":true,"jetpack_social_post_already_shared":false,"jetpack_social_options":{"image_generator_settings":{"template":"highway","default_image_id":0,"font":"","enabled":false},"version":2}},"categories":[7],"tags":[],"class_list":["post-95274","post","type-post","status-publish","format-standard","has-post-thumbnail","hentry","category-saude"],"acf":[],"jetpack_publicize_connections":[],"jetpack_featured_media_url":"https:\/\/i0.wp.com\/blogdoeloiltoncajuhy.com.br\/site\/wp-content\/uploads\/2026\/04\/Diabetes-Foto-Foto-Shutterstock.jpg?fit=768%2C498&ssl=1","jetpack_sharing_enabled":true,"publishpress_future_workflow_manual_trigger":{"enabledWorkflows":[]},"_links":{"self":[{"href":"https:\/\/blogdoeloiltoncajuhy.com.br\/site\/wp-json\/wp\/v2\/posts\/95274","targetHints":{"allow":["GET"]}}],"collection":[{"href":"https:\/\/blogdoeloiltoncajuhy.com.br\/site\/wp-json\/wp\/v2\/posts"}],"about":[{"href":"https:\/\/blogdoeloiltoncajuhy.com.br\/site\/wp-json\/wp\/v2\/types\/post"}],"author":[{"embeddable":true,"href":"https:\/\/blogdoeloiltoncajuhy.com.br\/site\/wp-json\/wp\/v2\/users\/2"}],"replies":[{"embeddable":true,"href":"https:\/\/blogdoeloiltoncajuhy.com.br\/site\/wp-json\/wp\/v2\/comments?post=95274"}],"version-history":[{"count":1,"href":"https:\/\/blogdoeloiltoncajuhy.com.br\/site\/wp-json\/wp\/v2\/posts\/95274\/revisions"}],"predecessor-version":[{"id":95276,"href":"https:\/\/blogdoeloiltoncajuhy.com.br\/site\/wp-json\/wp\/v2\/posts\/95274\/revisions\/95276"}],"wp:featuredmedia":[{"embeddable":true,"href":"https:\/\/blogdoeloiltoncajuhy.com.br\/site\/wp-json\/wp\/v2\/media\/95275"}],"wp:attachment":[{"href":"https:\/\/blogdoeloiltoncajuhy.com.br\/site\/wp-json\/wp\/v2\/media?parent=95274"}],"wp:term":[{"taxonomy":"category","embeddable":true,"href":"https:\/\/blogdoeloiltoncajuhy.com.br\/site\/wp-json\/wp\/v2\/categories?post=95274"},{"taxonomy":"post_tag","embeddable":true,"href":"https:\/\/blogdoeloiltoncajuhy.com.br\/site\/wp-json\/wp\/v2\/tags?post=95274"}],"curies":[{"name":"wp","href":"https:\/\/api.w.org\/{rel}","templated":true}]}}