{"id":95267,"date":"2026-04-29T00:20:00","date_gmt":"2026-04-29T03:20:00","guid":{"rendered":"https:\/\/blogdoeloiltoncajuhy.com.br\/site\/?p=95267"},"modified":"2026-04-28T20:30:39","modified_gmt":"2026-04-28T23:30:39","slug":"governo-federal-libera-cerca-de-r-664-milhoes-para-a-construcao-de-34-novas-unidades-de-saude-na-bahia","status":"publish","type":"post","link":"https:\/\/blogdoeloiltoncajuhy.com.br\/site\/governo-federal-libera-cerca-de-r-664-milhoes-para-a-construcao-de-34-novas-unidades-de-saude-na-bahia\/","title":{"rendered":"Governo Federal libera cerca de R$ 66,4 milh\u00f5es para a constru\u00e7\u00e3o de 34 novas unidades de sa\u00fade na Bahia"},"content":{"rendered":"\n<p class=\"has-medium-font-size\"><strong>Recursos foram transferidos integralmente para a execu\u00e7\u00e3o das obras que devem come\u00e7ar imediatamente; Minist\u00e9rio da Sa\u00fade repassou R$ 1,2 bilh\u00e3o para todo o Pa\u00eds<\/strong><\/p>\n\n\n\n<p><strong>Blog do Eloilton Cajuhy \u2013 BEC<\/strong><\/p>\n\n\n\n<p><strong><a href=\"https:\/\/whatsapp.com\/channel\/0029VaAT7tDLI8Yfj5y9Z50Z\" target=\"_blank\" rel=\"noreferrer noopener\"><mark style=\"background-color:rgba(0, 0, 0, 0)\" class=\"has-inline-color has-luminous-vivid-orange-color\">>> Siga o canal do BEC no WhatsApp<\/mark><\/a><\/strong><\/p>\n\n\n\n<figure class=\"wp-block-image aligncenter size-full\"><a href=\"https:\/\/i0.wp.com\/blogdoeloiltoncajuhy.com.br\/site\/wp-content\/uploads\/2026\/04\/GOVFED_Agora-Tem-Especialistas-Foto-Reproducao-Prefeitura-Municipal-de-Vitoria-da-Conquista.jpg?ssl=1\"><img data-recalc-dims=\"1\" fetchpriority=\"high\" decoding=\"async\" width=\"768\" height=\"510\" src=\"https:\/\/i0.wp.com\/blogdoeloiltoncajuhy.com.br\/site\/wp-content\/uploads\/2026\/04\/GOVFED_Agora-Tem-Especialistas-Foto-Reproducao-Prefeitura-Municipal-de-Vitoria-da-Conquista.jpg?resize=768%2C510&#038;ssl=1\" alt=\"\" class=\"wp-image-95268\" srcset=\"https:\/\/i0.wp.com\/blogdoeloiltoncajuhy.com.br\/site\/wp-content\/uploads\/2026\/04\/GOVFED_Agora-Tem-Especialistas-Foto-Reproducao-Prefeitura-Municipal-de-Vitoria-da-Conquista.jpg?w=768&amp;ssl=1 768w, https:\/\/i0.wp.com\/blogdoeloiltoncajuhy.com.br\/site\/wp-content\/uploads\/2026\/04\/GOVFED_Agora-Tem-Especialistas-Foto-Reproducao-Prefeitura-Municipal-de-Vitoria-da-Conquista.jpg?resize=300%2C199&amp;ssl=1 300w\" sizes=\"(max-width: 768px) 100vw, 768px\" \/><\/a><figcaption class=\"wp-element-caption\"><sub>A\u00e7\u00e3o tamb\u00e9m integra o programa Agora Tem Especialistas, voltado \u00e0 amplia\u00e7\u00e3o do acesso da popula\u00e7\u00e3o a consultas, exames e procedimentos especializados no SUS &#8211; Foto: Reprodu\u00e7\u00e3o\/Prefeitura Municipal de Vit\u00f3ria da Conquista<\/sub><\/figcaption><\/figure>\n\n\n\n<p>O Governo Federal liberou para a Bahia de R$ 66,4 milh\u00f5es pelo Novo PAC Sa\u00fade que contemplam 34 obras que devem come\u00e7ar imediatamente. S\u00e3o 2 Centros de Aten\u00e7\u00e3o Psicossocial (CAPS) e 32 Unidades B\u00e1sicas de Sa\u00fade (UBS). A iniciativa marca a maior libera\u00e7\u00e3o imediata de recursos do Novo PAC Sa\u00fade em uma \u00fanica etapa: R$ 1,2 bilh\u00e3o destinados a constru\u00e7\u00e3o de 541 novas unidades de sa\u00fade em 26 estados.<br>\u00a0<\/p>\n\n\n\n<p>Com a articula\u00e7\u00e3o da Uni\u00e3o, com estados e munic\u00edpios, a libera\u00e7\u00e3o desses recursos reafirma o compromisso do Governo do Brasil com a redu\u00e7\u00e3o das desigualdades regionais e a amplia\u00e7\u00e3o do acesso \u00e0 sa\u00fade p\u00fablica de qualidade, evidenciando que a integra\u00e7\u00e3o entre os entes federados \u00e9 essencial para fortalecer o Sistema \u00danico de Sa\u00fade (SUS) e garantir mais equidade no atendimento \u00e0 popula\u00e7\u00e3o brasileira.<br>&nbsp;<\/p>\n\n\n\n<p>\u201cHoje \u00e9 o dia do PIX da Sa\u00fade, uma iniciativa que amplia o acesso e qualifica o atendimento, com mais dignidade e servi\u00e7os mais pr\u00f3ximos da popula\u00e7\u00e3o. A sele\u00e7\u00e3o priorizou munic\u00edpios que precisam expandir a cobertura da aten\u00e7\u00e3o prim\u00e1ria. Cada UBS pode beneficiar cerca de 4 mil pessoas, o que representa um impacto direto para mais de 100 mil baianos. A expectativa \u00e9 que, com o apoio dos munic\u00edpios e o monitoramento conjunto entre estados e o Minist\u00e9rio da Sa\u00fade, essas unidades comecem a ser entregues em menos de um ano\u201d, afirmou Aline Costa, diretora do Departamento de Coopera\u00e7\u00e3o T\u00e9cnica, Inova\u00e7\u00e3o e Desenvolvimento em Sa\u00fade.<\/p>\n\n\n\n<ul class=\"wp-block-list\">\n<li><a href=\"https:\/\/www.gov.br\/saude\/pt-br\/assuntos\/noticias-para-os-estados\/alagoas\/2026\/abril\/arquivos\/alagoas.pdf\" target=\"_blank\" rel=\"noreferrer noopener\"><strong><mark style=\"background-color:rgba(0, 0, 0, 0)\" class=\"has-inline-color has-vivid-cyan-blue-color\">Acesse a lista dos munic\u00edpios contemplados<\/mark><\/strong><\/a><\/li>\n<\/ul>\n\n\n\n<p>Essa a\u00e7\u00e3o tamb\u00e9m integra o programa Agora Tem Especialistas, iniciativa do Governo do Brasil voltado \u00e0 amplia\u00e7\u00e3o do acesso da popula\u00e7\u00e3o a consultas, exames e procedimentos especializados no SUS. O programa atua para reduzir filas e tempo de espera, especialmente em regi\u00f5es com vazios assistenciais, por meio de estrat\u00e9gias como unidades m\u00f3veis de sa\u00fade, mutir\u00f5es e refor\u00e7o da rede de atendimento. Ao levar servi\u00e7os diretamente a munic\u00edpios e \u00e1reas de dif\u00edcil acesso, o programa busca descentralizar o cuidado, acelerar diagn\u00f3sticos e garantir tratamento em tempo oportuno, contribuindo para um atendimento mais \u00e1gil, resolutivo e pr\u00f3ximo das pessoas.<br>&nbsp;<\/p>\n\n\n\n<p>O pagamento foi realizado de forma integral, por meio de transfer\u00eancias fundo a fundo, conforme a Portaria GM\/MS n\u00ba 6\/2017. A libera\u00e7\u00e3o est\u00e1 vinculada \u00e0 emiss\u00e3o da Ordem de Servi\u00e7o, refor\u00e7ando o compromisso com a execu\u00e7\u00e3o imediata das obras e maior agilidade na entrega dos resultados. Al\u00e9m de ampliar o acesso da popula\u00e7\u00e3o aos servi\u00e7os do SUS, a iniciativa impulsiona a gera\u00e7\u00e3o de emprego e renda e fortalece a infraestrutura econ\u00f4mica e social do pa\u00eds.<br>&nbsp;<\/p>\n\n\n\n<p class=\"has-black-color has-text-color has-link-color has-medium-font-size wp-elements-2000ca35723faa6b8bc0392d546545c1\"><strong>Mais de R$ 32 bilh\u00f5es para fortalecer o SUS<\/strong><\/p>\n\n\n\n<p>O Novo PAC representa o maior programa de investimentos em infraestrutura do Sistema \u00danico de Sa\u00fade. At\u00e9 o momento, o Minist\u00e9rio da Sa\u00fade j\u00e1 destinou R$ 32,2 bilh\u00f5es para obras, equipamentos e ve\u00edculos em todo o pa\u00eds, incluindo a previs\u00e3o de 2.600 Unidades B\u00e1sicas de Sa\u00fade, 330 Centros de Aten\u00e7\u00e3o Psicossocial, 101 policl\u00ednicas, 4.800 ambul\u00e2ncias do SAMU e 800 Unidades Odontol\u00f3gicas M\u00f3veis, al\u00e9m da distribui\u00e7\u00e3o de combos de equipamentos para UBS, fortalecendo a capacidade de atendimento do SUS e ampliando o acesso da popula\u00e7\u00e3o a servi\u00e7os essenciais de sa\u00fade em todas as regi\u00f5es do Brasil.<\/p>\n","protected":false},"excerpt":{"rendered":"<p>Recursos foram transferidos integralmente para a execu\u00e7\u00e3o das obras que devem come\u00e7ar imediatamente; Minist\u00e9rio da Sa\u00fade repassou R$ 1,2 bilh\u00e3o para todo o Pa\u00eds Blog do Eloilton Cajuhy \u2013 BEC >> Siga o canal do BEC no WhatsApp O Governo Federal liberou para a Bahia de R$ 66,4 milh\u00f5es pelo Novo PAC Sa\u00fade que contemplam [&hellip;]<\/p>\n","protected":false},"author":2,"featured_media":95268,"comment_status":"open","ping_status":"open","sticky":false,"template":"","format":"standard","meta":{"_acf_changed":false,"_monsterinsights_skip_tracking":false,"_monsterinsights_sitenote_active":false,"_monsterinsights_sitenote_note":"","_monsterinsights_sitenote_category":0,"_jetpack_memberships_contains_paid_content":false,"footnotes":"","jetpack_publicize_message":"","jetpack_publicize_feature_enabled":true,"jetpack_social_post_already_shared":true,"jetpack_social_options":{"image_generator_settings":{"template":"highway","default_image_id":0,"font":"","enabled":false},"version":2}},"categories":[7],"tags":[],"class_list":["post-95267","post","type-post","status-publish","format-standard","has-post-thumbnail","hentry","category-saude"],"acf":[],"jetpack_publicize_connections":[],"jetpack_featured_media_url":"https:\/\/i0.wp.com\/blogdoeloiltoncajuhy.com.br\/site\/wp-content\/uploads\/2026\/04\/GOVFED_Agora-Tem-Especialistas-Foto-Reproducao-Prefeitura-Municipal-de-Vitoria-da-Conquista.jpg?fit=768%2C510&ssl=1","jetpack_sharing_enabled":true,"publishpress_future_workflow_manual_trigger":{"enabledWorkflows":[]},"_links":{"self":[{"href":"https:\/\/blogdoeloiltoncajuhy.com.br\/site\/wp-json\/wp\/v2\/posts\/95267","targetHints":{"allow":["GET"]}}],"collection":[{"href":"https:\/\/blogdoeloiltoncajuhy.com.br\/site\/wp-json\/wp\/v2\/posts"}],"about":[{"href":"https:\/\/blogdoeloiltoncajuhy.com.br\/site\/wp-json\/wp\/v2\/types\/post"}],"author":[{"embeddable":true,"href":"https:\/\/blogdoeloiltoncajuhy.com.br\/site\/wp-json\/wp\/v2\/users\/2"}],"replies":[{"embeddable":true,"href":"https:\/\/blogdoeloiltoncajuhy.com.br\/site\/wp-json\/wp\/v2\/comments?post=95267"}],"version-history":[{"count":1,"href":"https:\/\/blogdoeloiltoncajuhy.com.br\/site\/wp-json\/wp\/v2\/posts\/95267\/revisions"}],"predecessor-version":[{"id":95269,"href":"https:\/\/blogdoeloiltoncajuhy.com.br\/site\/wp-json\/wp\/v2\/posts\/95267\/revisions\/95269"}],"wp:featuredmedia":[{"embeddable":true,"href":"https:\/\/blogdoeloiltoncajuhy.com.br\/site\/wp-json\/wp\/v2\/media\/95268"}],"wp:attachment":[{"href":"https:\/\/blogdoeloiltoncajuhy.com.br\/site\/wp-json\/wp\/v2\/media?parent=95267"}],"wp:term":[{"taxonomy":"category","embeddable":true,"href":"https:\/\/blogdoeloiltoncajuhy.com.br\/site\/wp-json\/wp\/v2\/categories?post=95267"},{"taxonomy":"post_tag","embeddable":true,"href":"https:\/\/blogdoeloiltoncajuhy.com.br\/site\/wp-json\/wp\/v2\/tags?post=95267"}],"curies":[{"name":"wp","href":"https:\/\/api.w.org\/{rel}","templated":true}]}}