{"id":95262,"date":"2026-04-28T20:13:08","date_gmt":"2026-04-28T23:13:08","guid":{"rendered":"https:\/\/blogdoeloiltoncajuhy.com.br\/site\/?p=95262"},"modified":"2026-04-28T20:13:09","modified_gmt":"2026-04-28T23:13:09","slug":"campanha-o-brasil-quer-mais-tempo-ganha-forca-nacional-e-pressiona-congresso-pelo-fim-da-escala-6x1","status":"publish","type":"post","link":"https:\/\/blogdoeloiltoncajuhy.com.br\/site\/campanha-o-brasil-quer-mais-tempo-ganha-forca-nacional-e-pressiona-congresso-pelo-fim-da-escala-6x1\/","title":{"rendered":"Campanha \u201cO Brasil Quer Mais Tempo\u201d ganha for\u00e7a nacional e pressiona Congresso pelo fim da escala 6&#215;1"},"content":{"rendered":"\n<p class=\"has-medium-font-size\"><strong>Tr\u00eas em cada quatro brasileiros apoiam o fim da escala 6&#215;1, transformando a proposta em uma mobiliza\u00e7\u00e3o ampla e plural<\/strong><\/p>\n\n\n\n<p><strong>Blog do Eloilton Cajuhy \u2013 BEC<\/strong><\/p>\n\n\n\n<p><strong><a href=\"https:\/\/whatsapp.com\/channel\/0029VaAT7tDLI8Yfj5y9Z50Z\" target=\"_blank\" rel=\"noreferrer noopener\"><mark style=\"background-color:rgba(0, 0, 0, 0)\" class=\"has-inline-color has-luminous-vivid-orange-color\">>> Siga o canal do BEC no WhatsApp<\/mark><\/a><\/strong><\/p>\n\n\n\n<figure class=\"wp-block-image aligncenter size-full\"><a href=\"https:\/\/i0.wp.com\/blogdoeloiltoncajuhy.com.br\/site\/wp-content\/uploads\/2026\/04\/Escala-6x1_imagem-criada-por-IA-1.jpg?ssl=1\"><img data-recalc-dims=\"1\" fetchpriority=\"high\" decoding=\"async\" width=\"768\" height=\"512\" src=\"https:\/\/i0.wp.com\/blogdoeloiltoncajuhy.com.br\/site\/wp-content\/uploads\/2026\/04\/Escala-6x1_imagem-criada-por-IA-1.jpg?resize=768%2C512&#038;ssl=1\" alt=\"\" class=\"wp-image-95263\" srcset=\"https:\/\/i0.wp.com\/blogdoeloiltoncajuhy.com.br\/site\/wp-content\/uploads\/2026\/04\/Escala-6x1_imagem-criada-por-IA-1.jpg?w=768&amp;ssl=1 768w, https:\/\/i0.wp.com\/blogdoeloiltoncajuhy.com.br\/site\/wp-content\/uploads\/2026\/04\/Escala-6x1_imagem-criada-por-IA-1.jpg?resize=300%2C200&amp;ssl=1 300w\" sizes=\"(max-width: 768px) 100vw, 768px\" \/><\/a><figcaption class=\"wp-element-caption\"><sub>Imagem criada por IA<\/sub><\/figcaption><\/figure>\n\n\n\n<p>O Brasil vive um momento raro de converg\u00eancia social. A pauta pelo fim da escala de trabalho 6&#215;1, quando o trabalhador tem apenas um dia de descanso para seis dias trabalhados, deixou de ser uma reivindica\u00e7\u00e3o isolada e se consolidou como um dos temas mais populares do pa\u00eds. Hoje, tr\u00eas em cada quatro brasileiros apoiam a mudan\u00e7a, transformando a proposta em uma mobiliza\u00e7\u00e3o ampla e plural. \u00c9 nesse contexto que nasce \u201cO Brasil Quer Mais Tempo\u201d &#8211;\u00a0<a href=\"http:\/\/www.brasilquermaistempo.com.br\/\" target=\"_blank\" rel=\"noreferrer noopener\"><strong><mark style=\"background-color:rgba(0, 0, 0, 0)\" class=\"has-inline-color has-vivid-cyan-blue-color\">www.brasilquermaistempo.com.br<\/mark><\/strong><\/a>, que busca ampliar o alcance da pauta e engajar a popula\u00e7\u00e3o de forma organizada e distribu\u00edda. Em apenas duas semanas, mais de 82 mil pessoas j\u00e1 declararam apoio \u00e0 causa assinando a campanha.\u00a0<\/p>\n\n\n\n<p>A campanha nasce da sociedade civil, cresce nas redes sociais e nas ruas, e agora ganha for\u00e7a institucional. \u201cA Rede de Mobiliza\u00e7\u00e3o Fim da 6&#215;1 J\u00e1! re\u00fane brasileiros e brasileiras que apoiam uma jornada de trabalho mais justa e saud\u00e1vel. Acreditamos que mudan\u00e7as importantes acontecem quando a sociedade se mobiliza e queremos ver essa proposta avan\u00e7ar\u201d, diz o site institucional da campanha.<\/p>\n\n\n\n<p>Diante da demora do Congresso Nacional em avan\u00e7ar com a Proposta de Emenda \u00e0 Constitui\u00e7\u00e3o (PEC), o presidente Luiz In\u00e1cio Lula da Silva enviou um Projeto de Lei em regime de urg\u00eancia sobre o tema. A medida estabelece prazo de 45 dias para an\u00e1lise, caso contr\u00e1rio, a pauta passa a trancar a agenda legislativa.&nbsp;<\/p>\n\n\n\n<figure class=\"wp-block-image aligncenter size-full\"><a href=\"https:\/\/i0.wp.com\/blogdoeloiltoncajuhy.com.br\/site\/wp-content\/uploads\/2026\/04\/Escala-6x1_imagem-criada-por-IA-2.jpg?ssl=1\"><img data-recalc-dims=\"1\" decoding=\"async\" width=\"768\" height=\"512\" src=\"https:\/\/i0.wp.com\/blogdoeloiltoncajuhy.com.br\/site\/wp-content\/uploads\/2026\/04\/Escala-6x1_imagem-criada-por-IA-2.jpg?resize=768%2C512&#038;ssl=1\" alt=\"\" class=\"wp-image-95264\" srcset=\"https:\/\/i0.wp.com\/blogdoeloiltoncajuhy.com.br\/site\/wp-content\/uploads\/2026\/04\/Escala-6x1_imagem-criada-por-IA-2.jpg?w=768&amp;ssl=1 768w, https:\/\/i0.wp.com\/blogdoeloiltoncajuhy.com.br\/site\/wp-content\/uploads\/2026\/04\/Escala-6x1_imagem-criada-por-IA-2.jpg?resize=300%2C200&amp;ssl=1 300w\" sizes=\"(max-width: 768px) 100vw, 768px\" \/><\/a><figcaption class=\"wp-element-caption\"><sub>Imagem criada por IA<\/sub><\/figcaption><\/figure>\n\n\n\n<p>A campanha atua de forma descentralizada, incentivando a participa\u00e7\u00e3o ativa e o engajamento coletivo. Entre os principais movimentos e influenciadores que apoiam a causa est\u00e3o o movimento VAT (Vida Al\u00e9m do Trabalho), Rick Azevedo, Erika Hilton, Pedro Campos, al\u00e9m de outros parlamentares do PT, PSB, PSOL, PCdoB e Rede. Para os organizadores, a urg\u00eancia pol\u00edtica reflete a urg\u00eancia social. A campanha conta com mais de 500 mobilizadores espalhados pelo Brasil, al\u00e9m de 80 embaixadores.<\/p>\n\n\n\n<p>\u201cEssa \u00e9 uma das grandes conquistas dos \u00faltimos tempos. Desde 1988 a classe trabalhadora n\u00e3o tinha uma vit\u00f3ria t\u00e3o importante quanto essa\u201d, diz a deputada federal Erika Hilton (PSOL-SP) sobre a aprova\u00e7\u00e3o do tema na Comiss\u00e3o de Constitui\u00e7\u00e3o e Justi\u00e7a da C\u00e2mara.&nbsp;<\/p>\n\n\n\n<p>\u201cEu n\u00e3o tenho d\u00favidas de que a mobiliza\u00e7\u00e3o das ruas vai ajudar essa pauta a avan\u00e7ar. Por isso eu estou participando do movimento \u2018O Brasil Quer Mais Tempo\u2019. Mais tempo para ficar com a fam\u00edlia, mais tempo para cuidar da sua vida pessoal, mais tempo para descansar. \u00c9 isso que os trabalhadores querem\u201d, destaca o deputado Pedro Campos (PSB-PE).<\/p>\n\n\n\n<p>A rede de mobiliza\u00e7\u00e3o defende que o debate sobre a escala 6&#215;1 vai al\u00e9m da jornada de trabalho: trata de qualidade de vida, sa\u00fade mental, conviv\u00eancia familiar e produtividade sustent\u00e1vel. \u00c9 uma pauta que atravessa ideologias, gera\u00e7\u00f5es e perfis socioecon\u00f4micos, criando uma rara oportunidade de di\u00e1logo entre diferentes setores da sociedade. Ao mesmo tempo, o tema j\u00e1 antecipa resist\u00eancias. Setores da extrema-direita e parte do empresariado mais conservador tendem a reagir, com tentativas de desinforma\u00e7\u00e3o e distor\u00e7\u00e3o do debate p\u00fablico. Diante desse cen\u00e1rio, a mobiliza\u00e7\u00e3o social se torna ainda mais estrat\u00e9gica.&nbsp;<\/p>\n\n\n\n<figure class=\"wp-block-image aligncenter size-full\"><a href=\"https:\/\/i0.wp.com\/blogdoeloiltoncajuhy.com.br\/site\/wp-content\/uploads\/2026\/04\/Escala-6x1_imagem-criada-por-IA-3.jpg?ssl=1\"><img data-recalc-dims=\"1\" decoding=\"async\" width=\"768\" height=\"512\" src=\"https:\/\/i0.wp.com\/blogdoeloiltoncajuhy.com.br\/site\/wp-content\/uploads\/2026\/04\/Escala-6x1_imagem-criada-por-IA-3.jpg?resize=768%2C512&#038;ssl=1\" alt=\"\" class=\"wp-image-95265\" srcset=\"https:\/\/i0.wp.com\/blogdoeloiltoncajuhy.com.br\/site\/wp-content\/uploads\/2026\/04\/Escala-6x1_imagem-criada-por-IA-3.jpg?w=768&amp;ssl=1 768w, https:\/\/i0.wp.com\/blogdoeloiltoncajuhy.com.br\/site\/wp-content\/uploads\/2026\/04\/Escala-6x1_imagem-criada-por-IA-3.jpg?resize=300%2C200&amp;ssl=1 300w\" sizes=\"(max-width: 768px) 100vw, 768px\" \/><\/a><figcaption class=\"wp-element-caption\"><sub>Imagem criada por IA<\/sub><\/figcaption><\/figure>\n\n\n\n<p>A iniciativa, lan\u00e7ada oficialmente na \u00faltima semana, convida a sociedade a participar ativamente de a\u00e7\u00f5es diretas e de f\u00e1cil ades\u00e3o. Mais do que uma campanha, \u2018O Brasil Quer Mais Tempo\u2019 se posiciona como um movimento de transforma\u00e7\u00e3o cultural e pol\u00edtica, que coloca no centro do debate o direito ao tempo, para viver, cuidar, conviver e prosperar.<\/p>\n\n\n\n<p>Entre as estrat\u00e9gias desenvolvidas pela campanha est\u00e1 a ocupa\u00e7\u00e3o de espa\u00e7os nas redes sociais, que inclui a distribui\u00e7\u00e3o de materiais com foco na amplia\u00e7\u00e3o do alcance das mensagens. A campanha \u201cO Brasil Quer Mais Tempo\u201d selecionou, tamb\u00e9m, um grande time de embaixadores, composto por influenciadores e jornalistas, que v\u00e3o fortalecer a mobiliza\u00e7\u00e3o em diferentes territ\u00f3rios e comunidades. Para completar, nas pr\u00f3ximas semanas a campanha ganhar\u00e1 as ruas do Brasil, com a\u00e7\u00f5es especiais a partir do dia 1\u00ba de maio, Dia do Trabalhador.\u00a0<\/p>\n\n\n\n<p>A pauta do fim da escala 6&#215;1 surgiu do povo, foi abra\u00e7ada pelo Governo e hoje 3 a cada 4 brasileiros apoiam. \u00c9 a pauta mais popular que qualquer pol\u00edtico do Brasil, atravessando todas as ideologias, perfis e gera\u00e7\u00f5es. Uma pauta que nos permite alcan\u00e7ar e mobilizar quem pensa diferente, pois \u00e9 estamos atuando para melhorar a vida de dezenas de milh\u00f5es de pessoas.<\/p>\n\n\n\n<p>Para mais informa\u00e7\u00f5es sobre a campanha e fazer parte da mobiliza\u00e7\u00e3o, acesse\u00a0<a href=\"http:\/\/www.brasilquermaistempo.com.br\/\" target=\"_blank\" rel=\"noreferrer noopener\"><strong><mark style=\"background-color:rgba(0, 0, 0, 0)\" class=\"has-inline-color has-vivid-cyan-blue-color\">www.brasilquermaistempo.com.br<\/mark><\/strong><\/a>.<\/p>\n","protected":false},"excerpt":{"rendered":"<p>Tr\u00eas em cada quatro brasileiros apoiam o fim da escala 6&#215;1, transformando a proposta em uma mobiliza\u00e7\u00e3o ampla e plural Blog do Eloilton Cajuhy \u2013 BEC >> Siga o canal do BEC no WhatsApp O Brasil vive um momento raro de converg\u00eancia social. A pauta pelo fim da escala de trabalho 6&#215;1, quando o trabalhador [&hellip;]<\/p>\n","protected":false},"author":2,"featured_media":95264,"comment_status":"open","ping_status":"open","sticky":false,"template":"","format":"standard","meta":{"_acf_changed":false,"_monsterinsights_skip_tracking":false,"_monsterinsights_sitenote_active":false,"_monsterinsights_sitenote_note":"","_monsterinsights_sitenote_category":0,"_jetpack_memberships_contains_paid_content":false,"footnotes":"","jetpack_publicize_message":"","jetpack_publicize_feature_enabled":true,"jetpack_social_post_already_shared":true,"jetpack_social_options":{"image_generator_settings":{"template":"highway","default_image_id":0,"font":"","enabled":false},"version":2}},"categories":[31],"tags":[],"class_list":["post-95262","post","type-post","status-publish","format-standard","has-post-thumbnail","hentry","category-economia"],"acf":[],"jetpack_publicize_connections":[],"jetpack_featured_media_url":"https:\/\/i0.wp.com\/blogdoeloiltoncajuhy.com.br\/site\/wp-content\/uploads\/2026\/04\/Escala-6x1_imagem-criada-por-IA-2.jpg?fit=768%2C512&ssl=1","jetpack_sharing_enabled":true,"publishpress_future_workflow_manual_trigger":{"enabledWorkflows":[]},"_links":{"self":[{"href":"https:\/\/blogdoeloiltoncajuhy.com.br\/site\/wp-json\/wp\/v2\/posts\/95262","targetHints":{"allow":["GET"]}}],"collection":[{"href":"https:\/\/blogdoeloiltoncajuhy.com.br\/site\/wp-json\/wp\/v2\/posts"}],"about":[{"href":"https:\/\/blogdoeloiltoncajuhy.com.br\/site\/wp-json\/wp\/v2\/types\/post"}],"author":[{"embeddable":true,"href":"https:\/\/blogdoeloiltoncajuhy.com.br\/site\/wp-json\/wp\/v2\/users\/2"}],"replies":[{"embeddable":true,"href":"https:\/\/blogdoeloiltoncajuhy.com.br\/site\/wp-json\/wp\/v2\/comments?post=95262"}],"version-history":[{"count":1,"href":"https:\/\/blogdoeloiltoncajuhy.com.br\/site\/wp-json\/wp\/v2\/posts\/95262\/revisions"}],"predecessor-version":[{"id":95266,"href":"https:\/\/blogdoeloiltoncajuhy.com.br\/site\/wp-json\/wp\/v2\/posts\/95262\/revisions\/95266"}],"wp:featuredmedia":[{"embeddable":true,"href":"https:\/\/blogdoeloiltoncajuhy.com.br\/site\/wp-json\/wp\/v2\/media\/95264"}],"wp:attachment":[{"href":"https:\/\/blogdoeloiltoncajuhy.com.br\/site\/wp-json\/wp\/v2\/media?parent=95262"}],"wp:term":[{"taxonomy":"category","embeddable":true,"href":"https:\/\/blogdoeloiltoncajuhy.com.br\/site\/wp-json\/wp\/v2\/categories?post=95262"},{"taxonomy":"post_tag","embeddable":true,"href":"https:\/\/blogdoeloiltoncajuhy.com.br\/site\/wp-json\/wp\/v2\/tags?post=95262"}],"curies":[{"name":"wp","href":"https:\/\/api.w.org\/{rel}","templated":true}]}}