{"id":95250,"date":"2026-04-28T15:17:39","date_gmt":"2026-04-28T18:17:39","guid":{"rendered":"https:\/\/blogdoeloiltoncajuhy.com.br\/site\/?p=95250"},"modified":"2026-04-28T15:17:41","modified_gmt":"2026-04-28T18:17:41","slug":"morre-silvano-raia-medico-que-fez-1o-transplante-de-figado-da-america-latina-aos-95-anos","status":"publish","type":"post","link":"https:\/\/blogdoeloiltoncajuhy.com.br\/site\/morre-silvano-raia-medico-que-fez-1o-transplante-de-figado-da-america-latina-aos-95-anos\/","title":{"rendered":"Morre Silvano Raia, m\u00e9dico que fez 1\u00ba transplante de f\u00edgado da Am\u00e9rica Latina, aos 95 anos"},"content":{"rendered":"\n<p class=\"has-medium-font-size\"><strong>Professor em\u00e9rito da USP, Raia foi pioneiro na \u00e1rea de transplantes de \u00f3rg\u00e3os e respons\u00e1vel por feitos hist\u00f3ricos<\/strong><\/p>\n\n\n\n<p><strong>Por g1 SP<\/strong><\/p>\n\n\n\n<p><strong><a href=\"https:\/\/whatsapp.com\/channel\/0029VaAT7tDLI8Yfj5y9Z50Z\" target=\"_blank\" rel=\"noreferrer noopener\"><mark style=\"background-color:rgba(0, 0, 0, 0)\" class=\"has-inline-color has-luminous-vivid-orange-color\">>> Siga o canal do BEC no WhatsApp<\/mark><\/a><\/strong><\/p>\n\n\n\n<figure class=\"wp-block-image aligncenter size-full is-resized\"><a href=\"https:\/\/i0.wp.com\/blogdoeloiltoncajuhy.com.br\/site\/wp-content\/uploads\/2026\/04\/Silvano-Raia-I-%E2%80%94-Foto-Reproducao-Globo-News.jpeg?ssl=1\"><img data-recalc-dims=\"1\" fetchpriority=\"high\" decoding=\"async\" width=\"800\" height=\"447\" src=\"https:\/\/i0.wp.com\/blogdoeloiltoncajuhy.com.br\/site\/wp-content\/uploads\/2026\/04\/Silvano-Raia-I-%E2%80%94-Foto-Reproducao-Globo-News.jpeg?resize=800%2C447&#038;ssl=1\" alt=\"\" class=\"wp-image-95252\" style=\"aspect-ratio:1.7877719194105939;width:724px;height:auto\" srcset=\"https:\/\/i0.wp.com\/blogdoeloiltoncajuhy.com.br\/site\/wp-content\/uploads\/2026\/04\/Silvano-Raia-I-%E2%80%94-Foto-Reproducao-Globo-News.jpeg?w=817&amp;ssl=1 817w, https:\/\/i0.wp.com\/blogdoeloiltoncajuhy.com.br\/site\/wp-content\/uploads\/2026\/04\/Silvano-Raia-I-%E2%80%94-Foto-Reproducao-Globo-News.jpeg?resize=300%2C168&amp;ssl=1 300w, https:\/\/i0.wp.com\/blogdoeloiltoncajuhy.com.br\/site\/wp-content\/uploads\/2026\/04\/Silvano-Raia-I-%E2%80%94-Foto-Reproducao-Globo-News.jpeg?resize=768%2C430&amp;ssl=1 768w\" sizes=\"(max-width: 800px) 100vw, 800px\" \/><\/a><figcaption class=\"wp-element-caption\"><sub>Silvano Raia: m\u00e9dico pioneiro nos transplantes de f\u00edgado \u2014 Foto: Reprodu\u00e7\u00e3o Globo News<\/sub><\/figcaption><\/figure>\n\n\n\n<p>O m\u00e9dico <strong><mark style=\"background-color:rgba(0, 0, 0, 0)\" class=\"has-inline-color has-black-color\">Silvano Raia<\/mark><\/strong>, um dos maiores nomes da ci\u00eancia e da medicina no Brasil, morreu aos 95 anos. A morte foi confirmada pela Academia Nacional de Medicina (ANM) nesta ter\u00e7a-feira (28).<\/p>\n\n\n\n<p>Professor em\u00e9rito da Universidade de S\u00e3o Paulo (USP), Raia foi pioneiro na \u00e1rea de transplantes de \u00f3rg\u00e3os e respons\u00e1vel por feitos hist\u00f3ricos. Na d\u00e9cada de 1980, realizou o primeiro transplante de f\u00edgado da Am\u00e9rica Latina, no Hospital das Cl\u00ednicas da universidade, consolidando-se como refer\u00eancia mundial.<\/p>\n\n\n\n<p>Al\u00e9m disso, foi autor da t\u00e9cnica de transplante de f\u00edgado com doador vivo \u2014 conhecida como transplante intervivos. O m\u00e9todo ampliou significativamente as possibilidades de cirurgias, especialmente em crian\u00e7as, e passou a ser utilizado em diversos pa\u00edses.<\/p>\n\n\n\n<p>Em nota, a Academia Nacional de Medicina lamentou a morte do m\u00e9dico e destacou sua trajet\u00f3ria marcada por \u201cexcel\u00eancia, inova\u00e7\u00e3o e dedica\u00e7\u00e3o inabal\u00e1vel ao ensino e \u00e0 assist\u00eancia m\u00e9dica\u201d. Raia era membro titular da institui\u00e7\u00e3o desde 1991.<\/p>\n\n\n\n<p>Nos \u00faltimos anos, o cirurgi\u00e3o se dedicava a pesquisas em xenotransplantes, t\u00e9cnica que utiliza \u00f3rg\u00e3os de animais geneticamente modificados para transplantes em humanos. Em mar\u00e7o deste ano, liderou uma iniciativa da USP que resultou na clonagem do primeiro porco do Brasil e da Am\u00e9rica Latina, considerada um marco para a ci\u00eancia nacional.<\/p>\n\n\n\n<p>Reconhecido internacionalmente, Raia tamb\u00e9m foi membro fundador da Sociedade Latino-Americana de Hepatologia, que presidiu em 1968. No Brasil, presidiu a Sociedade Brasileira de Hepatologia entre 1982 e 1983 e participou de entidades como a Associa\u00e7\u00e3o Paulista de Medicina e a Associa\u00e7\u00e3o M\u00e9dica Brasileira. Entre 1993 e 1995, foi secret\u00e1rio municipal de Sa\u00fade de S\u00e3o Paulo.<\/p>\n\n\n\n<p>O presidente da Academia Nacional de Medicina, Antonio Egidio Nardi, afirmou que Raia foi um \u201cl\u00edder incontest\u00e1vel da medicina no Brasil\u201d e destacou seu legado. \u201cMais do que um grande cirurgi\u00e3o, foi um exemplo de compromisso com a ci\u00eancia, com os pacientes e com o futuro da medicina brasileira\u201d, disse.<\/p>\n\n\n\n<p>O Minist\u00e9rio da Sa\u00fade tamb\u00e9m manifestou pesar e ressaltou a import\u00e2ncia do m\u00e9dico para o desenvolvimento do sistema de transplantes no pa\u00eds. Segundo a pasta, Raia teve papel decisivo na estrutura\u00e7\u00e3o e expans\u00e3o da rede de transplantes no \u00e2mbito do Sistema \u00danico de Sa\u00fade (SUS), contribuindo para ampliar o acesso da popula\u00e7\u00e3o a procedimentos de alta complexidade.<\/p>\n\n\n\n<figure class=\"wp-block-image aligncenter size-full\"><a href=\"https:\/\/i0.wp.com\/blogdoeloiltoncajuhy.com.br\/site\/wp-content\/uploads\/2026\/04\/Silvano-Raia-II-Foto-Reproducao-Academia-Nacional-de-Medicina.jpg?ssl=1\"><img data-recalc-dims=\"1\" decoding=\"async\" width=\"461\" height=\"680\" src=\"https:\/\/i0.wp.com\/blogdoeloiltoncajuhy.com.br\/site\/wp-content\/uploads\/2026\/04\/Silvano-Raia-II-Foto-Reproducao-Academia-Nacional-de-Medicina.jpg?resize=461%2C680&#038;ssl=1\" alt=\"\" class=\"wp-image-95251\" srcset=\"https:\/\/i0.wp.com\/blogdoeloiltoncajuhy.com.br\/site\/wp-content\/uploads\/2026\/04\/Silvano-Raia-II-Foto-Reproducao-Academia-Nacional-de-Medicina.jpg?w=461&amp;ssl=1 461w, https:\/\/i0.wp.com\/blogdoeloiltoncajuhy.com.br\/site\/wp-content\/uploads\/2026\/04\/Silvano-Raia-II-Foto-Reproducao-Academia-Nacional-de-Medicina.jpg?resize=203%2C300&amp;ssl=1 203w\" sizes=\"(max-width: 461px) 100vw, 461px\" \/><\/a><figcaption class=\"wp-element-caption\"><sub>M\u00e9dico Silvano Raia \u00e9 o pioneiro dos transplantes de f\u00edgado na Am\u00e9rica Latina \u2014 Foto: Reprodu\u00e7\u00e3o\/Academia Nacional de Medicina<\/sub><\/figcaption><\/figure>\n","protected":false},"excerpt":{"rendered":"<p>Professor em\u00e9rito da USP, Raia foi pioneiro na \u00e1rea de transplantes de \u00f3rg\u00e3os e respons\u00e1vel por feitos hist\u00f3ricos Por g1 SP >> Siga o canal do BEC no WhatsApp O m\u00e9dico Silvano Raia, um dos maiores nomes da ci\u00eancia e da medicina no Brasil, morreu aos 95 anos. A morte foi confirmada pela Academia Nacional [&hellip;]<\/p>\n","protected":false},"author":2,"featured_media":95251,"comment_status":"open","ping_status":"open","sticky":false,"template":"","format":"standard","meta":{"_acf_changed":false,"_monsterinsights_skip_tracking":false,"_monsterinsights_sitenote_active":false,"_monsterinsights_sitenote_note":"","_monsterinsights_sitenote_category":0,"_jetpack_memberships_contains_paid_content":false,"footnotes":"","jetpack_publicize_message":"","jetpack_publicize_feature_enabled":true,"jetpack_social_post_already_shared":true,"jetpack_social_options":{"image_generator_settings":{"template":"highway","default_image_id":0,"font":"","enabled":false},"version":2}},"categories":[7],"tags":[],"class_list":["post-95250","post","type-post","status-publish","format-standard","has-post-thumbnail","hentry","category-saude"],"acf":[],"jetpack_publicize_connections":[],"jetpack_featured_media_url":"https:\/\/i0.wp.com\/blogdoeloiltoncajuhy.com.br\/site\/wp-content\/uploads\/2026\/04\/Silvano-Raia-II-Foto-Reproducao-Academia-Nacional-de-Medicina.jpg?fit=461%2C680&ssl=1","jetpack_sharing_enabled":true,"publishpress_future_workflow_manual_trigger":{"enabledWorkflows":[]},"_links":{"self":[{"href":"https:\/\/blogdoeloiltoncajuhy.com.br\/site\/wp-json\/wp\/v2\/posts\/95250","targetHints":{"allow":["GET"]}}],"collection":[{"href":"https:\/\/blogdoeloiltoncajuhy.com.br\/site\/wp-json\/wp\/v2\/posts"}],"about":[{"href":"https:\/\/blogdoeloiltoncajuhy.com.br\/site\/wp-json\/wp\/v2\/types\/post"}],"author":[{"embeddable":true,"href":"https:\/\/blogdoeloiltoncajuhy.com.br\/site\/wp-json\/wp\/v2\/users\/2"}],"replies":[{"embeddable":true,"href":"https:\/\/blogdoeloiltoncajuhy.com.br\/site\/wp-json\/wp\/v2\/comments?post=95250"}],"version-history":[{"count":1,"href":"https:\/\/blogdoeloiltoncajuhy.com.br\/site\/wp-json\/wp\/v2\/posts\/95250\/revisions"}],"predecessor-version":[{"id":95253,"href":"https:\/\/blogdoeloiltoncajuhy.com.br\/site\/wp-json\/wp\/v2\/posts\/95250\/revisions\/95253"}],"wp:featuredmedia":[{"embeddable":true,"href":"https:\/\/blogdoeloiltoncajuhy.com.br\/site\/wp-json\/wp\/v2\/media\/95251"}],"wp:attachment":[{"href":"https:\/\/blogdoeloiltoncajuhy.com.br\/site\/wp-json\/wp\/v2\/media?parent=95250"}],"wp:term":[{"taxonomy":"category","embeddable":true,"href":"https:\/\/blogdoeloiltoncajuhy.com.br\/site\/wp-json\/wp\/v2\/categories?post=95250"},{"taxonomy":"post_tag","embeddable":true,"href":"https:\/\/blogdoeloiltoncajuhy.com.br\/site\/wp-json\/wp\/v2\/tags?post=95250"}],"curies":[{"name":"wp","href":"https:\/\/api.w.org\/{rel}","templated":true}]}}