{"id":95240,"date":"2026-04-28T08:44:21","date_gmt":"2026-04-28T11:44:21","guid":{"rendered":"https:\/\/blogdoeloiltoncajuhy.com.br\/site\/?p=95240"},"modified":"2026-04-28T08:44:22","modified_gmt":"2026-04-28T11:44:22","slug":"bobo-realiza-lancamento-de-pre-candidatura-a-reeleicao-em-senhor-do-bonfim-no-dia-17-de-maio","status":"publish","type":"post","link":"https:\/\/blogdoeloiltoncajuhy.com.br\/site\/bobo-realiza-lancamento-de-pre-candidatura-a-reeleicao-em-senhor-do-bonfim-no-dia-17-de-maio\/","title":{"rendered":"Bob\u00f4 realiza lan\u00e7amento de pr\u00e9-candidatura \u00e0 reelei\u00e7\u00e3o em Senhor do Bonfim no dia 17 de maio"},"content":{"rendered":"\n<p class=\"has-medium-font-size\"><strong>Evento na Sociedade 25 de Janeiro ser\u00e1 aberto ao p\u00fablico<\/strong><\/p>\n\n\n\n<p><strong>Blog do Eloilton Cajuhy \u2013 BEC<\/strong><\/p>\n\n\n\n<p><strong><a href=\"https:\/\/whatsapp.com\/channel\/0029VaAT7tDLI8Yfj5y9Z50Z\" target=\"_blank\" rel=\"noreferrer noopener\"><mark style=\"background-color:rgba(0, 0, 0, 0)\" class=\"has-inline-color has-luminous-vivid-orange-color\">>> Siga o canal do BEC no WhatsApp<\/mark><\/a><\/strong><\/p>\n\n\n\n<figure class=\"wp-block-image aligncenter size-full is-resized\"><a href=\"https:\/\/i0.wp.com\/blogdoeloiltoncajuhy.com.br\/site\/wp-content\/uploads\/2026\/04\/Bobo-2026-04-28_2.png?ssl=1\"><img data-recalc-dims=\"1\" fetchpriority=\"high\" decoding=\"async\" width=\"675\" height=\"405\" src=\"https:\/\/i0.wp.com\/blogdoeloiltoncajuhy.com.br\/site\/wp-content\/uploads\/2026\/04\/Bobo-2026-04-28_2.png?resize=675%2C405&#038;ssl=1\" alt=\"\" class=\"wp-image-95241\" style=\"width:722px;height:auto\" srcset=\"https:\/\/i0.wp.com\/blogdoeloiltoncajuhy.com.br\/site\/wp-content\/uploads\/2026\/04\/Bobo-2026-04-28_2.png?w=675&amp;ssl=1 675w, https:\/\/i0.wp.com\/blogdoeloiltoncajuhy.com.br\/site\/wp-content\/uploads\/2026\/04\/Bobo-2026-04-28_2.png?resize=300%2C180&amp;ssl=1 300w\" sizes=\"(max-width: 675px) 100vw, 675px\" \/><\/a><\/figure>\n\n\n\n<p>O deputado estadual Bob\u00f4 realizar\u00e1, no pr\u00f3ximo dia 17 de maio (domingo), o lan\u00e7amento oficial de sua pr\u00e9-candidatura \u00e0 reelei\u00e7\u00e3o. O evento acontecer\u00e1 a partir das 9h, na Sociedade Cultural 25 de Janeiro, em Senhor do Bonfim, reunindo importantes lideran\u00e7as pol\u00edticas de toda a regi\u00e3o.<\/p>\n\n\n\n<p>A atividade contar\u00e1 com a presen\u00e7a de prefeitos, vereadores, lideran\u00e7as comunit\u00e1rias e representantes de diversos segmentos da sociedade, consolidando-se como um relevante espa\u00e7o de articula\u00e7\u00e3o pol\u00edtica e di\u00e1logo democr\u00e1tico.<\/p>\n\n\n\n<p>Durante a programa\u00e7\u00e3o, ser\u00e3o debatidos temas centrais da conjuntura pol\u00edtica estadual e nacional, com foco nos desafios atuais e nas perspectivas para o futuro da Bahia e do Brasil. O encontro tamb\u00e9m ser\u00e1 marcado pela apresenta\u00e7\u00e3o de a\u00e7\u00f5es, obras e investimentos viabilizados pelo mandato do parlamentar em Senhor do Bonfim, evidenciando os resultados concretos de sua atua\u00e7\u00e3o.<\/p>\n\n\n\n<p>O evento representa um momento estrat\u00e9gico de mobiliza\u00e7\u00e3o e fortalecimento pol\u00edtico, reafirmando a import\u00e2ncia da continuidade de um trabalho pautado no compromisso com o desenvolvimento regional. Reconhecido como uma das principais lideran\u00e7as pol\u00edticas do Piemonte Norte do Itapicuru, Bob\u00f4 tem sua trajet\u00f3ria marcada pela defesa dos interesses de Senhor do Bonfim e pela busca constante por melhorias para a popula\u00e7\u00e3o.<\/p>\n\n\n\n<p>A participa\u00e7\u00e3o \u00e9 aberta ao p\u00fablico.<\/p>\n","protected":false},"excerpt":{"rendered":"<p>Evento na Sociedade 25 de Janeiro ser\u00e1 aberto ao p\u00fablico Blog do Eloilton Cajuhy \u2013 BEC >> Siga o canal do BEC no WhatsApp O deputado estadual Bob\u00f4 realizar\u00e1, no pr\u00f3ximo dia 17 de maio (domingo), o lan\u00e7amento oficial de sua pr\u00e9-candidatura \u00e0 reelei\u00e7\u00e3o. O evento acontecer\u00e1 a partir das 9h, na Sociedade Cultural 25 [&hellip;]<\/p>\n","protected":false},"author":2,"featured_media":95241,"comment_status":"open","ping_status":"open","sticky":false,"template":"","format":"standard","meta":{"_acf_changed":false,"_monsterinsights_skip_tracking":false,"_monsterinsights_sitenote_active":false,"_monsterinsights_sitenote_note":"","_monsterinsights_sitenote_category":0,"_jetpack_memberships_contains_paid_content":false,"footnotes":"","jetpack_publicize_message":"","jetpack_publicize_feature_enabled":true,"jetpack_social_post_already_shared":false,"jetpack_social_options":{"image_generator_settings":{"template":"highway","default_image_id":0,"font":"","enabled":false},"version":2}},"categories":[4],"tags":[],"class_list":["post-95240","post","type-post","status-publish","format-standard","has-post-thumbnail","hentry","category-local"],"acf":[],"jetpack_publicize_connections":[],"jetpack_featured_media_url":"https:\/\/i0.wp.com\/blogdoeloiltoncajuhy.com.br\/site\/wp-content\/uploads\/2026\/04\/Bobo-2026-04-28_2.png?fit=675%2C405&ssl=1","jetpack_sharing_enabled":true,"publishpress_future_workflow_manual_trigger":{"enabledWorkflows":[]},"_links":{"self":[{"href":"https:\/\/blogdoeloiltoncajuhy.com.br\/site\/wp-json\/wp\/v2\/posts\/95240","targetHints":{"allow":["GET"]}}],"collection":[{"href":"https:\/\/blogdoeloiltoncajuhy.com.br\/site\/wp-json\/wp\/v2\/posts"}],"about":[{"href":"https:\/\/blogdoeloiltoncajuhy.com.br\/site\/wp-json\/wp\/v2\/types\/post"}],"author":[{"embeddable":true,"href":"https:\/\/blogdoeloiltoncajuhy.com.br\/site\/wp-json\/wp\/v2\/users\/2"}],"replies":[{"embeddable":true,"href":"https:\/\/blogdoeloiltoncajuhy.com.br\/site\/wp-json\/wp\/v2\/comments?post=95240"}],"version-history":[{"count":1,"href":"https:\/\/blogdoeloiltoncajuhy.com.br\/site\/wp-json\/wp\/v2\/posts\/95240\/revisions"}],"predecessor-version":[{"id":95242,"href":"https:\/\/blogdoeloiltoncajuhy.com.br\/site\/wp-json\/wp\/v2\/posts\/95240\/revisions\/95242"}],"wp:featuredmedia":[{"embeddable":true,"href":"https:\/\/blogdoeloiltoncajuhy.com.br\/site\/wp-json\/wp\/v2\/media\/95241"}],"wp:attachment":[{"href":"https:\/\/blogdoeloiltoncajuhy.com.br\/site\/wp-json\/wp\/v2\/media?parent=95240"}],"wp:term":[{"taxonomy":"category","embeddable":true,"href":"https:\/\/blogdoeloiltoncajuhy.com.br\/site\/wp-json\/wp\/v2\/categories?post=95240"},{"taxonomy":"post_tag","embeddable":true,"href":"https:\/\/blogdoeloiltoncajuhy.com.br\/site\/wp-json\/wp\/v2\/tags?post=95240"}],"curies":[{"name":"wp","href":"https:\/\/api.w.org\/{rel}","templated":true}]}}