{"id":95237,"date":"2026-04-28T00:05:00","date_gmt":"2026-04-28T03:05:00","guid":{"rendered":"https:\/\/blogdoeloiltoncajuhy.com.br\/site\/?p=95237"},"modified":"2026-04-27T20:12:47","modified_gmt":"2026-04-27T23:12:47","slug":"senador-diz-que-trabalhador-sera-beneficiado-com-a-aprovacao-de-qualquer-uma-das-quatro-propostas-que-reduzem-a-jornada","status":"publish","type":"post","link":"https:\/\/blogdoeloiltoncajuhy.com.br\/site\/senador-diz-que-trabalhador-sera-beneficiado-com-a-aprovacao-de-qualquer-uma-das-quatro-propostas-que-reduzem-a-jornada\/","title":{"rendered":"Senador diz que trabalhador ser\u00e1 beneficiado com a aprova\u00e7\u00e3o de qualquer uma das quatro propostas que reduzem a jornada"},"content":{"rendered":"\n<p><strong>Blog do Eloilton Cajuhy \u2013 BEC<\/strong><\/p>\n\n\n\n<p><strong><a href=\"https:\/\/whatsapp.com\/channel\/0029VaAT7tDLI8Yfj5y9Z50Z\" target=\"_blank\" rel=\"noreferrer noopener\"><mark style=\"background-color:rgba(0, 0, 0, 0)\" class=\"has-inline-color has-luminous-vivid-orange-color\">>> Siga o canal do BEC no WhatsApp<\/mark><\/a><\/strong><\/p>\n\n\n\n<figure class=\"wp-block-image aligncenter size-full\"><a href=\"https:\/\/i0.wp.com\/blogdoeloiltoncajuhy.com.br\/site\/wp-content\/uploads\/2021\/06\/Senador-Paulo-Paim.jpeg\"><img data-recalc-dims=\"1\" fetchpriority=\"high\" decoding=\"async\" width=\"675\" height=\"450\" src=\"https:\/\/i0.wp.com\/blogdoeloiltoncajuhy.com.br\/site\/wp-content\/uploads\/2021\/06\/Senador-Paulo-Paim.jpeg?resize=675%2C450\" alt=\"\" class=\"wp-image-56993\" srcset=\"https:\/\/i0.wp.com\/blogdoeloiltoncajuhy.com.br\/site\/wp-content\/uploads\/2021\/06\/Senador-Paulo-Paim.jpeg?w=675&amp;ssl=1 675w, https:\/\/i0.wp.com\/blogdoeloiltoncajuhy.com.br\/site\/wp-content\/uploads\/2021\/06\/Senador-Paulo-Paim.jpeg?resize=300%2C200&amp;ssl=1 300w\" sizes=\"(max-width: 675px) 100vw, 675px\" \/><\/a><figcaption class=\"wp-element-caption\"><sub>Foto: Divulga\u00e7\u00e3o<\/sub><\/figcaption><\/figure>\n\n\n\n<p>Ap\u00f3s aprova\u00e7\u00e3o na Comiss\u00e3o de Constitui\u00e7\u00e3o e Justi\u00e7a, as duas propostas que reduzem a jornada de trabalho para 36 horas semanais ser\u00e3o agora analisadas por uma comiss\u00e3o especial antes de irem ao Plen\u00e1rio da C\u00e2mara dos Deputados e depois ao Senado. O presidente Hugo Motta j\u00e1 sinalizou que as PECs dever\u00e3o ter um calend\u00e1rio especial para serem analisadas o quanto antes.<\/p>\n\n\n\n<p>No Senado, est\u00e1 pronta para ser votada no Plen\u00e1rio a PEC do senador Paulo Paim, do PT do Rio Grande do Sul, que acaba com a chamada escala 6 por 1 ao diminuir a carga hor\u00e1ria de 44 para 40 horas semanais num prazo de quatro anos. Apresentada em 2015, a proposta garante o pagamento do mesmo sal\u00e1rio.<\/p>\n\n\n\n<p>Ao lembrar que o governo tamb\u00e9m enviou ao Congresso Nacional um projeto para a redu\u00e7\u00e3o da jornada, Paulo Paim afirmou que a autoria n\u00e3o importa, j\u00e1 que o trabalhador ser\u00e1 beneficiado com a aprova\u00e7\u00e3o de qualquer uma das tr\u00eas iniciativas.<\/p>\n\n\n\n<p>&#8220;Ser aprovada primeiro a da C\u00e2mara, vem para o Senado e a nossa ser\u00e1 incorporada a ela. Se a nossa aqui for aprovada primeiro, j\u00e1 est\u00e1 no Plen\u00e1rio, ela vai \u00e0 C\u00e2mara e l\u00e1 na C\u00e2mara ela \u00e9 incorporada \u00e0quela que est\u00e1 transitando l\u00e1. E h\u00e1 tamb\u00e9m uma proposta apresentada pelo presidente Lula. S\u00e3o tr\u00eas linhas de frente com um \u00fanico objetivo: melhorar a qualidade de vida da classe trabalhadora&#8221;, falou Paim.<\/p>\n\n\n\n<p>A oposi\u00e7\u00e3o defende cautela na vota\u00e7\u00e3o da redu\u00e7\u00e3o da jornada de trabalho sob o argumento de que a mudan\u00e7a poder\u00e1 provocar aumento de custos para as empresas e at\u00e9 para os consumidores. O vice-l\u00edder da oposi\u00e7\u00e3o, senador Marcos Rog\u00e9rio, do PL de Rond\u00f4nia, por exemplo, cobrou do governo uma compensa\u00e7\u00e3o para os empregadores, a exemplo da desonera\u00e7\u00e3o da folha de pagamento, que \u00e9 a diminui\u00e7\u00e3o dos impostos arrecadados.<\/p>\n\n\n\n<p>&#8220;Eu acho que o tema jornada de trabalho \u00e9 um tema que o Parlamento deve discutir. Agora, n\u00f3s precisamos discutir esse tema ouvindo o trabalhador, ouvindo o empregador e chegar a um ponto de equil\u00edbrio. Eu acho que reduzir a jornada de trabalho \u00e9 um caminho desde que n\u00f3s tenhamos ajusta compensa\u00e7\u00e3o ao empregador. Voc\u00ea tem a desonera\u00e7\u00e3o da folha como um caminho&#8221;, disse o senador.<\/p>\n\n\n\n<p>Apesar de estar pronta para vota\u00e7\u00e3o no Plen\u00e1rio do Senado, a proposta da jornada de 40 horas de Paulo Paim ainda n\u00e3o foi inclu\u00edda na Ordem do Dia.<\/p>\n\n\n\n<p>J\u00e1 a C\u00e2mara vai decidir se aprova a PEC do deputado Reginaldo Lopes, do PT mineiro, que reduz de 44 para 36 horas semanais a jornada num prazo de dez anos, ou a da deputada Erika Hilton, do Psol de S\u00e3o Paulo, que institui uma escala de quatro dias de trabalho com limite de 36 horas por semana.<\/p>\n\n\n\n<p>Enviado no \u00faltimo dia 15, o projeto do governo com jornada de 40 horas semanais, que tem pedido de urg\u00eancia para vota\u00e7\u00e3o, ainda ser\u00e1 encaminhado para as comiss\u00f5es tem\u00e1ticas da C\u00e2mara dos Deputados.<\/p>\n","protected":false},"excerpt":{"rendered":"<p>Blog do Eloilton Cajuhy \u2013 BEC >> Siga o canal do BEC no WhatsApp Ap\u00f3s aprova\u00e7\u00e3o na Comiss\u00e3o de Constitui\u00e7\u00e3o e Justi\u00e7a, as duas propostas que reduzem a jornada de trabalho para 36 horas semanais ser\u00e3o agora analisadas por uma comiss\u00e3o especial antes de irem ao Plen\u00e1rio da C\u00e2mara dos Deputados e depois ao Senado. [&hellip;]<\/p>\n","protected":false},"author":2,"featured_media":95238,"comment_status":"open","ping_status":"open","sticky":false,"template":"","format":"standard","meta":{"_acf_changed":false,"_monsterinsights_skip_tracking":false,"_monsterinsights_sitenote_active":false,"_monsterinsights_sitenote_note":"","_monsterinsights_sitenote_category":0,"_jetpack_memberships_contains_paid_content":false,"footnotes":"","jetpack_publicize_message":"","jetpack_publicize_feature_enabled":true,"jetpack_social_post_already_shared":true,"jetpack_social_options":{"image_generator_settings":{"template":"highway","default_image_id":0,"font":"","enabled":false},"version":2}},"categories":[3],"tags":[],"class_list":["post-95237","post","type-post","status-publish","format-standard","has-post-thumbnail","hentry","category-politica"],"acf":[],"jetpack_publicize_connections":[],"jetpack_featured_media_url":"https:\/\/i0.wp.com\/blogdoeloiltoncajuhy.com.br\/site\/wp-content\/uploads\/2026\/04\/Senador-Paulo-Paim-Foto-Andressa-Anholete-Agencia-Senado.jpeg?fit=675%2C450&ssl=1","jetpack_sharing_enabled":true,"publishpress_future_workflow_manual_trigger":{"enabledWorkflows":[]},"_links":{"self":[{"href":"https:\/\/blogdoeloiltoncajuhy.com.br\/site\/wp-json\/wp\/v2\/posts\/95237","targetHints":{"allow":["GET"]}}],"collection":[{"href":"https:\/\/blogdoeloiltoncajuhy.com.br\/site\/wp-json\/wp\/v2\/posts"}],"about":[{"href":"https:\/\/blogdoeloiltoncajuhy.com.br\/site\/wp-json\/wp\/v2\/types\/post"}],"author":[{"embeddable":true,"href":"https:\/\/blogdoeloiltoncajuhy.com.br\/site\/wp-json\/wp\/v2\/users\/2"}],"replies":[{"embeddable":true,"href":"https:\/\/blogdoeloiltoncajuhy.com.br\/site\/wp-json\/wp\/v2\/comments?post=95237"}],"version-history":[{"count":1,"href":"https:\/\/blogdoeloiltoncajuhy.com.br\/site\/wp-json\/wp\/v2\/posts\/95237\/revisions"}],"predecessor-version":[{"id":95239,"href":"https:\/\/blogdoeloiltoncajuhy.com.br\/site\/wp-json\/wp\/v2\/posts\/95237\/revisions\/95239"}],"wp:featuredmedia":[{"embeddable":true,"href":"https:\/\/blogdoeloiltoncajuhy.com.br\/site\/wp-json\/wp\/v2\/media\/95238"}],"wp:attachment":[{"href":"https:\/\/blogdoeloiltoncajuhy.com.br\/site\/wp-json\/wp\/v2\/media?parent=95237"}],"wp:term":[{"taxonomy":"category","embeddable":true,"href":"https:\/\/blogdoeloiltoncajuhy.com.br\/site\/wp-json\/wp\/v2\/categories?post=95237"},{"taxonomy":"post_tag","embeddable":true,"href":"https:\/\/blogdoeloiltoncajuhy.com.br\/site\/wp-json\/wp\/v2\/tags?post=95237"}],"curies":[{"name":"wp","href":"https:\/\/api.w.org\/{rel}","templated":true}]}}