{"id":95222,"date":"2026-04-27T15:16:53","date_gmt":"2026-04-27T18:16:53","guid":{"rendered":"https:\/\/blogdoeloiltoncajuhy.com.br\/site\/?p=95222"},"modified":"2026-04-27T15:16:55","modified_gmt":"2026-04-27T18:16:55","slug":"governo-impoe-limites-contra-juros-elevados-do-consignado-privado","status":"publish","type":"post","link":"https:\/\/blogdoeloiltoncajuhy.com.br\/site\/governo-impoe-limites-contra-juros-elevados-do-consignado-privado\/","title":{"rendered":"Governo imp\u00f5e limites contra juros elevados do consignado privado"},"content":{"rendered":"\n<p class=\"has-medium-font-size\"><strong>Decis\u00e3o define uma taxa de refer\u00eancia para o c\u00e1lculo dos juros<\/strong><\/p>\n\n\n\n<p><strong>Por Reuters<\/strong><\/p>\n\n\n\n<p><strong><a href=\"https:\/\/whatsapp.com\/channel\/0029VaAT7tDLI8Yfj5y9Z50Z\" target=\"_blank\" rel=\"noreferrer noopener\"><mark style=\"background-color:rgba(0, 0, 0, 0)\" class=\"has-inline-color has-luminous-vivid-orange-color\">>> Siga o canal do BEC no WhatsApp<\/mark><\/a><\/strong><\/p>\n\n\n\n<figure class=\"wp-block-image aligncenter size-full\"><a href=\"https:\/\/i0.wp.com\/blogdoeloiltoncajuhy.com.br\/site\/wp-content\/uploads\/2026\/04\/Gerenciamento-das-financas-dinheiro-%E2%80%94-Foto-Dave-Dugdale-is-licensed-under-CC-BY-SA-2.0.jpg?ssl=1\"><img data-recalc-dims=\"1\" fetchpriority=\"high\" decoding=\"async\" width=\"680\" height=\"453\" src=\"https:\/\/i0.wp.com\/blogdoeloiltoncajuhy.com.br\/site\/wp-content\/uploads\/2026\/04\/Gerenciamento-das-financas-dinheiro-%E2%80%94-Foto-Dave-Dugdale-is-licensed-under-CC-BY-SA-2.0.jpg?resize=680%2C453&#038;ssl=1\" alt=\"\" class=\"wp-image-95223\" srcset=\"https:\/\/i0.wp.com\/blogdoeloiltoncajuhy.com.br\/site\/wp-content\/uploads\/2026\/04\/Gerenciamento-das-financas-dinheiro-%E2%80%94-Foto-Dave-Dugdale-is-licensed-under-CC-BY-SA-2.0.jpg?w=680&amp;ssl=1 680w, https:\/\/i0.wp.com\/blogdoeloiltoncajuhy.com.br\/site\/wp-content\/uploads\/2026\/04\/Gerenciamento-das-financas-dinheiro-%E2%80%94-Foto-Dave-Dugdale-is-licensed-under-CC-BY-SA-2.0.jpg?resize=300%2C200&amp;ssl=1 300w\" sizes=\"(max-width: 680px) 100vw, 680px\" \/><\/a><figcaption class=\"wp-element-caption\"><sub>Gerenciamento das finan\u00e7as  \u2014 Foto: Dave Dugdale is licensed under CC BY-SA 2.0.<\/sub><\/figcaption><\/figure>\n\n\n\n<p>O governo federal passou a prever puni\u00e7\u00f5es para bancos que cobrarem taxas de juros \u201cmuito acima\u201d da m\u00e9dia praticada pelo mercado no empr\u00e9stimo consignado privado, informou o Minist\u00e9rio do Trabalho e Emprego nesta segunda-feira (27).<\/p>\n\n\n\n<ul class=\"wp-block-list\">\n<li><em>A modalidade prev\u00ea o desconto das parcelas diretamente na folha de pagamento dos trabalhadores \u2014 o que funciona como uma garantia para o empr\u00e9stimo. Por isso, o consignado costuma ter taxas de juros mais baixas do que outras linhas de cr\u00e9dito.<\/em><\/li>\n<\/ul>\n\n\n\n<p><\/p>\n\n\n\n<p>A decis\u00e3o foi tomada no fim da \u00faltima semana pelo Comit\u00ea Gestor das Opera\u00e7\u00f5es de Cr\u00e9dito Consignado e n\u00e3o estabelece um teto espec\u00edfico de juros, mas uma taxa de refer\u00eancia para o c\u00e1lculo das cobran\u00e7as.<\/p>\n\n\n\n<blockquote class=\"wp-block-quote is-layout-flow wp-block-quote-is-layout-flow\">\n<p><strong><mark style=\"background-color:rgba(0, 0, 0, 0)\" class=\"has-inline-color has-black-color\">\u201cAs institui\u00e7\u00f5es financeiras n\u00e3o poder\u00e3o praticar taxas de juros muito acima dessa refer\u00eancia. As que n\u00e3o cumprirem as determina\u00e7\u00f5es poder\u00e3o ser notificadas e at\u00e9 suspensas do programa Cr\u00e9dito do Trabalhador\u201d, disse o minist\u00e9rio em nota.<\/mark><\/strong><\/p>\n<\/blockquote>\n\n\n\n<p>Atualmente, a taxa m\u00e9dia de juros dessas opera\u00e7\u00f5es \u00e9 de 3,66% ao m\u00eas, segundo o minist\u00e9rio.<\/p>\n\n\n\n<p>A medida tamb\u00e9m limita a 1 ponto percentual a diferen\u00e7a entre os juros nominais do contrato e o custo efetivo total, que inclui tributos e seguro.<\/p>\n\n\n\n<p>\u201cEntendemos que o teto atual de juros deve ficar pr\u00f3ximo de 4,98% ao m\u00eas. Assim, o custo efetivo total m\u00e1ximo permitido seria de cerca de 5,98%\u201d, avaliou o BTG Pactual em relat\u00f3rio, citando surpresa negativa com a decis\u00e3o.<br>Segundo o banco, embora o governo n\u00e3o tenha imposto uma taxa m\u00e1xima para a modalidade, como ocorre no consignado do INSS, a medida \u201ccria um precedente\u201d e gera incerteza sobre como a m\u00e9dia dos juros pode evoluir ao longo do tempo.<\/p>\n\n\n\n<p>Lan\u00e7ado em mar\u00e7o de 2025, o programa Cr\u00e9dito do Trabalhador busca estimular a concess\u00e3o de cr\u00e9dito com desconto em folha para trabalhadores do setor privado e impulsionou a demanda por essa modalidade de financiamento.<\/p>\n\n\n\n<p>De acordo com o minist\u00e9rio, o programa j\u00e1 movimentou R$ 121 bilh\u00f5es em empr\u00e9stimos consignados, alcan\u00e7ando 9 milh\u00f5es de trabalhadores em opera\u00e7\u00f5es realizadas por 97 institui\u00e7\u00f5es financeiras.<\/p>\n\n\n\n<p>Tamb\u00e9m nesta segunda-feira, dados do Banco Central (BC) mostram que o indicador de endividamento das fam\u00edlias alcan\u00e7ou 49,9% em fevereiro, no maior patamar da s\u00e9rie hist\u00f3rica, iniciada em 2005.<\/p>\n\n\n\n<p>A iniciativa voltada ao consignado ser\u00e1 integrada a outra a\u00e7\u00e3o do governo, a ser anunciada nesta semana, voltada \u00e0 renegocia\u00e7\u00e3o de d\u00edvidas. A medida ocorre em meio ao aumento da inadimpl\u00eancia no pa\u00eds, o que pode afetar a percep\u00e7\u00e3o de bem-estar das fam\u00edlias em um ano eleitoral, quando o presidente Luiz In\u00e1cio Lula da Silva deve tentar a reelei\u00e7\u00e3o.<\/p>\n","protected":false},"excerpt":{"rendered":"<p>Decis\u00e3o define uma taxa de refer\u00eancia para o c\u00e1lculo dos juros Por Reuters >> Siga o canal do BEC no WhatsApp O governo federal passou a prever puni\u00e7\u00f5es para bancos que cobrarem taxas de juros \u201cmuito acima\u201d da m\u00e9dia praticada pelo mercado no empr\u00e9stimo consignado privado, informou o Minist\u00e9rio do Trabalho e Emprego nesta segunda-feira [&hellip;]<\/p>\n","protected":false},"author":2,"featured_media":95223,"comment_status":"open","ping_status":"open","sticky":false,"template":"","format":"standard","meta":{"_acf_changed":false,"_monsterinsights_skip_tracking":false,"_monsterinsights_sitenote_active":false,"_monsterinsights_sitenote_note":"","_monsterinsights_sitenote_category":0,"_jetpack_memberships_contains_paid_content":false,"footnotes":"","jetpack_publicize_message":"","jetpack_publicize_feature_enabled":true,"jetpack_social_post_already_shared":true,"jetpack_social_options":{"image_generator_settings":{"template":"highway","default_image_id":0,"font":"","enabled":false},"version":2}},"categories":[31],"tags":[],"class_list":["post-95222","post","type-post","status-publish","format-standard","has-post-thumbnail","hentry","category-economia"],"acf":[],"jetpack_publicize_connections":[],"jetpack_featured_media_url":"https:\/\/i0.wp.com\/blogdoeloiltoncajuhy.com.br\/site\/wp-content\/uploads\/2026\/04\/Gerenciamento-das-financas-dinheiro-%E2%80%94-Foto-Dave-Dugdale-is-licensed-under-CC-BY-SA-2.0.jpg?fit=680%2C453&ssl=1","jetpack_sharing_enabled":true,"publishpress_future_workflow_manual_trigger":{"enabledWorkflows":[]},"_links":{"self":[{"href":"https:\/\/blogdoeloiltoncajuhy.com.br\/site\/wp-json\/wp\/v2\/posts\/95222","targetHints":{"allow":["GET"]}}],"collection":[{"href":"https:\/\/blogdoeloiltoncajuhy.com.br\/site\/wp-json\/wp\/v2\/posts"}],"about":[{"href":"https:\/\/blogdoeloiltoncajuhy.com.br\/site\/wp-json\/wp\/v2\/types\/post"}],"author":[{"embeddable":true,"href":"https:\/\/blogdoeloiltoncajuhy.com.br\/site\/wp-json\/wp\/v2\/users\/2"}],"replies":[{"embeddable":true,"href":"https:\/\/blogdoeloiltoncajuhy.com.br\/site\/wp-json\/wp\/v2\/comments?post=95222"}],"version-history":[{"count":1,"href":"https:\/\/blogdoeloiltoncajuhy.com.br\/site\/wp-json\/wp\/v2\/posts\/95222\/revisions"}],"predecessor-version":[{"id":95224,"href":"https:\/\/blogdoeloiltoncajuhy.com.br\/site\/wp-json\/wp\/v2\/posts\/95222\/revisions\/95224"}],"wp:featuredmedia":[{"embeddable":true,"href":"https:\/\/blogdoeloiltoncajuhy.com.br\/site\/wp-json\/wp\/v2\/media\/95223"}],"wp:attachment":[{"href":"https:\/\/blogdoeloiltoncajuhy.com.br\/site\/wp-json\/wp\/v2\/media?parent=95222"}],"wp:term":[{"taxonomy":"category","embeddable":true,"href":"https:\/\/blogdoeloiltoncajuhy.com.br\/site\/wp-json\/wp\/v2\/categories?post=95222"},{"taxonomy":"post_tag","embeddable":true,"href":"https:\/\/blogdoeloiltoncajuhy.com.br\/site\/wp-json\/wp\/v2\/tags?post=95222"}],"curies":[{"name":"wp","href":"https:\/\/api.w.org\/{rel}","templated":true}]}}