{"id":95214,"date":"2026-04-27T09:05:29","date_gmt":"2026-04-27T12:05:29","guid":{"rendered":"https:\/\/blogdoeloiltoncajuhy.com.br\/site\/?p=95214"},"modified":"2026-04-27T09:05:30","modified_gmt":"2026-04-27T12:05:30","slug":"pt-secretaria-de-comunicacao-lanca-curso-para-a-militancia-defender-o-projeto-do-partido-com-estrategia-nas-redes-sociais","status":"publish","type":"post","link":"https:\/\/blogdoeloiltoncajuhy.com.br\/site\/pt-secretaria-de-comunicacao-lanca-curso-para-a-militancia-defender-o-projeto-do-partido-com-estrategia-nas-redes-sociais\/","title":{"rendered":"PT: Secretaria de Comunica\u00e7\u00e3o lan\u00e7a curso para a milit\u00e2ncia defender o projeto do partido com estrat\u00e9gia nas redes sociais"},"content":{"rendered":"\n<p><strong>Blog do Eloilton Cajuhy \u2013 BEC<\/strong><\/p>\n\n\n\n<p><strong><a href=\"https:\/\/whatsapp.com\/channel\/0029VaAT7tDLI8Yfj5y9Z50Z\" target=\"_blank\" rel=\"noreferrer noopener\"><mark style=\"background-color:rgba(0, 0, 0, 0)\" class=\"has-inline-color has-luminous-vivid-orange-color\">>> Siga o canal do BEC no WhatsApp<\/mark><\/a><\/strong><\/p>\n\n\n\n<figure class=\"wp-block-image aligncenter size-full is-resized\"><a href=\"https:\/\/i0.wp.com\/blogdoeloiltoncajuhy.com.br\/site\/wp-content\/uploads\/2019\/08\/RedesSociais.jpg\"><img data-recalc-dims=\"1\" fetchpriority=\"high\" decoding=\"async\" width=\"500\" height=\"287\" src=\"https:\/\/i0.wp.com\/blogdoeloiltoncajuhy.com.br\/site\/wp-content\/uploads\/2019\/08\/RedesSociais.jpg?resize=500%2C287\" alt=\"\" class=\"wp-image-36397\" style=\"aspect-ratio:1.7422148896679728;width:556px;height:auto\" srcset=\"https:\/\/i0.wp.com\/blogdoeloiltoncajuhy.com.br\/site\/wp-content\/uploads\/2019\/08\/RedesSociais.jpg?w=500&amp;ssl=1 500w, https:\/\/i0.wp.com\/blogdoeloiltoncajuhy.com.br\/site\/wp-content\/uploads\/2019\/08\/RedesSociais.jpg?resize=300%2C172&amp;ssl=1 300w, https:\/\/i0.wp.com\/blogdoeloiltoncajuhy.com.br\/site\/wp-content\/uploads\/2019\/08\/RedesSociais.jpg?resize=250%2C144&amp;ssl=1 250w\" sizes=\"(max-width: 500px) 100vw, 500px\" \/><\/a><\/figure>\n\n\n\n<p>A Secretaria Nacional de Comunica\u00e7\u00e3o do Partido dos Trabalhadores lan\u00e7ou o Curso de Forma\u00e7\u00e3o da Milit\u00e2ncia, por meio do projeto &#8220;Pode Espalhar&#8221;, para preparar os petistas para defender o projeto do partido e do presidente Lula para o Brasil com estrat\u00e9gia e efic\u00e1cia nas redes sociais. As inscri\u00e7\u00f5es podem ser feitas atrav\u00e9s do <a href=\"http:\/\/link https:\/\/podeespalhar.com.br\/oficinas-de-comunicacao\/\"><strong><mark style=\"background-color:rgba(0, 0, 0, 0)\" class=\"has-inline-color has-vivid-red-color\">link https:\/\/podeespalhar.com.br\/oficinas-de-comunicacao\/<\/mark><\/strong><\/a>, e o curso ser\u00e1 realizado entre os meses de abril e maio.<\/p>\n\n\n\n<p>O secret\u00e1rio Nacional de Comunica\u00e7\u00e3o do partido, \u00c9den Valadares, falou sobre a import\u00e2ncia da atividade para preparar os petistas para a disputa de narrativas.<\/p>\n\n\n\n<p>\u201cQualificar nossa milit\u00e2ncia para a disputa digital \u00e9 tarefa obrigat\u00f3ria em tempos de tanta desinforma\u00e7\u00e3o e manipula\u00e7\u00e3o propagada pelo expediente bolsonarista. Vamos defender o legado do Presidente Lula, comparar seu governo com o tempo dos Bolsonaros e apresentar uma agenda de ainda mais mudan\u00e7as no Brasil no ambiente digital com a mesma intensidade que fazemos nas comunidades, nos sindicatos, nas escolas e universidades. Seremos milh\u00f5es de porta-vozes de Lula nas ruas, nas ro\u00e7as, nos rios e nas redes\u201d.<\/p>\n\n\n\n<p>No total, o Curso de Forma\u00e7\u00e3o do PT conta com tr\u00eas m\u00f3dulos, sendo o primeiro Porta-voz do Lula, nos dias 29 de abril e 06 de maio, quando os inscritos ir\u00e3o compreender de forma mais profunda seus pap\u00e9is na disputa de narrativa, como tornar-se um agente ativo de defesa do projeto do partido e como utilizar o Whatsapp de forma estrat\u00e9gica.<\/p>\n\n\n\n<p>O segundo m\u00f3dulo, de 13 de maio a 3 de junho (dois dias na semana), \u00e9 o Constru\u00e7\u00e3o de Redes e Influ\u00eancia Digital, em que ser\u00e3o ensinadas a amplia\u00e7\u00e3o de alcance de seguidores, o di\u00e1logo com diferentes p\u00fablicos, a lideran\u00e7a da presen\u00e7a digital, estrat\u00e9gias, linguagem e din\u00e2mica para o uso das principais plataformas, como gerar engajamento real e cria\u00e7\u00e3o de parceria com influenciadores digitais, dentre outros.<\/p>\n\n\n\n<p>J\u00e1 o terceiro m\u00f3dulo, o Est\u00fadio de Cria\u00e7\u00e3o com Intelig\u00eancia Artificial vai auxiliar os petistas a transformarem suas ideias em conte\u00fados mais profissionais e com mais impacto, a usar ferramentas de cria\u00e7\u00e3o de conte\u00fado, al\u00e9m da utiliza\u00e7\u00e3o da IA na comunica\u00e7\u00e3o pol\u00edtica, a editar v\u00eddeos curtos e pe\u00e7as visuais, a criar escritas estrat\u00e9gicas para as redes sociais e tamb\u00e9m ir\u00e1 preparar os militantes para produzir conte\u00fado com rapidez e qualidade.<\/p>\n","protected":false},"excerpt":{"rendered":"<p>Blog do Eloilton Cajuhy \u2013 BEC >> Siga o canal do BEC no WhatsApp A Secretaria Nacional de Comunica\u00e7\u00e3o do Partido dos Trabalhadores lan\u00e7ou o Curso de Forma\u00e7\u00e3o da Milit\u00e2ncia, por meio do projeto &#8220;Pode Espalhar&#8221;, para preparar os petistas para defender o projeto do partido e do presidente Lula para o Brasil com estrat\u00e9gia [&hellip;]<\/p>\n","protected":false},"author":2,"featured_media":64330,"comment_status":"open","ping_status":"open","sticky":false,"template":"","format":"standard","meta":{"_acf_changed":false,"_monsterinsights_skip_tracking":false,"_monsterinsights_sitenote_active":false,"_monsterinsights_sitenote_note":"","_monsterinsights_sitenote_category":0,"_jetpack_memberships_contains_paid_content":false,"footnotes":"","jetpack_publicize_message":"","jetpack_publicize_feature_enabled":true,"jetpack_social_post_already_shared":false,"jetpack_social_options":{"image_generator_settings":{"template":"highway","default_image_id":0,"font":"","enabled":false},"version":2}},"categories":[3],"tags":[],"class_list":["post-95214","post","type-post","status-publish","format-standard","has-post-thumbnail","hentry","category-politica"],"acf":[],"jetpack_publicize_connections":[],"jetpack_featured_media_url":"https:\/\/i0.wp.com\/blogdoeloiltoncajuhy.com.br\/site\/wp-content\/uploads\/2022\/04\/Reflexao_Uso-excessivo-de-redes-sociais.jpeg?fit=1920%2C1280&ssl=1","jetpack_sharing_enabled":true,"publishpress_future_workflow_manual_trigger":{"enabledWorkflows":[]},"_links":{"self":[{"href":"https:\/\/blogdoeloiltoncajuhy.com.br\/site\/wp-json\/wp\/v2\/posts\/95214","targetHints":{"allow":["GET"]}}],"collection":[{"href":"https:\/\/blogdoeloiltoncajuhy.com.br\/site\/wp-json\/wp\/v2\/posts"}],"about":[{"href":"https:\/\/blogdoeloiltoncajuhy.com.br\/site\/wp-json\/wp\/v2\/types\/post"}],"author":[{"embeddable":true,"href":"https:\/\/blogdoeloiltoncajuhy.com.br\/site\/wp-json\/wp\/v2\/users\/2"}],"replies":[{"embeddable":true,"href":"https:\/\/blogdoeloiltoncajuhy.com.br\/site\/wp-json\/wp\/v2\/comments?post=95214"}],"version-history":[{"count":1,"href":"https:\/\/blogdoeloiltoncajuhy.com.br\/site\/wp-json\/wp\/v2\/posts\/95214\/revisions"}],"predecessor-version":[{"id":95215,"href":"https:\/\/blogdoeloiltoncajuhy.com.br\/site\/wp-json\/wp\/v2\/posts\/95214\/revisions\/95215"}],"wp:featuredmedia":[{"embeddable":true,"href":"https:\/\/blogdoeloiltoncajuhy.com.br\/site\/wp-json\/wp\/v2\/media\/64330"}],"wp:attachment":[{"href":"https:\/\/blogdoeloiltoncajuhy.com.br\/site\/wp-json\/wp\/v2\/media?parent=95214"}],"wp:term":[{"taxonomy":"category","embeddable":true,"href":"https:\/\/blogdoeloiltoncajuhy.com.br\/site\/wp-json\/wp\/v2\/categories?post=95214"},{"taxonomy":"post_tag","embeddable":true,"href":"https:\/\/blogdoeloiltoncajuhy.com.br\/site\/wp-json\/wp\/v2\/tags?post=95214"}],"curies":[{"name":"wp","href":"https:\/\/api.w.org\/{rel}","templated":true}]}}