{"id":95211,"date":"2026-04-27T08:47:12","date_gmt":"2026-04-27T11:47:12","guid":{"rendered":"https:\/\/blogdoeloiltoncajuhy.com.br\/site\/?p=95211"},"modified":"2026-04-27T08:47:14","modified_gmt":"2026-04-27T11:47:14","slug":"para-que-serve-o-bolso-minusculo-dentro-do-bolso-da-calca-jeans","status":"publish","type":"post","link":"https:\/\/blogdoeloiltoncajuhy.com.br\/site\/para-que-serve-o-bolso-minusculo-dentro-do-bolso-da-calca-jeans\/","title":{"rendered":"Para que serve o bolso min\u00fasculo dentro do bolso da cal\u00e7a jeans?"},"content":{"rendered":"\n<p><strong>Por Catraca Livre<\/strong><\/p>\n\n\n\n<p><strong><a href=\"https:\/\/whatsapp.com\/channel\/0029VaAT7tDLI8Yfj5y9Z50Z\" target=\"_blank\" rel=\"noreferrer noopener\"><mark style=\"background-color:rgba(0, 0, 0, 0)\" class=\"has-inline-color has-luminous-vivid-orange-color\">>> Siga o canal do BEC no WhatsApp<\/mark><\/a><\/strong><\/p>\n\n\n\n<figure class=\"wp-block-image aligncenter size-full\"><a href=\"https:\/\/i0.wp.com\/blogdoeloiltoncajuhy.com.br\/site\/wp-content\/uploads\/2026\/04\/Bolso-no-bolso-calca-jeans-IA.jpeg?ssl=1\"><img data-recalc-dims=\"1\" fetchpriority=\"high\" decoding=\"async\" width=\"800\" height=\"301\" src=\"https:\/\/i0.wp.com\/blogdoeloiltoncajuhy.com.br\/site\/wp-content\/uploads\/2026\/04\/Bolso-no-bolso-calca-jeans-IA.jpeg?resize=800%2C301&#038;ssl=1\" alt=\"\" class=\"wp-image-95212\" srcset=\"https:\/\/i0.wp.com\/blogdoeloiltoncajuhy.com.br\/site\/wp-content\/uploads\/2026\/04\/Bolso-no-bolso-calca-jeans-IA.jpeg?w=859&amp;ssl=1 859w, https:\/\/i0.wp.com\/blogdoeloiltoncajuhy.com.br\/site\/wp-content\/uploads\/2026\/04\/Bolso-no-bolso-calca-jeans-IA.jpeg?resize=300%2C113&amp;ssl=1 300w, https:\/\/i0.wp.com\/blogdoeloiltoncajuhy.com.br\/site\/wp-content\/uploads\/2026\/04\/Bolso-no-bolso-calca-jeans-IA.jpeg?resize=768%2C289&amp;ssl=1 768w\" sizes=\"(max-width: 800px) 100vw, 800px\" \/><\/a><figcaption class=\"wp-element-caption\"><sub>Imagem gerada por intelig\u00eancia artificial<\/sub><\/figcaption><\/figure>\n\n\n\n<p>Quem ama moda j\u00e1 reparou naquele bolso min\u00fasculo dentro do bolso da cal\u00e7a jeans e provavelmente se perguntou qual \u00e9 a sua verdadeira fun\u00e7\u00e3o. Esse detalhe discreto carrega uma hist\u00f3ria rica e revela como a funcionalidade original da pe\u00e7a influenciou o design que atravessou gera\u00e7\u00f5es. Mais do que um simples enfeite, o bolso pequeno \u00e9 um s\u00edmbolo da evolu\u00e7\u00e3o do jeans na hist\u00f3ria da moda e continua presente como elemento ic\u00f4nico de estilo.<\/p>\n\n\n\n<p class=\"has-black-color has-text-color has-link-color has-medium-font-size wp-elements-78e8f4154969ac0d4a0b92f9f9d473f6\"><strong>Qual \u00e9 a origem do bolso pequeno na hist\u00f3ria da moda?<\/strong><\/p>\n\n\n\n<p>Para entender o bolso pequeno, \u00e9 essencial voltar ao surgimento da cal\u00e7a jeans no s\u00e9culo XIX. Criada para trabalhadores que precisavam de roupas resistentes, a pe\u00e7a unia durabilidade e praticidade em cada detalhe.<\/p>\n\n\n\n<p>O chamado bolso rel\u00f3gio surgiu com a proposta de guardar rel\u00f3gios de bolso, muito comuns na \u00e9poca. Ele era posicionado estrategicamente para proteger o acess\u00f3rio contra quedas e impactos, mostrando como a funcionalidade original guiava o design.<\/p>\n\n\n\n<p>Ao analisar esse contexto hist\u00f3rico, \u00e9 poss\u00edvel perceber como a moda sempre dialogou com as necessidades sociais. O bolso pequeno se tornou parte essencial da estrutura cl\u00e1ssica do jeans por raz\u00f5es como:<\/p>\n\n\n\n<ul class=\"wp-block-list\">\n<li>Prote\u00e7\u00e3o de rel\u00f3gios de bolso durante o trabalho pesado<\/li>\n\n\n\n<li>Organiza\u00e7\u00e3o de pequenos objetos pessoais<\/li>\n\n\n\n<li>Refor\u00e7o estrutural na parte frontal da pe\u00e7a<\/li>\n\n\n\n<li>Diferencia\u00e7\u00e3o est\u00e9tica no design tradicional<\/li>\n<\/ul>\n\n\n\n<p><\/p>\n\n\n\n<p class=\"has-black-color has-text-color has-link-color has-medium-font-size wp-elements-2e5f248b8d3b17bb6ec3c05a0e77fcac\"><strong>Por que o bolso min\u00fasculo continua presente nas cal\u00e7as jeans atuais?<\/strong><\/p>\n\n\n\n<p>Mesmo com o passar dos anos e a mudan\u00e7a nos h\u00e1bitos de consumo, o bolso pequeno permaneceu como elemento fixo no design das cal\u00e7as jeans. Ele deixou de ser apenas funcional e passou a representar tradi\u00e7\u00e3o e identidade.<\/p>\n\n\n\n<p>Na ind\u00fastria da moda, manter certos detalhes \u00e9 uma forma de preservar autenticidade. O bolso min\u00fasculo conecta o consumidor \u00e0 hist\u00f3ria da pe\u00e7a, agregando valor simb\u00f3lico ao produto e refor\u00e7ando o car\u00e1ter atemporal do jeans.<\/p>\n\n\n\n<p>Al\u00e9m do aspecto hist\u00f3rico, sua perman\u00eancia tamb\u00e9m se justifica por fatores estrat\u00e9gicos dentro do design contempor\u00e2neo, como:<\/p>\n\n\n\n<ul class=\"wp-block-list\">\n<li>Manuten\u00e7\u00e3o do visual cl\u00e1ssico e reconhec\u00edvel<\/li>\n\n\n\n<li>Valoriza\u00e7\u00e3o do storytelling da marca<\/li>\n\n\n\n<li>Apelo vintage que conversa com tend\u00eancias retr\u00f4<\/li>\n\n\n\n<li>Equil\u00edbrio est\u00e9tico na modelagem frontal<\/li>\n<\/ul>\n\n\n\n<p><\/p>\n\n\n\n<p>No cen\u00e1rio atual da moda brasileira, o bolso pequeno \u00e9 mais do que um compartimento. Ele \u00e9 um lembrete de que cada detalhe do vestu\u00e1rio carrega hist\u00f3ria, prop\u00f3sito e identidade, refor\u00e7ando o papel do jeans como pe\u00e7a indispens\u00e1vel e atemporal.<\/p>\n","protected":false},"excerpt":{"rendered":"<p>Por Catraca Livre >> Siga o canal do BEC no WhatsApp Quem ama moda j\u00e1 reparou naquele bolso min\u00fasculo dentro do bolso da cal\u00e7a jeans e provavelmente se perguntou qual \u00e9 a sua verdadeira fun\u00e7\u00e3o. Esse detalhe discreto carrega uma hist\u00f3ria rica e revela como a funcionalidade original da pe\u00e7a influenciou o design que atravessou [&hellip;]<\/p>\n","protected":false},"author":2,"featured_media":95212,"comment_status":"open","ping_status":"open","sticky":false,"template":"","format":"standard","meta":{"_acf_changed":false,"_monsterinsights_skip_tracking":false,"_monsterinsights_sitenote_active":false,"_monsterinsights_sitenote_note":"","_monsterinsights_sitenote_category":0,"_jetpack_memberships_contains_paid_content":false,"footnotes":"","jetpack_publicize_message":"","jetpack_publicize_feature_enabled":true,"jetpack_social_post_already_shared":true,"jetpack_social_options":{"image_generator_settings":{"template":"highway","default_image_id":0,"font":"","enabled":false},"version":2}},"categories":[5],"tags":[],"class_list":["post-95211","post","type-post","status-publish","format-standard","has-post-thumbnail","hentry","category-cotidiano"],"acf":[],"jetpack_publicize_connections":[],"jetpack_featured_media_url":"https:\/\/i0.wp.com\/blogdoeloiltoncajuhy.com.br\/site\/wp-content\/uploads\/2026\/04\/Bolso-no-bolso-calca-jeans-IA.jpeg?fit=859%2C323&ssl=1","jetpack_sharing_enabled":true,"publishpress_future_workflow_manual_trigger":{"enabledWorkflows":[]},"_links":{"self":[{"href":"https:\/\/blogdoeloiltoncajuhy.com.br\/site\/wp-json\/wp\/v2\/posts\/95211","targetHints":{"allow":["GET"]}}],"collection":[{"href":"https:\/\/blogdoeloiltoncajuhy.com.br\/site\/wp-json\/wp\/v2\/posts"}],"about":[{"href":"https:\/\/blogdoeloiltoncajuhy.com.br\/site\/wp-json\/wp\/v2\/types\/post"}],"author":[{"embeddable":true,"href":"https:\/\/blogdoeloiltoncajuhy.com.br\/site\/wp-json\/wp\/v2\/users\/2"}],"replies":[{"embeddable":true,"href":"https:\/\/blogdoeloiltoncajuhy.com.br\/site\/wp-json\/wp\/v2\/comments?post=95211"}],"version-history":[{"count":1,"href":"https:\/\/blogdoeloiltoncajuhy.com.br\/site\/wp-json\/wp\/v2\/posts\/95211\/revisions"}],"predecessor-version":[{"id":95213,"href":"https:\/\/blogdoeloiltoncajuhy.com.br\/site\/wp-json\/wp\/v2\/posts\/95211\/revisions\/95213"}],"wp:featuredmedia":[{"embeddable":true,"href":"https:\/\/blogdoeloiltoncajuhy.com.br\/site\/wp-json\/wp\/v2\/media\/95212"}],"wp:attachment":[{"href":"https:\/\/blogdoeloiltoncajuhy.com.br\/site\/wp-json\/wp\/v2\/media?parent=95211"}],"wp:term":[{"taxonomy":"category","embeddable":true,"href":"https:\/\/blogdoeloiltoncajuhy.com.br\/site\/wp-json\/wp\/v2\/categories?post=95211"},{"taxonomy":"post_tag","embeddable":true,"href":"https:\/\/blogdoeloiltoncajuhy.com.br\/site\/wp-json\/wp\/v2\/tags?post=95211"}],"curies":[{"name":"wp","href":"https:\/\/api.w.org\/{rel}","templated":true}]}}