{"id":95176,"date":"2026-04-26T00:31:00","date_gmt":"2026-04-26T03:31:00","guid":{"rendered":"https:\/\/blogdoeloiltoncajuhy.com.br\/site\/?p=95176"},"modified":"2026-04-24T19:40:49","modified_gmt":"2026-04-24T22:40:49","slug":"pacientes-oncologicos-tem-maior-risco-de-desenvolver-hipertensao-arterial-alertam-especialistas","status":"publish","type":"post","link":"https:\/\/blogdoeloiltoncajuhy.com.br\/site\/pacientes-oncologicos-tem-maior-risco-de-desenvolver-hipertensao-arterial-alertam-especialistas\/","title":{"rendered":"Pacientes oncol\u00f3gicos t\u00eam maior risco de desenvolver hipertens\u00e3o arterial, alertam especialistas"},"content":{"rendered":"\n<p><strong>Blog do Eloilton Cajuhy \u2013 BEC<\/strong><\/p>\n\n\n\n<p><strong><a href=\"https:\/\/whatsapp.com\/channel\/0029VaAT7tDLI8Yfj5y9Z50Z\" target=\"_blank\" rel=\"noreferrer noopener\"><mark style=\"background-color:rgba(0, 0, 0, 0)\" class=\"has-inline-color has-luminous-vivid-orange-color\">>> Siga o canal do BEC no WhatsApp<\/mark><\/a><\/strong><\/p>\n\n\n\n<figure class=\"wp-block-image aligncenter size-full is-resized\"><a href=\"https:\/\/i0.wp.com\/blogdoeloiltoncajuhy.com.br\/site\/wp-content\/uploads\/2023\/02\/Foto-hipertensao-arterial-Pexels-Pavel-Danilyuk-7108344.jpg\"><img data-recalc-dims=\"1\" fetchpriority=\"high\" decoding=\"async\" width=\"626\" height=\"418\" src=\"https:\/\/i0.wp.com\/blogdoeloiltoncajuhy.com.br\/site\/wp-content\/uploads\/2023\/02\/Foto-hipertensao-arterial-Pexels-Pavel-Danilyuk-7108344.jpg?resize=626%2C418\" alt=\"\" class=\"wp-image-72096\" style=\"width:683px;height:auto\" srcset=\"https:\/\/i0.wp.com\/blogdoeloiltoncajuhy.com.br\/site\/wp-content\/uploads\/2023\/02\/Foto-hipertensao-arterial-Pexels-Pavel-Danilyuk-7108344.jpg?w=626&amp;ssl=1 626w, https:\/\/i0.wp.com\/blogdoeloiltoncajuhy.com.br\/site\/wp-content\/uploads\/2023\/02\/Foto-hipertensao-arterial-Pexels-Pavel-Danilyuk-7108344.jpg?resize=300%2C200&amp;ssl=1 300w\" sizes=\"(max-width: 626px) 100vw, 626px\" \/><\/a><figcaption class=\"wp-element-caption\"><sub>Foto: Pexels\/Pavel Danilyuk<\/sub><\/figcaption><\/figure>\n\n\n\n<p>O <strong>Dia Mundial de Combate e Preven\u00e7\u00e3o \u00e0 Hipertens\u00e3o<\/strong>, celebrado neste domingo, 26 de abril, chama a aten\u00e7\u00e3o para a import\u00e2ncia do cuidado com uma condi\u00e7\u00e3o silenciosa e muitas vezes assintom\u00e1tica, que pode mascarar sua gravidade: a hipertens\u00e3o arterial. De acordo com a Organiza\u00e7\u00e3o Mundial da Sa\u00fade (OMS), a doen\u00e7a est\u00e1 relacionada a 45% dos \u00f3bitos por problemas card\u00edacos. Al\u00e9m de ser um dos principais fatores de risco para doen\u00e7as cardiovasculares, a hipertens\u00e3o tamb\u00e9m tem uma rela\u00e7\u00e3o cada vez mais estreita com o c\u00e2ncer.<\/p>\n\n\n\n<p>Especialistas alertam que pacientes oncol\u00f3gicos apresentam maior risco de desenvolver press\u00e3o alta, seja por fatores compartilhados, como sedentarismo, obesidade e tabagismo, ou pelos efeitos dos pr\u00f3prios tratamentos.<\/p>\n\n\n\n<p>Estima-se que aproximadamente 33% dos pacientes possam desenvolver hipertens\u00e3o durante o tratamento contra o c\u00e2ncer. Em muitos casos, a condi\u00e7\u00e3o pode ser revers\u00edvel ap\u00f3s o t\u00e9rmino da terapia, mas exige monitoramento rigoroso ao longo de todo o processo.<\/p>\n\n\n\n<p>Tratamentos como quimioterapia e radioterapia podem impactar diretamente o sistema cardiovascular, elevando a press\u00e3o arterial e aumentando o risco de complica\u00e7\u00f5es, especialmente em pacientes que j\u00e1 possuem doen\u00e7as card\u00edacas ou fatores de risco associados.<\/p>\n\n\n\n<p>\u201cA hipertens\u00e3o em pacientes oncol\u00f3gicos \u00e9 uma preocupa\u00e7\u00e3o crescente, j\u00e1 que alguns tratamentos podem elevar a press\u00e3o arterial, especialmente em tumores renais, intestinais e g\u00e1stricos. Por isso, o acompanhamento cardiovascular deve ser cont\u00ednuo e individualizado, com controle da press\u00e3o arterial por meio de tratamento medicamentoso associado a mudan\u00e7as comportamentais. \u00c9 fundamental estimular o paciente \u00e0 ades\u00e3o \u00e0s orienta\u00e7\u00f5es m\u00e9dicas e a um estilo de vida saud\u00e1vel, fatores que impactam diretamente o progn\u00f3stico\u201d, explica a coordenadora de Cardiologia do Hospital da Bahia, Ta\u00eds Sarmento.<\/p>\n\n\n\n<p>Nesse cen\u00e1rio, a atua\u00e7\u00e3o de uma equipe multidisciplinar \u00e9 fundamental. O acompanhamento conjunto entre oncologistas e cardiologistas permite avaliar riscos e prevenir danos ao cora\u00e7\u00e3o desde o in\u00edcio do tratamento.<\/p>\n\n\n\n<p>\u201cO tratamento do c\u00e2ncer exige um olhar integrado para al\u00e9m do tumor. \u00c9 essencial uma abordagem coordenada para prevenir, identificar precocemente e controlar a hipertens\u00e3o que pode surgir ou se intensificar durante a terapia. Esse acompanhamento conjunto permite ajustar condutas, reduzir riscos cardiovasculares e garantir que o paciente siga o tratamento oncol\u00f3gico com mais seguran\u00e7a e melhores resultados\u201d, destaca a oncologista da cl\u00ednica AMO, J\u00falia Andrade.<\/p>\n\n\n\n<p>A hipertens\u00e3o arterial \u00e9 considerada o principal fator de risco modific\u00e1vel para complica\u00e7\u00f5es cardiovasculares em pacientes com c\u00e2ncer e, tamb\u00e9m, em pacientes que superaram a doen\u00e7a. Por isso, a preven\u00e7\u00e3o deve come\u00e7ar desde a primeira consulta, levando em conta o hist\u00f3rico cl\u00ednico e os fatores de risco de cada paciente.<\/p>\n\n\n\n<p>Entre as principais recomenda\u00e7\u00f5es para proteger o cora\u00e7\u00e3o antes, durante e ap\u00f3s o tratamento oncol\u00f3gico est\u00e3o: parar de fumar, evitar o consumo excessivo de bebidas alco\u00f3licas, manter uma alimenta\u00e7\u00e3o equilibrada, controlar o peso, praticar atividades f\u00edsicas regularmente, al\u00e9m de controlar doen\u00e7as como diabetes e colesterol elevado.<\/p>\n\n\n\n<p>Apesar de n\u00e3o ter cura, a hipertens\u00e3o pode ser facilmente diagnosticada e controlada com o uso de medicamentos e mudan\u00e7as no estilo de vida. O acompanhamento regular da press\u00e3o arterial \u00e9 essencial para garantir mais qualidade de vida e melhores desfechos no tratamento do c\u00e2ncer.<\/p>\n","protected":false},"excerpt":{"rendered":"<p>Blog do Eloilton Cajuhy \u2013 BEC >> Siga o canal do BEC no WhatsApp O Dia Mundial de Combate e Preven\u00e7\u00e3o \u00e0 Hipertens\u00e3o, celebrado neste domingo, 26 de abril, chama a aten\u00e7\u00e3o para a import\u00e2ncia do cuidado com uma condi\u00e7\u00e3o silenciosa e muitas vezes assintom\u00e1tica, que pode mascarar sua gravidade: a hipertens\u00e3o arterial. De acordo [&hellip;]<\/p>\n","protected":false},"author":2,"featured_media":72096,"comment_status":"open","ping_status":"open","sticky":false,"template":"","format":"standard","meta":{"_acf_changed":false,"_monsterinsights_skip_tracking":false,"_monsterinsights_sitenote_active":false,"_monsterinsights_sitenote_note":"","_monsterinsights_sitenote_category":0,"_jetpack_memberships_contains_paid_content":false,"footnotes":"","jetpack_publicize_message":"","jetpack_publicize_feature_enabled":true,"jetpack_social_post_already_shared":true,"jetpack_social_options":{"image_generator_settings":{"template":"highway","default_image_id":0,"font":"","enabled":false},"version":2}},"categories":[7],"tags":[],"class_list":["post-95176","post","type-post","status-publish","format-standard","has-post-thumbnail","hentry","category-saude"],"acf":[],"jetpack_publicize_connections":[],"jetpack_featured_media_url":"https:\/\/i0.wp.com\/blogdoeloiltoncajuhy.com.br\/site\/wp-content\/uploads\/2023\/02\/Foto-hipertensao-arterial-Pexels-Pavel-Danilyuk-7108344.jpg?fit=626%2C418&ssl=1","jetpack_sharing_enabled":true,"publishpress_future_workflow_manual_trigger":{"enabledWorkflows":[]},"_links":{"self":[{"href":"https:\/\/blogdoeloiltoncajuhy.com.br\/site\/wp-json\/wp\/v2\/posts\/95176","targetHints":{"allow":["GET"]}}],"collection":[{"href":"https:\/\/blogdoeloiltoncajuhy.com.br\/site\/wp-json\/wp\/v2\/posts"}],"about":[{"href":"https:\/\/blogdoeloiltoncajuhy.com.br\/site\/wp-json\/wp\/v2\/types\/post"}],"author":[{"embeddable":true,"href":"https:\/\/blogdoeloiltoncajuhy.com.br\/site\/wp-json\/wp\/v2\/users\/2"}],"replies":[{"embeddable":true,"href":"https:\/\/blogdoeloiltoncajuhy.com.br\/site\/wp-json\/wp\/v2\/comments?post=95176"}],"version-history":[{"count":1,"href":"https:\/\/blogdoeloiltoncajuhy.com.br\/site\/wp-json\/wp\/v2\/posts\/95176\/revisions"}],"predecessor-version":[{"id":95177,"href":"https:\/\/blogdoeloiltoncajuhy.com.br\/site\/wp-json\/wp\/v2\/posts\/95176\/revisions\/95177"}],"wp:featuredmedia":[{"embeddable":true,"href":"https:\/\/blogdoeloiltoncajuhy.com.br\/site\/wp-json\/wp\/v2\/media\/72096"}],"wp:attachment":[{"href":"https:\/\/blogdoeloiltoncajuhy.com.br\/site\/wp-json\/wp\/v2\/media?parent=95176"}],"wp:term":[{"taxonomy":"category","embeddable":true,"href":"https:\/\/blogdoeloiltoncajuhy.com.br\/site\/wp-json\/wp\/v2\/categories?post=95176"},{"taxonomy":"post_tag","embeddable":true,"href":"https:\/\/blogdoeloiltoncajuhy.com.br\/site\/wp-json\/wp\/v2\/tags?post=95176"}],"curies":[{"name":"wp","href":"https:\/\/api.w.org\/{rel}","templated":true}]}}