{"id":95173,"date":"2026-04-28T00:10:00","date_gmt":"2026-04-28T03:10:00","guid":{"rendered":"https:\/\/blogdoeloiltoncajuhy.com.br\/site\/?p=95173"},"modified":"2026-04-24T19:31:21","modified_gmt":"2026-04-24T22:31:21","slug":"fraturas-nas-maos-afastaram-mais-de-111-mil-trabalhadores-em-2025","status":"publish","type":"post","link":"https:\/\/blogdoeloiltoncajuhy.com.br\/site\/fraturas-nas-maos-afastaram-mais-de-111-mil-trabalhadores-em-2025\/","title":{"rendered":"Fraturas nas m\u00e3os afastaram mais de 111 mil trabalhadores em 2025"},"content":{"rendered":"\n<p class=\"has-medium-font-size\"><strong>Abril marca campanha de seguran\u00e7a no trabalho e a Sociedade Brasileira de Cirurgia da M\u00e3o alerta para acidentes envolvendo o membro<\/strong><\/p>\n\n\n\n<p><strong>Blog do Eloilton Cajuhy \u2013 BEC<\/strong><\/p>\n\n\n\n<p><strong><a href=\"https:\/\/whatsapp.com\/channel\/0029VaAT7tDLI8Yfj5y9Z50Z\" target=\"_blank\" rel=\"noreferrer noopener\"><mark style=\"background-color:rgba(0, 0, 0, 0)\" class=\"has-inline-color has-luminous-vivid-orange-color\">>> Siga o canal do BEC no WhatsApp<\/mark><\/a><\/strong><\/p>\n\n\n\n<figure class=\"wp-block-image aligncenter size-full\"><a href=\"https:\/\/i0.wp.com\/blogdoeloiltoncajuhy.com.br\/site\/wp-content\/uploads\/2026\/04\/Fratura-nas-maos-Foto-Freepik.jpg?ssl=1\"><img data-recalc-dims=\"1\" fetchpriority=\"high\" decoding=\"async\" width=\"800\" height=\"533\" src=\"https:\/\/i0.wp.com\/blogdoeloiltoncajuhy.com.br\/site\/wp-content\/uploads\/2026\/04\/Fratura-nas-maos-Foto-Freepik.jpg?resize=800%2C533&#038;ssl=1\" alt=\"\" class=\"wp-image-95174\" srcset=\"https:\/\/i0.wp.com\/blogdoeloiltoncajuhy.com.br\/site\/wp-content\/uploads\/2026\/04\/Fratura-nas-maos-Foto-Freepik.jpg?w=800&amp;ssl=1 800w, https:\/\/i0.wp.com\/blogdoeloiltoncajuhy.com.br\/site\/wp-content\/uploads\/2026\/04\/Fratura-nas-maos-Foto-Freepik.jpg?resize=300%2C200&amp;ssl=1 300w, https:\/\/i0.wp.com\/blogdoeloiltoncajuhy.com.br\/site\/wp-content\/uploads\/2026\/04\/Fratura-nas-maos-Foto-Freepik.jpg?resize=768%2C512&amp;ssl=1 768w\" sizes=\"(max-width: 800px) 100vw, 800px\" \/><\/a><figcaption class=\"wp-element-caption\"><sub>Cr\u00e9dito: Freepik<\/sub><\/figcaption><\/figure>\n\n\n\n<p>No m\u00eas de abril, entidades governamentais, institui\u00e7\u00f5es e empresas realizam a Campanha Abril Verde, que tem como objetivo refor\u00e7ar a conscientiza\u00e7\u00e3o sobre a preven\u00e7\u00e3o de acidentes e doen\u00e7as relacionadas ao trabalho. O ponto alto da a\u00e7\u00e3o \u00e9 nesta ter\u00e7a-feira, 28 de abril, <strong>Dia Mundial da Seguran\u00e7a e Sa\u00fade no Trabalho.<\/strong><\/p>\n\n\n\n<p>Em um cen\u00e1rio em que as m\u00e3os est\u00e3o presentes em praticamente todas as atividades profissionais, do trabalho manual \u00e0s fun\u00e7\u00f5es mais t\u00e9cnicas, a aten\u00e7\u00e3o a esse membro se torna essencial. Dados do Minist\u00e9rio da Previd\u00eancia Social, apontam que, em 2025, o Brasil registrou 111.534 afastamentos por fraturas ao n\u00edvel do punho e da m\u00e3o, ocupando a 7\u00aa posi\u00e7\u00e3o no ranking das situa\u00e7\u00f5es que que mais geraram benef\u00edcios por incapacidade tempor\u00e1ria.<\/p>\n\n\n\n<p>\u201cAs m\u00e3os s\u00e3o o principal instrumento de trabalho, independentemente da \u00e1rea de atua\u00e7\u00e3o. Por isso, qualquer les\u00e3o pode ter um impacto significativo n\u00e3o apenas na produtividade, mas tamb\u00e9m na qualidade de vida\u201d, fala o presidente da Sociedade Brasileira de Cirurgia da M\u00e3o (SBCM), Dr. Roberto Luiz Sobania.<\/p>\n\n\n\n<p>\u201cAtividades consideradas simples ou rotineiras tendem a ser subestimadas, o que aumenta a exposi\u00e7\u00e3o a acidentes. Muitas les\u00f5es acontecem justamente quando o trabalhador relaxa a aten\u00e7\u00e3o ou acredita que o risco \u00e9 baixo\u201d, completa.<\/p>\n\n\n\n<p>Em geral, as les\u00f5es nas m\u00e3os est\u00e3o associadas a falhas operacionais, aus\u00eancia de prote\u00e7\u00e3o adequada ou repeti\u00e7\u00e3o excessiva de movimentos ao longo da jornada.<\/p>\n\n\n\n<p>As fraturas e esmagamentos s\u00e3o mais recorrentes em ambientes industriais, na constru\u00e7\u00e3o civil e em opera\u00e7\u00f5es log\u00edsticas. Eles acontecem, principalmente, quando h\u00e1 contato direto com m\u00e1quinas, prensas, engrenagens ou durante o transporte de cargas pesadas.<\/p>\n\n\n\n<p>Cortes e lacera\u00e7\u00f5es s\u00e3o comuns em atividades que envolvem ferramentas manuais, objetos perfurocortantes ou m\u00e1quinas sem prote\u00e7\u00e3o. \u201cEsses acidentes costumam ocorrer durante manuseio inadequado, falta de aten\u00e7\u00e3o ou aus\u00eancia de equipamentos de prote\u00e7\u00e3o, como luvas espec\u00edficas\u201d, diz o presidente da SBCM.<\/p>\n\n\n\n<p>J\u00e1 as queimaduras podem ocorrer tanto em setores industriais quanto na \u00e1rea da sa\u00fade e servi\u00e7os, envolvendo contato com superf\u00edcies aquecidas, subst\u00e2ncias qu\u00edmicas ou at\u00e9 mesmo eletricidade. Em muitos casos, est\u00e3o relacionadas ao uso inadequado de equipamentos ou \u00e0 falta de barreiras de prote\u00e7\u00e3o.<\/p>\n\n\n\n<p>Dr. Sobania lembra que outro grupo relevante s\u00e3o as les\u00f5es por esfor\u00e7o repetitivo (LER\/DORT), mais silenciosas e cumulativas. \u201cElas afetam profissionais que realizam movimentos cont\u00ednuos, como digitadores, operadores de caixa e trabalhadores de linha de produ\u00e7\u00e3o. A aus\u00eancia de pausas regulares, mobili\u00e1rio inadequado e sobrecarga de trabalho s\u00e3o fatores determinantes para esse tipo de problema\u201d, explica.<\/p>\n\n\n\n<p class=\"has-black-color has-text-color has-link-color has-medium-font-size wp-elements-b6b81dd0254d3b195cfe21648f07ab7f\"><strong>O que fazer em caso de acidente?<\/strong><\/p>\n\n\n\n<p>Em casos de les\u00f5es nas m\u00e3os, alguns cuidados imediatos s\u00e3o fundamentais para evitar complica\u00e7\u00f5es. Em situa\u00e7\u00f5es de cortes, por exemplo, \u00e9 importante higienizar o local e conter o sangramento. J\u00e1 em casos de suspeita de fratura ou esmagamento, a recomenda\u00e7\u00e3o \u00e9 imobilizar a regi\u00e3o e procurar atendimento m\u00e9dico o mais r\u00e1pido poss\u00edvel. Queimaduras tamb\u00e9m exigem aten\u00e7\u00e3o e devem ser resfriadas com \u00e1gua corrente, evitando o uso de subst\u00e2ncias caseiras que podem agravar o quadro.<\/p>\n\n\n\n<p class=\"has-black-color has-text-color has-link-color has-medium-font-size wp-elements-5f25cd921adec66b4ee5f00daf6f18ba\"><strong>Prevenir \u00e9 melhor do que remediar<\/strong><\/p>\n\n\n\n<p>Apesar de amplamente difundido, o princ\u00edpio da preven\u00e7\u00e3o ainda enfrenta desafios na pr\u00e1tica cotidiana dos ambientes de trabalho. A efetividade das a\u00e7\u00f5es depende da integra\u00e7\u00e3o entre gest\u00e3o de riscos, treinamento das equipes e fiscaliza\u00e7\u00e3o adequada. \u201cIsso significa revisar constantemente os procedimentos de trabalho, garantir que os equipamentos de prote\u00e7\u00e3o sejam usados corretamente e orientar as equipes de forma cont\u00ednua para reduzir falhas que podem levar a acidentes\u201d, ressalta o especialista.<\/p>\n\n\n\n<p>O presidente da SBCM pontua que o impacto desses acidentes vai al\u00e9m do indiv\u00edduo, refletindo tamb\u00e9m na sa\u00fade p\u00fablica e na rotina das empresas. \u201cLes\u00f5es nas m\u00e3os podem levar a afastamentos prolongados, necessidade de tratamento especializado e reabilita\u00e7\u00e3o, o que impacta diretamente a produtividade e a qualidade de vida dos trabalhadores. A conscientiza\u00e7\u00e3o e o cuidado no dia a dia s\u00e3o essenciais, afinal, a seguran\u00e7a no trabalho n\u00e3o \u00e9 detalhe; \u00e9 o que sustenta a continuidade da atividade profissional\u201d, conclui.<\/p>\n","protected":false},"excerpt":{"rendered":"<p>Abril marca campanha de seguran\u00e7a no trabalho e a Sociedade Brasileira de Cirurgia da M\u00e3o alerta para acidentes envolvendo o membro Blog do Eloilton Cajuhy \u2013 BEC >> Siga o canal do BEC no WhatsApp No m\u00eas de abril, entidades governamentais, institui\u00e7\u00f5es e empresas realizam a Campanha Abril Verde, que tem como objetivo refor\u00e7ar a [&hellip;]<\/p>\n","protected":false},"author":2,"featured_media":95174,"comment_status":"open","ping_status":"open","sticky":false,"template":"","format":"standard","meta":{"_acf_changed":false,"_monsterinsights_skip_tracking":false,"_monsterinsights_sitenote_active":false,"_monsterinsights_sitenote_note":"","_monsterinsights_sitenote_category":0,"_jetpack_memberships_contains_paid_content":false,"footnotes":"","jetpack_publicize_message":"","jetpack_publicize_feature_enabled":true,"jetpack_social_post_already_shared":true,"jetpack_social_options":{"image_generator_settings":{"template":"highway","default_image_id":0,"font":"","enabled":false},"version":2}},"categories":[7],"tags":[],"class_list":["post-95173","post","type-post","status-publish","format-standard","has-post-thumbnail","hentry","category-saude"],"acf":[],"jetpack_publicize_connections":[],"jetpack_featured_media_url":"https:\/\/i0.wp.com\/blogdoeloiltoncajuhy.com.br\/site\/wp-content\/uploads\/2026\/04\/Fratura-nas-maos-Foto-Freepik.jpg?fit=800%2C533&ssl=1","jetpack_sharing_enabled":true,"publishpress_future_workflow_manual_trigger":{"enabledWorkflows":[]},"_links":{"self":[{"href":"https:\/\/blogdoeloiltoncajuhy.com.br\/site\/wp-json\/wp\/v2\/posts\/95173","targetHints":{"allow":["GET"]}}],"collection":[{"href":"https:\/\/blogdoeloiltoncajuhy.com.br\/site\/wp-json\/wp\/v2\/posts"}],"about":[{"href":"https:\/\/blogdoeloiltoncajuhy.com.br\/site\/wp-json\/wp\/v2\/types\/post"}],"author":[{"embeddable":true,"href":"https:\/\/blogdoeloiltoncajuhy.com.br\/site\/wp-json\/wp\/v2\/users\/2"}],"replies":[{"embeddable":true,"href":"https:\/\/blogdoeloiltoncajuhy.com.br\/site\/wp-json\/wp\/v2\/comments?post=95173"}],"version-history":[{"count":1,"href":"https:\/\/blogdoeloiltoncajuhy.com.br\/site\/wp-json\/wp\/v2\/posts\/95173\/revisions"}],"predecessor-version":[{"id":95175,"href":"https:\/\/blogdoeloiltoncajuhy.com.br\/site\/wp-json\/wp\/v2\/posts\/95173\/revisions\/95175"}],"wp:featuredmedia":[{"embeddable":true,"href":"https:\/\/blogdoeloiltoncajuhy.com.br\/site\/wp-json\/wp\/v2\/media\/95174"}],"wp:attachment":[{"href":"https:\/\/blogdoeloiltoncajuhy.com.br\/site\/wp-json\/wp\/v2\/media?parent=95173"}],"wp:term":[{"taxonomy":"category","embeddable":true,"href":"https:\/\/blogdoeloiltoncajuhy.com.br\/site\/wp-json\/wp\/v2\/categories?post=95173"},{"taxonomy":"post_tag","embeddable":true,"href":"https:\/\/blogdoeloiltoncajuhy.com.br\/site\/wp-json\/wp\/v2\/tags?post=95173"}],"curies":[{"name":"wp","href":"https:\/\/api.w.org\/{rel}","templated":true}]}}