{"id":94329,"date":"2026-03-17T15:16:35","date_gmt":"2026-03-17T18:16:35","guid":{"rendered":"https:\/\/blogdoeloiltoncajuhy.com.br\/site\/?p=94329"},"modified":"2026-03-17T15:19:01","modified_gmt":"2026-03-17T18:19:01","slug":"ex-prefeito-carlos-brasileiro-visita-16a-feira-do-umbu-no-emporio-da-agricultura-familiar-em-senhor-do-bonfim","status":"publish","type":"post","link":"https:\/\/blogdoeloiltoncajuhy.com.br\/site\/ex-prefeito-carlos-brasileiro-visita-16a-feira-do-umbu-no-emporio-da-agricultura-familiar-em-senhor-do-bonfim\/","title":{"rendered":"Ex-prefeito Carlos Brasileiro visita 16\u00aa Feira do Umbu no Emp\u00f3rio da Agricultura Familiar em Senhor do Bonfim"},"content":{"rendered":"\n<p class=\"has-medium-font-size\"><strong>Espa\u00e7o implantado durante sua gest\u00e3o recebeu investimento de cerca de R$ 3 milh\u00f5es do Governo da Bahia e fortalece a comercializa\u00e7\u00e3o de produtos da agricultura familiar na regi\u00e3o<\/strong><\/p>\n\n\n\n<p><strong><a href=\"https:\/\/whatsapp.com\/channel\/0029VaAT7tDLI8Yfj5y9Z50Z\" target=\"_blank\" rel=\"noreferrer noopener\"><mark style=\"background-color:rgba(0, 0, 0, 0)\" class=\"has-inline-color has-luminous-vivid-orange-color\">&gt;&gt; Siga o canal do BEC no WhatsApp<\/mark><\/a><\/strong><\/p>\n\n\n\n<figure class=\"wp-block-image aligncenter size-full is-resized\"><a href=\"https:\/\/i0.wp.com\/blogdoeloiltoncajuhy.com.br\/site\/wp-content\/uploads\/2026\/03\/Carlos-Brasileiro-03-2026-03-17.jpeg?ssl=1\"><img data-recalc-dims=\"1\" fetchpriority=\"high\" decoding=\"async\" width=\"780\" height=\"585\" src=\"https:\/\/i0.wp.com\/blogdoeloiltoncajuhy.com.br\/site\/wp-content\/uploads\/2026\/03\/Carlos-Brasileiro-03-2026-03-17.jpeg?resize=780%2C585&#038;ssl=1\" alt=\"\" class=\"wp-image-94330\" style=\"width:671px;height:auto\" srcset=\"https:\/\/i0.wp.com\/blogdoeloiltoncajuhy.com.br\/site\/wp-content\/uploads\/2026\/03\/Carlos-Brasileiro-03-2026-03-17.jpeg?w=780&amp;ssl=1 780w, https:\/\/i0.wp.com\/blogdoeloiltoncajuhy.com.br\/site\/wp-content\/uploads\/2026\/03\/Carlos-Brasileiro-03-2026-03-17.jpeg?resize=300%2C225&amp;ssl=1 300w, https:\/\/i0.wp.com\/blogdoeloiltoncajuhy.com.br\/site\/wp-content\/uploads\/2026\/03\/Carlos-Brasileiro-03-2026-03-17.jpeg?resize=768%2C576&amp;ssl=1 768w\" sizes=\"(max-width: 780px) 100vw, 780px\" \/><\/a><\/figure>\n\n\n\n<p>O ex-prefeito de Senhor do Bonfim e assessor especial do Governo da Bahia, Carlos Brasileiro, visitou no s\u00e1bado (14), a 16\u00aa Feira do Umbu, realizada no Emp\u00f3rio da Agricultura Familiar e do Artesanato. Ele esteve acompanhado do vereador R\u00ea do Sindicato, do presidente do PT Ronaldo Nascimento, da professora Cristiane Maia, de M\u00e1rcio Castro e de outros apoiadores.<\/p>\n\n\n\n<p>O espa\u00e7o foi conquistado durante sua gest\u00e3o e recebeu investimentos do Governo do Estado. Aberto para o p\u00fablico h\u00e1 pouco mais de um m\u00eas, o Emp\u00f3rio amplia as oportunidades para produtores rurais, fortalecendo a comercializa\u00e7\u00e3o de produtos da agricultura familiar e gerando renda para fam\u00edlias do campo.<\/p>\n\n\n\n<p>O local conta com loja de conveni\u00eancia com lanchonete, estandes de artesanato e \u00e1rea externa para feiras de produtos org\u00e2nicos e eventos.<\/p>\n\n\n\n<p>Para a reforma, amplia\u00e7\u00e3o, urbaniza\u00e7\u00e3o e compra de equipamentos, o Governo da Bahia investiu cerca de R$ 3 milh\u00f5es, por meio da CAR, vinculada \u00e0 SDR, dentro do Projeto Pr\u00f3-Semi\u00e1rido, cofinanciado pelo FIDA.<\/p>\n\n\n\n<p>A iniciativa fortalece associa\u00e7\u00f5es e cooperativas da agricultura familiar em toda a regi\u00e3o.<\/p>\n\n\n\n<figure class=\"wp-block-image aligncenter size-full\"><a href=\"https:\/\/i0.wp.com\/blogdoeloiltoncajuhy.com.br\/site\/wp-content\/uploads\/2026\/03\/Carlos-Brasileiro-01-2026-03-17.jpeg?ssl=1\"><img data-recalc-dims=\"1\" decoding=\"async\" width=\"510\" height=\"680\" src=\"https:\/\/i0.wp.com\/blogdoeloiltoncajuhy.com.br\/site\/wp-content\/uploads\/2026\/03\/Carlos-Brasileiro-01-2026-03-17.jpeg?resize=510%2C680&#038;ssl=1\" alt=\"\" class=\"wp-image-94332\" srcset=\"https:\/\/i0.wp.com\/blogdoeloiltoncajuhy.com.br\/site\/wp-content\/uploads\/2026\/03\/Carlos-Brasileiro-01-2026-03-17.jpeg?w=510&amp;ssl=1 510w, https:\/\/i0.wp.com\/blogdoeloiltoncajuhy.com.br\/site\/wp-content\/uploads\/2026\/03\/Carlos-Brasileiro-01-2026-03-17.jpeg?resize=225%2C300&amp;ssl=1 225w\" sizes=\"(max-width: 510px) 100vw, 510px\" \/><\/a><\/figure>\n\n\n\n<figure class=\"wp-block-image aligncenter size-full\"><a href=\"https:\/\/i0.wp.com\/blogdoeloiltoncajuhy.com.br\/site\/wp-content\/uploads\/2026\/03\/Carlos-Brasileiro-02-2026-03-17.jpeg?ssl=1\"><img data-recalc-dims=\"1\" decoding=\"async\" width=\"510\" height=\"680\" src=\"https:\/\/i0.wp.com\/blogdoeloiltoncajuhy.com.br\/site\/wp-content\/uploads\/2026\/03\/Carlos-Brasileiro-02-2026-03-17.jpeg?resize=510%2C680&#038;ssl=1\" alt=\"\" class=\"wp-image-94333\" srcset=\"https:\/\/i0.wp.com\/blogdoeloiltoncajuhy.com.br\/site\/wp-content\/uploads\/2026\/03\/Carlos-Brasileiro-02-2026-03-17.jpeg?w=510&amp;ssl=1 510w, https:\/\/i0.wp.com\/blogdoeloiltoncajuhy.com.br\/site\/wp-content\/uploads\/2026\/03\/Carlos-Brasileiro-02-2026-03-17.jpeg?resize=225%2C300&amp;ssl=1 225w\" sizes=\"(max-width: 510px) 100vw, 510px\" \/><\/a><\/figure>\n\n\n\n<figure class=\"wp-block-image aligncenter size-full\"><a href=\"https:\/\/i0.wp.com\/blogdoeloiltoncajuhy.com.br\/site\/wp-content\/uploads\/2026\/03\/Carlos-Brasileiro-04-2026-03-17.jpeg?ssl=1\"><img data-recalc-dims=\"1\" loading=\"lazy\" decoding=\"async\" width=\"510\" height=\"680\" src=\"https:\/\/i0.wp.com\/blogdoeloiltoncajuhy.com.br\/site\/wp-content\/uploads\/2026\/03\/Carlos-Brasileiro-04-2026-03-17.jpeg?resize=510%2C680&#038;ssl=1\" alt=\"\" class=\"wp-image-94335\" srcset=\"https:\/\/i0.wp.com\/blogdoeloiltoncajuhy.com.br\/site\/wp-content\/uploads\/2026\/03\/Carlos-Brasileiro-04-2026-03-17.jpeg?w=510&amp;ssl=1 510w, https:\/\/i0.wp.com\/blogdoeloiltoncajuhy.com.br\/site\/wp-content\/uploads\/2026\/03\/Carlos-Brasileiro-04-2026-03-17.jpeg?resize=225%2C300&amp;ssl=1 225w\" sizes=\"(max-width: 510px) 100vw, 510px\" \/><\/a><\/figure>\n","protected":false},"excerpt":{"rendered":"<p>Espa\u00e7o implantado durante sua gest\u00e3o recebeu investimento de cerca de R$ 3 milh\u00f5es do Governo da Bahia e fortalece a comercializa\u00e7\u00e3o de produtos da agricultura familiar na regi\u00e3o &gt;&gt; Siga o canal do BEC no WhatsApp O ex-prefeito de Senhor do Bonfim e assessor especial do Governo da Bahia, Carlos Brasileiro, visitou no s\u00e1bado (14), [&hellip;]<\/p>\n","protected":false},"author":2,"featured_media":94330,"comment_status":"open","ping_status":"open","sticky":false,"template":"","format":"standard","meta":{"_acf_changed":false,"_monsterinsights_skip_tracking":false,"_monsterinsights_sitenote_active":false,"_monsterinsights_sitenote_note":"","_monsterinsights_sitenote_category":0,"_jetpack_memberships_contains_paid_content":false,"footnotes":"","jetpack_publicize_message":"","jetpack_publicize_feature_enabled":true,"jetpack_social_post_already_shared":true,"jetpack_social_options":{"image_generator_settings":{"template":"highway","default_image_id":0,"font":"","enabled":false},"version":2}},"categories":[3],"tags":[],"class_list":["post-94329","post","type-post","status-publish","format-standard","has-post-thumbnail","hentry","category-politica"],"acf":[],"jetpack_publicize_connections":[],"jetpack_featured_media_url":"https:\/\/i0.wp.com\/blogdoeloiltoncajuhy.com.br\/site\/wp-content\/uploads\/2026\/03\/Carlos-Brasileiro-03-2026-03-17.jpeg?fit=780%2C585&ssl=1","jetpack_sharing_enabled":true,"publishpress_future_workflow_manual_trigger":{"enabledWorkflows":[]},"_links":{"self":[{"href":"https:\/\/blogdoeloiltoncajuhy.com.br\/site\/wp-json\/wp\/v2\/posts\/94329","targetHints":{"allow":["GET"]}}],"collection":[{"href":"https:\/\/blogdoeloiltoncajuhy.com.br\/site\/wp-json\/wp\/v2\/posts"}],"about":[{"href":"https:\/\/blogdoeloiltoncajuhy.com.br\/site\/wp-json\/wp\/v2\/types\/post"}],"author":[{"embeddable":true,"href":"https:\/\/blogdoeloiltoncajuhy.com.br\/site\/wp-json\/wp\/v2\/users\/2"}],"replies":[{"embeddable":true,"href":"https:\/\/blogdoeloiltoncajuhy.com.br\/site\/wp-json\/wp\/v2\/comments?post=94329"}],"version-history":[{"count":2,"href":"https:\/\/blogdoeloiltoncajuhy.com.br\/site\/wp-json\/wp\/v2\/posts\/94329\/revisions"}],"predecessor-version":[{"id":94336,"href":"https:\/\/blogdoeloiltoncajuhy.com.br\/site\/wp-json\/wp\/v2\/posts\/94329\/revisions\/94336"}],"wp:featuredmedia":[{"embeddable":true,"href":"https:\/\/blogdoeloiltoncajuhy.com.br\/site\/wp-json\/wp\/v2\/media\/94330"}],"wp:attachment":[{"href":"https:\/\/blogdoeloiltoncajuhy.com.br\/site\/wp-json\/wp\/v2\/media?parent=94329"}],"wp:term":[{"taxonomy":"category","embeddable":true,"href":"https:\/\/blogdoeloiltoncajuhy.com.br\/site\/wp-json\/wp\/v2\/categories?post=94329"},{"taxonomy":"post_tag","embeddable":true,"href":"https:\/\/blogdoeloiltoncajuhy.com.br\/site\/wp-json\/wp\/v2\/tags?post=94329"}],"curies":[{"name":"wp","href":"https:\/\/api.w.org\/{rel}","templated":true}]}}