{"id":94322,"date":"2026-03-17T14:09:24","date_gmt":"2026-03-17T17:09:24","guid":{"rendered":"https:\/\/blogdoeloiltoncajuhy.com.br\/site\/?p=94322"},"modified":"2026-03-17T14:10:38","modified_gmt":"2026-03-17T17:10:38","slug":"familia-de-eliza-samudio-faz-carta-aberta-e-cobra-prisao-de-bruno-que-esta-foragido-feminicida-desfila-impune","status":"publish","type":"post","link":"https:\/\/blogdoeloiltoncajuhy.com.br\/site\/familia-de-eliza-samudio-faz-carta-aberta-e-cobra-prisao-de-bruno-que-esta-foragido-feminicida-desfila-impune\/","title":{"rendered":"Fam\u00edlia de Eliza Sam\u00fadio faz carta aberta e cobra pris\u00e3o de Bruno, que est\u00e1 foragido: \u2018Feminicida desfila impune\u2019"},"content":{"rendered":"\n<p class=\"has-medium-font-size\"><strong>No documento enviado ao g1, a fam\u00edlia pede para que a Vara de Execu\u00e7\u00e3o Penal investigue, dentre outras coisas, viagens feitas pelo ex-goleiro nos \u00faltimos anos<\/strong><\/p>\n\n\n\n<p><strong>Por Mirian Machado, Loraine Fran\u00e7a, g1 MS<\/strong> \u2014 Mato Grosso do Sul<\/p>\n\n\n\n<p><strong><a href=\"https:\/\/whatsapp.com\/channel\/0029VaAT7tDLI8Yfj5y9Z50Z\" target=\"_blank\" rel=\"noreferrer noopener\"><mark style=\"background-color:rgba(0, 0, 0, 0)\" class=\"has-inline-color has-luminous-vivid-orange-color\">&gt;&gt; Siga o canal do BEC no WhatsApp<\/mark><\/a><\/strong><\/p>\n\n\n\n<figure class=\"wp-block-image aligncenter size-full\"><a href=\"https:\/\/i0.wp.com\/blogdoeloiltoncajuhy.com.br\/site\/wp-content\/uploads\/2026\/03\/Bruno-modelo-Eliza-Samudio-%E2%80%94-Foto-Arquivo-g1.jpg?ssl=1\"><img data-recalc-dims=\"1\" fetchpriority=\"high\" decoding=\"async\" width=\"780\" height=\"526\" src=\"https:\/\/i0.wp.com\/blogdoeloiltoncajuhy.com.br\/site\/wp-content\/uploads\/2026\/03\/Bruno-modelo-Eliza-Samudio-%E2%80%94-Foto-Arquivo-g1.jpg?resize=780%2C526&#038;ssl=1\" alt=\"\" class=\"wp-image-94323\" srcset=\"https:\/\/i0.wp.com\/blogdoeloiltoncajuhy.com.br\/site\/wp-content\/uploads\/2026\/03\/Bruno-modelo-Eliza-Samudio-%E2%80%94-Foto-Arquivo-g1.jpg?w=780&amp;ssl=1 780w, https:\/\/i0.wp.com\/blogdoeloiltoncajuhy.com.br\/site\/wp-content\/uploads\/2026\/03\/Bruno-modelo-Eliza-Samudio-%E2%80%94-Foto-Arquivo-g1.jpg?resize=300%2C202&amp;ssl=1 300w, https:\/\/i0.wp.com\/blogdoeloiltoncajuhy.com.br\/site\/wp-content\/uploads\/2026\/03\/Bruno-modelo-Eliza-Samudio-%E2%80%94-Foto-Arquivo-g1.jpg?resize=768%2C518&amp;ssl=1 768w\" sizes=\"(max-width: 780px) 100vw, 780px\" \/><\/a><figcaption class=\"wp-element-caption\"><sub>Bruno foi condenado a mais de 22 anos de pris\u00e3o pelo homic\u00eddio da modelo Eliza Samudio \u2014 Foto: Arquivo g1<\/sub><\/figcaption><\/figure>\n\n\n\n<p>A m\u00e3e de Eliza Sam\u00fadio, S\u00f4nia F\u00e1tima Moura, e a madrinha de Bruninho Sam\u00fadio, Maria do Carmo dos Santos, divulgaram carta aberta em que cobram a pris\u00e3o do ex-goleiro Bruno. Ele foi condenado pelo homic\u00eddio de Eliza e \u00e9 considerado foragido pela Justi\u00e7a do Rio de Janeiro.<\/p>\n\n\n\n<p>No documento enviado ao <strong>g1<\/strong> nesta ter\u00e7a-feira (17), S\u00f4nia e Maria do Carmo fazem um pedido para que a Vara de Execu\u00e7\u00e3o Penal investigue, dentre outras coisas, viagens feitas pelo ex-goleiro nos \u00faltimos anos e que o &#8220;Minist\u00e9rio P\u00fablico atue com rigor diante do descumprimento reiterado de exig\u00eancias da Lei de Execu\u00e7\u00e3o Penal&#8221;.<\/p>\n\n\n\n<blockquote class=\"wp-block-quote is-layout-flow wp-block-quote-is-layout-flow\">\n<p><strong><mark style=\"background-color:rgba(0, 0, 0, 0)\" class=\"has-inline-color has-black-color\">&#8220;Pedimos, ainda, que Bruno Fernandes seja responsabilizado criminalmente pela fuga e por cada viola\u00e7\u00e3o cometida. E pedimos que o Estado brasileiro reconhe\u00e7a que, ao tratar um feminicida com tamanha leni\u00eancia, envia uma mensagem perigosa \u00e0 sociedade: a de que o crime compensa, a de que a vida de mulheres como Eliza n\u00e3o vale nada&#8221;, ressaltam m\u00e3e e madrinha no documento.<\/mark><\/strong><\/p>\n<\/blockquote>\n\n\n\n<p>O Tribunal de Justi\u00e7a do Rio de Janeiro informou que o ex-goleiro Bruno est\u00e1 foragido por descumprimento das medidas impostas pela VEP para a manuten\u00e7\u00e3o do livramento condicional. Com o descumprimento, a Vara de Execu\u00e7\u00f5es Penais decretou a revoga\u00e7\u00e3o do livramento condicional e expediu mandado de pris\u00e3o.<\/p>\n\n\n\n<p><em>&#8220;O goleiro Bruno n\u00e3o se apresentou diante da revoga\u00e7\u00e3o. A defesa do goleiro entrou com recurso e a VEP encaminhou para manifesta\u00e7\u00e3o do MP. Enquanto, n\u00e3o houver outra decis\u00e3o em rela\u00e7\u00e3o \u00e0 revoga\u00e7\u00e3o do livramento condicional , o goleiro Bruno ser\u00e1 considerado foragido&#8221;.<\/em><\/p>\n\n\n\n<p>No texto, S\u00f4nia e Maria do Carmo dizem que vivem um cen\u00e1rio de dor, revolta e sensa\u00e7\u00e3o de impunidade. Elas afirmam que o sistema de Justi\u00e7a tem falhado ao n\u00e3o garantir o cumprimento da pena do ex-jogador.<\/p>\n\n\n\n<p class=\"has-black-color has-text-color has-link-color has-medium-font-size wp-elements-ea757214bc566892e94b6d1d6d841b90\"><strong>Carta fala em falhas da Justi\u00e7a<\/strong><\/p>\n\n\n\n<p>As duas relatam que Bruno, condenado em 2013 a mais de 20 anos de pris\u00e3o por feminic\u00eddio, sequestro, c\u00e1rcere privado e oculta\u00e7\u00e3o de cad\u00e1ver, estaria h\u00e1 anos descumprindo regras impostas pela Justi\u00e7a.<\/p>\n\n\n\n<p>Segundo a carta, desde 2023 ele n\u00e3o era localizado para cumprir exig\u00eancias do livramento condicional, como manter endere\u00e7o atualizado e assinar documentos obrigat\u00f3rios. Ainda assim, n\u00e3o teria havido a\u00e7\u00e3o imediata das autoridades.<\/p>\n\n\n\n<p>Elas tamb\u00e9m citam viagens feitas por Bruno para estados como Esp\u00edrito Santo, Minas Gerais e Acre, mesmo com restri\u00e7\u00f5es judiciais.<\/p>\n\n\n\n<p class=\"has-black-color has-text-color has-link-color has-medium-font-size wp-elements-5756c1ef7203e2fb72fe02734cf12398\"><strong>Viagem ao Acre e revolta<\/strong><\/p>\n\n\n\n<p>Um dos pontos que mais causou indigna\u00e7\u00e3o \u00e0 fam\u00edlia foi a ida do ex-goleiro ao Acre, em fevereiro deste ano. De acordo com a carta, ele participou de uma partida de futebol pelo time Vasco-AC sem autoriza\u00e7\u00e3o da Justi\u00e7a.<\/p>\n\n\n\n<p>Pelas regras do regime, Bruno n\u00e3o poderia sair do estado do Rio de Janeiro.<\/p>\n\n\n\n<p>Para a fam\u00edlia de Eliza, a situa\u00e7\u00e3o \u00e9 uma \u201cafronta\u201d, j\u00e1 que o caso nunca teve o corpo da v\u00edtima localizado, o que impede at\u00e9 hoje um enterro.<\/p>\n\n\n\n<figure class=\"wp-block-image aligncenter size-full\"><a href=\"https:\/\/i0.wp.com\/blogdoeloiltoncajuhy.com.br\/site\/wp-content\/uploads\/2026\/03\/Goleiro-Bruno-procurado-Divulgacao.jpg\"><img data-recalc-dims=\"1\" decoding=\"async\" width=\"624\" height=\"780\" src=\"https:\/\/i0.wp.com\/blogdoeloiltoncajuhy.com.br\/site\/wp-content\/uploads\/2026\/03\/Goleiro-Bruno-procurado-Divulgacao.jpg?resize=624%2C780\" alt=\"\" class=\"wp-image-94261\" srcset=\"https:\/\/i0.wp.com\/blogdoeloiltoncajuhy.com.br\/site\/wp-content\/uploads\/2026\/03\/Goleiro-Bruno-procurado-Divulgacao.jpg?w=624&amp;ssl=1 624w, https:\/\/i0.wp.com\/blogdoeloiltoncajuhy.com.br\/site\/wp-content\/uploads\/2026\/03\/Goleiro-Bruno-procurado-Divulgacao.jpg?resize=240%2C300&amp;ssl=1 240w\" sizes=\"(max-width: 624px) 100vw, 624px\" \/><\/a><figcaption class=\"wp-element-caption\"><sub>Disque Den\u00fancia emite cartaz de foragido do goleiro Bruno e pede informa\u00e7\u00f5es \u2014 Foto: Reprodu\u00e7\u00e3o<\/sub><\/figcaption><\/figure>\n\n\n\n<p class=\"has-black-color has-text-color has-link-color has-medium-font-size wp-elements-c2a945b2c4641c54c641ba963d4b5b86\"><strong>\u201cDor sem repara\u00e7\u00e3o\u201d, dizem familiares<\/strong><\/p>\n\n\n\n<p>Na carta, m\u00e3e e madrinha afirmam que, enquanto Bruno aparece em p\u00fablico e recebe aten\u00e7\u00e3o, a fam\u00edlia da v\u00edtima segue lidando com o luto e a falta de respostas.<\/p>\n\n\n\n<p>Elas tamb\u00e9m criticam o fato de o ex-goleiro ter negado a paternidade do filho por anos e, segundo elas, n\u00e3o contribuir financeiramente com a cria\u00e7\u00e3o do menino h\u00e1 cerca de quatro anos.<\/p>\n\n\n\n<p class=\"has-black-color has-text-color has-link-color has-medium-font-size wp-elements-e16c96d70516a07ea5495ed423f39c63\"><strong>Pedido por justi\u00e7a<\/strong><\/p>\n\n\n\n<p>No documento, as duas fazem um apelo direto \u00e0s autoridades dos tr\u00eas poderes. Elas pedem:<\/p>\n\n\n\n<ul class=\"wp-block-list\">\n<li>investiga\u00e7\u00e3o das viagens feitas sem autoriza\u00e7\u00e3o<br><\/li>\n<\/ul>\n\n\n\n<ul class=\"wp-block-list\">\n<li>atua\u00e7\u00e3o mais rigorosa do Minist\u00e9rio P\u00fablico<br><\/li>\n<\/ul>\n\n\n\n<ul class=\"wp-block-list\">\n<li>cumprimento integral da pena<br><\/li>\n<\/ul>\n\n\n\n<ul class=\"wp-block-list\">\n<li>responsabiliza\u00e7\u00e3o por descumprimento das regras<br><\/li>\n<\/ul>\n\n\n\n<p><\/p>\n\n\n\n<p>Elas afirmam que n\u00e3o buscam vingan\u00e7a, mas justi\u00e7a, e dizem que v\u00e3o continuar denunciando o caso.<\/p>\n\n\n\n<p class=\"has-black-color has-text-color has-link-color has-medium-font-size wp-elements-e557d8cdefab67bd0d47ac61a92dc418\"><strong>Bruno \u00e9 considerado foragido<\/strong><\/p>\n\n\n\n<p>O Disque Den\u00fancia divulgou um comunicado pedindo informa\u00e7\u00f5es sobre o paradeiro de Bruno.<\/p>\n\n\n\n<p>Segundo o Tribunal de Justi\u00e7a, um mandado de pris\u00e3o foi expedido no dia 5 de mar\u00e7o, depois que a Vara de Execu\u00e7\u00f5es Penais concluiu que ele descumpriu condi\u00e7\u00f5es da liberdade condicional.<\/p>\n\n\n\n<p>Ainda de acordo com a Justi\u00e7a, o ex-goleiro n\u00e3o se apresentou para retornar ao regime semiaberto.<\/p>\n\n\n\n<p>Bruno foi condenado a mais de 22 anos de pris\u00e3o pelos crimes relacionados \u00e0 morte de Eliza Sam\u00fadio, caso que teve grande repercuss\u00e3o nacional e segue sem a localiza\u00e7\u00e3o do corpo da v\u00edtima.<\/p>\n\n\n\n<p class=\"has-black-color has-text-color has-link-color has-medium-font-size wp-elements-8cbbad04d8e9993d394d304d58d92c29\"><strong>Leia a carta na \u00edntegra<\/strong><\/p>\n\n\n\n<p><em>&#8220;CARTA ABERTA \u00c0S AUTORIDADES<\/em><\/p>\n\n\n\n<p><em>Excelent\u00edssimas Autoridades dos Poderes Executivo, Legislativo e Judici\u00e1rio,<\/em><\/p>\n\n\n\n<p><em>\u00c0 sociedade brasileira,<\/em><\/p>\n\n\n\n<p><em>\u00c0 imprensa<\/em><\/p>\n\n\n\n<p><em>N\u00f3s, S\u00f4nia F\u00e1tima Moura, m\u00e3e de Eliza Samudio e Maria do Carmo dos Santos, madrinha de seu filho Bruninho, dirigimos -nos a Vossas Excel\u00eancias e ao povo brasileiro com o cora\u00e7\u00e3o pesaroso, mas ainda firme na luta por justi\u00e7a.<\/em><\/p>\n\n\n\n<p><em>Escrevemos esta carta em um momento em que a dor, a ang\u00fastia e a indigna\u00e7\u00e3o parecem ter se naturalizado em nossas vidas.<\/em><\/p>\n\n\n\n<p><em>Escrevemos porque o sil\u00eancio n\u00e3o \u00e9 uma op\u00e7\u00e3o. Escrevemos porque o sistema judici\u00e1rio, que deveria proteger e garantir o cumprimento das leis, tem falhado reiteradamente conosco \u2014 e, por extens\u00e3o, com toda a sociedade.<\/em><\/p>\n\n\n\n<p><em>O CASO<\/em><\/p>\n\n\n\n<p><em>Bruno Fernandes, condenado em 2013 a mais de 20 anos de pris\u00e3o pelos crimes de feminic\u00eddio, sequestro, c\u00e1rcere privado e oculta\u00e7\u00e3o de cad\u00e1ver contra Eliza Samudio, encontra-se foragido. Apesar de decis\u00e3o judicial que determinou sua pris\u00e3o, ele segue em liberdade \u2014 uma liberdade que, como provam os fatos, nunca lhe foi totalmente cerceada.<\/em><\/p>\n\n\n\n<p><em>Desde 2023, Bruno n\u00e3o era localizado para assinar o Termo de Compromisso do Livramento Condicional. A Vara de Execu\u00e7\u00e3o Penal levou tr\u00eas anos para tomar qualquer provid\u00eancia.<\/em><\/p>\n\n\n\n<p><em>Enquanto isso, al\u00e9m de ir assistir ao jogo no Maracan\u00e3 a noite como se livre fosse, ele viajava livremente: para o Esp\u00edrito Santo (01), para Minas Gerais (08) e para o Acre (01) \u2014 sempre com a complac\u00eancia de um sistema que parece incapaz de monitorar quem deveria estar sob regime semiaberto.<\/em><\/p>\n\n\n\n<p><em>O DEBOCHE \u00c0 JUSTI\u00c7A<\/em><\/p>\n\n\n\n<p><em>No dia 15 de fevereiro de 2026, apenas cinco dias ap\u00f3s oficializar sua progress\u00e3o de regime, Bruno viajou sem autoriza\u00e7\u00e3o judicial para o estado do Acre, onde participou de uma partida de futebol pelo time Vasco-AC, no Campeonato Brasileiro. Acompanhada e divulgada nas redes sociais n\u00e3o apenas pela indigna\u00e7\u00e3o da contrata\u00e7\u00e3o do Goleiro Bruno, mas tamb\u00e9m pela afronta de uma homenagem a jogadores presos sob suspeita de estupro coletivo.<\/em><\/p>\n\n\n\n<p><em>A cena \u00e9 estarrecedora: enquanto um feminicida condenado desfila impune, a m\u00e3e de sua v\u00edtima nunca p\u00f4de enterrar a filha, e o filho \u00f3rf\u00e3o nunca teve acesso aos restos mortais da pr\u00f3pria m\u00e3e.<\/em><\/p>\n\n\n\n<p><em>A AFRONTA \u00c0S V\u00cdTIMAS<\/em><\/p>\n\n\n\n<p><em>Enquanto Bruno desfruta de privil\u00e9gios incompat\u00edveis com sua condi\u00e7\u00e3o de apenado, n\u00f3s, familiares de Eliza, somos sistematicamente atacados. Somos cobrados, silenciados, invisibilizados. Enquanto ele recebe aut\u00f3grafos e holofotes, n\u00f3s seguimos tentando sobreviver ao luto sem corpo, \u00e0 dor sem repara\u00e7\u00e3o, \u00e0 aus\u00eancia sem justi\u00e7a.<\/em><\/p>\n\n\n\n<p><em>Bruno recusou-se por duas vezes a realizar exame de DNA, negando a paternidade por anos. Pagou pens\u00e3o apenas uma vez, &#8211; 2 anos acumulados \u2014 o suficiente para evitar a pris\u00e3o. H\u00e1 quase quatro anos, n\u00e3o contribui com um centavo para a cria\u00e7\u00e3o do pr\u00f3prio filho. E, ainda assim, o Estado n\u00e3o o notificou? N\u00e3o o localizou? N\u00e3o agiu? Como um apenado n\u00e3o \u00e9 encontrado pela justi\u00e7a se \u00e9 obrigado ter seu endere\u00e7o atualizado?<\/em><\/p>\n\n\n\n<p><em>A PERGUNTA QUE N\u00c3O SE CALA<\/em><\/p>\n\n\n\n<p><em>Quantas mulheres precisar\u00e3o morrer ou serem espancadas, mutiladas para que o sistema judici\u00e1rio leve a s\u00e9rio o cumprimento das penas de criminosos e feminicidas?<\/em><\/p>\n\n\n\n<p><em>Quantas fam\u00edlias precisar\u00e3o clamar por justi\u00e7a para que a Vara de Execu\u00e7\u00e3o Penal cumpra seu papel com efici\u00eancia, efic\u00e1cia e efetividade?<\/em><\/p>\n\n\n\n<p><em>Quantos Brunos Fe<\/em>rnandes precisar\u00e3o rir da lei, em pra\u00e7a p\u00fablica, para que o Judici\u00e1rio reaja com a devida gravidade?<\/p>\n\n\n\n<p><em>NOSSO PEDIDO<\/em><\/p>\n\n\n\n<p><em>N\u00e3o pedimos vingan\u00e7a. Pedimos justi\u00e7a. Pedimos o cumprimento integral da lei. Pedimos que a Vara de Execu\u00e7\u00e3o Penal investigue todas as viagens n\u00e3o autorizadas realizadas por Bruno Fernandes nos \u00faltimos anos. Pedimos que o Minist\u00e9rio P\u00fablico atue com rigor diante do descumprimento reiterado das exig\u00eancias da Lei de Execu\u00e7\u00e3o Penal. Pedimos que o Poder Judici\u00e1rio e a Vara de Execu\u00e7\u00e3o Penal garanta que a pena imposta seja, de fato, cumprida.<\/em><\/p>\n\n\n\n<p><em>Pedimos, ainda, que Bruno Fernandes seja responsabilizado criminalmente pela fuga e por cada viola\u00e7\u00e3o cometida. E pedimos que o Estado brasileiro reconhe\u00e7a que, ao tratar um feminicida com tamanha leni\u00eancia, envia uma mensagem <\/em>perigosa \u00e0 sociedade: a de que o crime compensa, a de que a vida de mulheres como Eliza n\u00e3o vale nada.<\/p>\n\n\n\n<p><em>NOSSO COMPROMISSO<\/em><\/p>\n\n\n\n<p><em>Seguiremos firmes. Seguiremos denunciando. Seguiremos ocupando o lugar que nos foi negado: o de v\u00edtimas que exigem respeito, que exigem justi\u00e7a, que exigem mem\u00f3ria.<\/em><\/p>\n\n\n\n<p><em>N\u00e3o nos calaremos. N\u00e3o desistiremos. E enquanto houver f\u00f4lego, lutaremos para que o nome de Eliza Samudio n\u00e3o seja apenas lembrado como mais uma v\u00edtima, mas como s\u00edmbolo da luta por um pa\u00eds onde feminicidas n\u00e3o sejam tratados como celebridades.<\/em><\/p>\n\n\n\n<p><em>Atenciosamente,<\/em><\/p>\n\n\n\n<p><strong><mark style=\"background-color:rgba(0, 0, 0, 0)\" class=\"has-inline-color has-black-color\">S\u00f4nia F\u00e1tima Moura<\/mark><\/strong><br><em>M\u00e3e de Eliza Samudio, Ativista de Direitos Humanos<\/em><\/p>\n\n\n\n<p><strong><mark style=\"background-color:rgba(0, 0, 0, 0)\" class=\"has-inline-color has-black-color\">Maria do Carmo dos Santos<\/mark><\/strong><br><em>Madrinha de Bruninho, Ativista de Direitos Humanos e Presidente do V\u00edtimas Unidas<\/em><\/p>\n\n\n\n<p><em>Brasil, 16 de mar\u00e7o de 2026&#8243;.<\/em><\/p>\n","protected":false},"excerpt":{"rendered":"<p>No documento enviado ao g1, a fam\u00edlia pede para que a Vara de Execu\u00e7\u00e3o Penal investigue, dentre outras coisas, viagens feitas pelo ex-goleiro nos \u00faltimos anos Por Mirian Machado, Loraine Fran\u00e7a, g1 MS \u2014 Mato Grosso do Sul &gt;&gt; Siga o canal do BEC no WhatsApp A m\u00e3e de Eliza Sam\u00fadio, S\u00f4nia F\u00e1tima Moura, e [&hellip;]<\/p>\n","protected":false},"author":2,"featured_media":94323,"comment_status":"open","ping_status":"open","sticky":false,"template":"","format":"standard","meta":{"_acf_changed":false,"_monsterinsights_skip_tracking":false,"_monsterinsights_sitenote_active":false,"_monsterinsights_sitenote_note":"","_monsterinsights_sitenote_category":0,"_jetpack_memberships_contains_paid_content":false,"footnotes":"","jetpack_publicize_message":"","jetpack_publicize_feature_enabled":true,"jetpack_social_post_already_shared":true,"jetpack_social_options":{"image_generator_settings":{"template":"highway","default_image_id":0,"font":"","enabled":false},"version":2}},"categories":[1],"tags":[],"class_list":["post-94322","post","type-post","status-publish","format-standard","has-post-thumbnail","hentry","category-noticias"],"acf":[],"jetpack_publicize_connections":[],"jetpack_featured_media_url":"https:\/\/i0.wp.com\/blogdoeloiltoncajuhy.com.br\/site\/wp-content\/uploads\/2026\/03\/Bruno-modelo-Eliza-Samudio-%E2%80%94-Foto-Arquivo-g1.jpg?fit=780%2C526&ssl=1","jetpack_sharing_enabled":true,"publishpress_future_workflow_manual_trigger":{"enabledWorkflows":[]},"_links":{"self":[{"href":"https:\/\/blogdoeloiltoncajuhy.com.br\/site\/wp-json\/wp\/v2\/posts\/94322","targetHints":{"allow":["GET"]}}],"collection":[{"href":"https:\/\/blogdoeloiltoncajuhy.com.br\/site\/wp-json\/wp\/v2\/posts"}],"about":[{"href":"https:\/\/blogdoeloiltoncajuhy.com.br\/site\/wp-json\/wp\/v2\/types\/post"}],"author":[{"embeddable":true,"href":"https:\/\/blogdoeloiltoncajuhy.com.br\/site\/wp-json\/wp\/v2\/users\/2"}],"replies":[{"embeddable":true,"href":"https:\/\/blogdoeloiltoncajuhy.com.br\/site\/wp-json\/wp\/v2\/comments?post=94322"}],"version-history":[{"count":2,"href":"https:\/\/blogdoeloiltoncajuhy.com.br\/site\/wp-json\/wp\/v2\/posts\/94322\/revisions"}],"predecessor-version":[{"id":94325,"href":"https:\/\/blogdoeloiltoncajuhy.com.br\/site\/wp-json\/wp\/v2\/posts\/94322\/revisions\/94325"}],"wp:featuredmedia":[{"embeddable":true,"href":"https:\/\/blogdoeloiltoncajuhy.com.br\/site\/wp-json\/wp\/v2\/media\/94323"}],"wp:attachment":[{"href":"https:\/\/blogdoeloiltoncajuhy.com.br\/site\/wp-json\/wp\/v2\/media?parent=94322"}],"wp:term":[{"taxonomy":"category","embeddable":true,"href":"https:\/\/blogdoeloiltoncajuhy.com.br\/site\/wp-json\/wp\/v2\/categories?post=94322"},{"taxonomy":"post_tag","embeddable":true,"href":"https:\/\/blogdoeloiltoncajuhy.com.br\/site\/wp-json\/wp\/v2\/tags?post=94322"}],"curies":[{"name":"wp","href":"https:\/\/api.w.org\/{rel}","templated":true}]}}