{"id":94319,"date":"2026-03-17T09:11:27","date_gmt":"2026-03-17T12:11:27","guid":{"rendered":"https:\/\/blogdoeloiltoncajuhy.com.br\/site\/?p=94319"},"modified":"2026-03-17T09:11:29","modified_gmt":"2026-03-17T12:11:29","slug":"fachin-defende-que-juizes-tenham-integridade-na-vida-publica-e-privada","status":"publish","type":"post","link":"https:\/\/blogdoeloiltoncajuhy.com.br\/site\/fachin-defende-que-juizes-tenham-integridade-na-vida-publica-e-privada\/","title":{"rendered":"Fachin defende que ju\u00edzes tenham integridade na vida p\u00fablica e privada"},"content":{"rendered":"\n<p class=\"has-medium-font-size\"><strong>Presidente do STF tamb\u00e9m defendeu prud\u00eancia em manifesta\u00e7\u00f5es<\/strong><\/p>\n\n\n\n<p><strong>Por Andr\u00e9 Richter\/Ag\u00eancia Brasil<\/strong><\/p>\n\n\n\n<p><strong><a href=\"https:\/\/whatsapp.com\/channel\/0029VaAT7tDLI8Yfj5y9Z50Z\" target=\"_blank\" rel=\"noreferrer noopener\"><mark style=\"background-color:rgba(0, 0, 0, 0)\" class=\"has-inline-color has-luminous-vivid-orange-color\">>> Siga o canal do BEC no WhatsApp<\/mark><\/a><\/strong><\/p>\n\n\n\n<figure class=\"wp-block-image aligncenter size-full\"><a href=\"https:\/\/i0.wp.com\/blogdoeloiltoncajuhy.com.br\/site\/wp-content\/uploads\/2026\/03\/Edson-Fachin-Foto-Agencia-Brasil.png?ssl=1\"><img data-recalc-dims=\"1\" fetchpriority=\"high\" decoding=\"async\" width=\"780\" height=\"467\" src=\"https:\/\/i0.wp.com\/blogdoeloiltoncajuhy.com.br\/site\/wp-content\/uploads\/2026\/03\/Edson-Fachin-Foto-Agencia-Brasil.png?resize=780%2C467&#038;ssl=1\" alt=\"\" class=\"wp-image-94320\" srcset=\"https:\/\/i0.wp.com\/blogdoeloiltoncajuhy.com.br\/site\/wp-content\/uploads\/2026\/03\/Edson-Fachin-Foto-Agencia-Brasil.png?w=780&amp;ssl=1 780w, https:\/\/i0.wp.com\/blogdoeloiltoncajuhy.com.br\/site\/wp-content\/uploads\/2026\/03\/Edson-Fachin-Foto-Agencia-Brasil.png?resize=300%2C180&amp;ssl=1 300w, https:\/\/i0.wp.com\/blogdoeloiltoncajuhy.com.br\/site\/wp-content\/uploads\/2026\/03\/Edson-Fachin-Foto-Agencia-Brasil.png?resize=768%2C460&amp;ssl=1 768w\" sizes=\"(max-width: 780px) 100vw, 780px\" \/><\/a><figcaption class=\"wp-element-caption\"><sub>Foto: Ag\u00eancia Brasil<\/sub><\/figcaption><\/figure>\n\n\n\n<p>O presidente do Supremo Tribunal Federal (STF), ministro Edson Fachin, disse nesta segunda-feira (16) que ju\u00edzes devem manter integridade na vida p\u00fablica e privada.<\/p>\n\n\n\n<p>Fachin participou de uma aula magna no curso de direito do Centro Universit\u00e1rio de Bras\u00edlia (Ceub), institui\u00e7\u00e3o particular da capital federal.<\/p>\n\n\n\n<p>Ao comentar sobre os desafios contempor\u00e2neos da Corte, o ministro disse que os magistrados devem seguir princ\u00edpios que j\u00e1 fazem parte das normas disciplinares dos ju\u00edzes. Fachin tamb\u00e9m afirmou que \u201cningu\u00e9m tem uma Constitui\u00e7\u00e3o para chamar de sua\u201d.<\/p>\n\n\n\n<blockquote class=\"wp-block-quote is-layout-flow wp-block-quote-is-layout-flow\">\n<p><strong><mark style=\"background-color:rgba(0, 0, 0, 0)\" class=\"has-inline-color has-black-color\">\u201cH\u00e1, nada obstante, diretrizes que podem ser recolhidas da experi\u00eancia e de cartas de princ\u00edpios nacionais e internacionais. Integridade na vida p\u00fablica e privada, uma vez que [o magistrado] deve adotar comportamento irrepreens\u00edvel na vida p\u00fablica e privada&#8221;, disse o ministro.<\/mark><\/strong><\/p>\n<\/blockquote>\n\n\n\n<p>O presidente tamb\u00e9m afirmou que os ju\u00edzes devem ser prudentes ao se manifestarem sobre processos que s\u00e3o submetidos a julgamento e devem recusar o recebimento de vantagens.<\/p>\n\n\n\n<p>\u201cPor isso que \u00e9 vedado receber benef\u00edcios, presentes ou vantagens de pessoas interessadas em processos&#8221;, comentou.<\/p>\n\n\n\n<blockquote class=\"wp-block-quote is-layout-flow wp-block-quote-is-layout-flow\">\n<blockquote class=\"wp-block-quote is-layout-flow wp-block-quote-is-layout-flow\"><\/blockquote>\n<\/blockquote>\n\n\n\n<p class=\"has-black-color has-text-color has-link-color has-medium-font-size wp-elements-09fe5ee9a2c16abeec9238661c0afb96\"><strong>Separa\u00e7\u00e3o dos poderes<\/strong><\/p>\n\n\n\n<p>Fachin tamb\u00e9m voltou a defender a separa\u00e7\u00e3o entre os Tr\u00eas Poderes. O ministro disse que a Corte acumulou \u201crazo\u00e1vel expans\u00e3o de sua atua\u00e7\u00e3o\u201d por determina\u00e7\u00e3o da Constitui\u00e7\u00e3o e ao ser impulsionada pelos debates de outros atores.<\/p>\n\n\n\n<p>\u201cA autoconten\u00e7\u00e3o n\u00e3o \u00e9 fraqueza. \u00c9 respeito \u00e0 separa\u00e7\u00e3o de poderes que, em \u00faltima an\u00e1lise, \u00e9 ela pr\u00f3pria uma exig\u00eancia constitucional\u201d, completou.<\/p>\n\n\n\n<blockquote class=\"wp-block-quote is-layout-flow wp-block-quote-is-layout-flow\">\n<blockquote class=\"wp-block-quote is-layout-flow wp-block-quote-is-layout-flow\"><\/blockquote>\n<\/blockquote>\n\n\n\n<p class=\"has-black-color has-text-color has-link-color has-medium-font-size wp-elements-8bf162877e60ff868ce880816063322d\"><strong>C\u00f3digo de \u00c9tica<\/strong><\/p>\n\n\n\n<p>Fachin defende ado\u00e7\u00e3o de um C\u00f3digo de \u00c9tica para os ministros do Supremo. No m\u00eas passado, a ministra C\u00e1rmen L\u00facia foi designada para relatar a proposta de cria\u00e7\u00e3o da norma.<\/p>\n\n\n\n<p>O an\u00fancio sobre a cria\u00e7\u00e3o de um c\u00f3digo de \u00e9tica ocorreu em meio \u00e0 investiga\u00e7\u00e3o sobre o Banco Master e \u00e0s cita\u00e7\u00f5es aos nomes dos ministros Alexandre de Moraes e Dias Toffoli.<\/p>\n","protected":false},"excerpt":{"rendered":"<p>Presidente do STF tamb\u00e9m defendeu prud\u00eancia em manifesta\u00e7\u00f5es Por Andr\u00e9 Richter\/Ag\u00eancia Brasil >> Siga o canal do BEC no WhatsApp O presidente do Supremo Tribunal Federal (STF), ministro Edson Fachin, disse nesta segunda-feira (16) que ju\u00edzes devem manter integridade na vida p\u00fablica e privada. Fachin participou de uma aula magna no curso de direito do [&hellip;]<\/p>\n","protected":false},"author":2,"featured_media":94320,"comment_status":"open","ping_status":"open","sticky":false,"template":"","format":"standard","meta":{"_acf_changed":false,"_monsterinsights_skip_tracking":false,"_monsterinsights_sitenote_active":false,"_monsterinsights_sitenote_note":"","_monsterinsights_sitenote_category":0,"_jetpack_memberships_contains_paid_content":false,"footnotes":"","jetpack_publicize_message":"","jetpack_publicize_feature_enabled":true,"jetpack_social_post_already_shared":true,"jetpack_social_options":{"image_generator_settings":{"template":"highway","default_image_id":0,"font":"","enabled":false},"version":2}},"categories":[1],"tags":[],"class_list":["post-94319","post","type-post","status-publish","format-standard","has-post-thumbnail","hentry","category-noticias"],"acf":[],"jetpack_publicize_connections":[],"jetpack_featured_media_url":"https:\/\/i0.wp.com\/blogdoeloiltoncajuhy.com.br\/site\/wp-content\/uploads\/2026\/03\/Edson-Fachin-Foto-Agencia-Brasil.png?fit=780%2C467&ssl=1","jetpack_sharing_enabled":true,"publishpress_future_workflow_manual_trigger":{"enabledWorkflows":[]},"_links":{"self":[{"href":"https:\/\/blogdoeloiltoncajuhy.com.br\/site\/wp-json\/wp\/v2\/posts\/94319","targetHints":{"allow":["GET"]}}],"collection":[{"href":"https:\/\/blogdoeloiltoncajuhy.com.br\/site\/wp-json\/wp\/v2\/posts"}],"about":[{"href":"https:\/\/blogdoeloiltoncajuhy.com.br\/site\/wp-json\/wp\/v2\/types\/post"}],"author":[{"embeddable":true,"href":"https:\/\/blogdoeloiltoncajuhy.com.br\/site\/wp-json\/wp\/v2\/users\/2"}],"replies":[{"embeddable":true,"href":"https:\/\/blogdoeloiltoncajuhy.com.br\/site\/wp-json\/wp\/v2\/comments?post=94319"}],"version-history":[{"count":1,"href":"https:\/\/blogdoeloiltoncajuhy.com.br\/site\/wp-json\/wp\/v2\/posts\/94319\/revisions"}],"predecessor-version":[{"id":94321,"href":"https:\/\/blogdoeloiltoncajuhy.com.br\/site\/wp-json\/wp\/v2\/posts\/94319\/revisions\/94321"}],"wp:featuredmedia":[{"embeddable":true,"href":"https:\/\/blogdoeloiltoncajuhy.com.br\/site\/wp-json\/wp\/v2\/media\/94320"}],"wp:attachment":[{"href":"https:\/\/blogdoeloiltoncajuhy.com.br\/site\/wp-json\/wp\/v2\/media?parent=94319"}],"wp:term":[{"taxonomy":"category","embeddable":true,"href":"https:\/\/blogdoeloiltoncajuhy.com.br\/site\/wp-json\/wp\/v2\/categories?post=94319"},{"taxonomy":"post_tag","embeddable":true,"href":"https:\/\/blogdoeloiltoncajuhy.com.br\/site\/wp-json\/wp\/v2\/tags?post=94319"}],"curies":[{"name":"wp","href":"https:\/\/api.w.org\/{rel}","templated":true}]}}