{"id":94317,"date":"2026-03-17T08:51:00","date_gmt":"2026-03-17T11:51:00","guid":{"rendered":"https:\/\/blogdoeloiltoncajuhy.com.br\/site\/?p=94317"},"modified":"2026-03-17T08:51:01","modified_gmt":"2026-03-17T11:51:01","slug":"eca-digital-comeca-a-valer-e-impoe-novas-regras-para-criancas-e-jovens-em-redes-sociais-jogos-e-sites","status":"publish","type":"post","link":"https:\/\/blogdoeloiltoncajuhy.com.br\/site\/eca-digital-comeca-a-valer-e-impoe-novas-regras-para-criancas-e-jovens-em-redes-sociais-jogos-e-sites\/","title":{"rendered":"ECA Digital come\u00e7a a valer e imp\u00f5e novas regras para crian\u00e7as e jovens em redes sociais, jogos e sites"},"content":{"rendered":"\n<p class=\"has-medium-font-size\"><strong>Regras foram sancionadas por Lula em setembro. Nova lei cria regras contra a adultiza\u00e7\u00e3o de crian\u00e7as e adolescentes na internet, aplicativos ou plataformas espec\u00edficas<\/strong><\/p>\n\n\n\n<p><strong>Por Ana Clara Alves, L\u00edgia Vieira, TV Globo<\/strong><\/p>\n\n\n\n<p><strong><a href=\"https:\/\/whatsapp.com\/channel\/0029VaAT7tDLI8Yfj5y9Z50Z\" target=\"_blank\" rel=\"noreferrer noopener\"><mark style=\"background-color:rgba(0, 0, 0, 0)\" class=\"has-inline-color has-luminous-vivid-orange-color\">>> Siga o canal do BEC no WhatsApp<\/mark><\/a><\/strong><\/p>\n\n\n\n<figure class=\"wp-block-image aligncenter size-full is-resized\"><a href=\"https:\/\/i0.wp.com\/blogdoeloiltoncajuhy.com.br\/site\/wp-content\/uploads\/2016\/03\/olhar-digital.jpg\"><img data-recalc-dims=\"1\" fetchpriority=\"high\" decoding=\"async\" width=\"460\" height=\"293\" src=\"https:\/\/i0.wp.com\/blogdoeloiltoncajuhy.com.br\/site\/wp-content\/uploads\/2016\/03\/olhar-digital.jpg?resize=460%2C293\" alt=\"\" class=\"wp-image-8121\" style=\"aspect-ratio:1.5700556398583714;width:630px;height:auto\" srcset=\"https:\/\/i0.wp.com\/blogdoeloiltoncajuhy.com.br\/site\/wp-content\/uploads\/2016\/03\/olhar-digital.jpg?w=460&amp;ssl=1 460w, https:\/\/i0.wp.com\/blogdoeloiltoncajuhy.com.br\/site\/wp-content\/uploads\/2016\/03\/olhar-digital.jpg?resize=300%2C191&amp;ssl=1 300w, https:\/\/i0.wp.com\/blogdoeloiltoncajuhy.com.br\/site\/wp-content\/uploads\/2016\/03\/olhar-digital.jpg?resize=250%2C159&amp;ssl=1 250w\" sizes=\"(max-width: 460px) 100vw, 460px\" \/><\/a><\/figure>\n\n\n\n<p>A lei que protege crian\u00e7as e adolescentes na internet entra em vigor nesta ter\u00e7a-feira (17). O texto, que ficou conhecido como ECA Digital, foi sancionado pelo presidente Lula em setembro e tinha prazo de seis meses para come\u00e7ar a vigorar.<\/p>\n\n\n\n<p>As normas passam a valer para todo produto ou servi\u00e7o digital que possa ser acessado por crian\u00e7as ou adolescentes, independentemente do setor ou modelo de neg\u00f3cio.<\/p>\n\n\n\n<p>De acordo com o Minist\u00e9rio dos Direitos Humanos, o ECA Digital cria um marco jur\u00eddico para a prote\u00e7\u00e3o de crian\u00e7as e adolescentes no ambiente digital, com medidas voltadas \u00e0 seguran\u00e7a online, prote\u00e7\u00e3o de dados, preven\u00e7\u00e3o de riscos e responsabiliza\u00e7\u00e3o de plataformas por conte\u00fados il\u00edcitos e pr\u00e1ticas abusivas.<\/p>\n\n\n\n<p>Alguns trechos ainda precisam de regulamenta\u00e7\u00e3o para detalhar atribui\u00e7\u00f5es e formas de aplica\u00e7\u00e3o da lei. O decreto com essas regras deve ser publicado ainda nesta ter\u00e7a-feira.<\/p>\n\n\n\n<p class=\"has-black-color has-text-color has-link-color wp-elements-433eac5e4c35f03d320437d5c4365ccc\"><strong>A partir de hoje, a nova legisla\u00e7\u00e3o:<\/strong><\/p>\n\n\n\n<ul class=\"wp-block-list\">\n<li>Pro\u00edbe a autodeclara\u00e7\u00e3o de idade em sites e servi\u00e7os digitais restritos a maiores de 18 anos.<\/li>\n\n\n\n<li>Exige que redes sociais ofere\u00e7am vers\u00f5es sem conte\u00fados proibidos ou publicidade direcionada e que contas de menores de 16 anos sejam vinculadas \u00e0s de seus respons\u00e1veis.<\/li>\n\n\n\n<li>Determina que marketplaces e aplicativos de entrega de bebidas alco\u00f3licas, cigarros e produtos er\u00f3ticos verifiquem a idade no cadastro ou no momento da compra e bloqueiem automaticamente o acesso de menores a itens proibidos.<\/li>\n\n\n\n<li>Imp\u00f5e que plataformas de apostas impe\u00e7am o cadastro e o acesso de crian\u00e7as e adolescentes.<\/li>\n\n\n\n<li>Obriga buscadores a ocultar ou sinalizar conte\u00fados sexualmente expl\u00edcitos e a exigir verifica\u00e7\u00e3o de idade para o desbloqueio.<\/li>\n\n\n\n<li>Exige que provedores de conte\u00fado pornogr\u00e1fico adotem verifica\u00e7\u00e3o de idade, pro\u00edbam a autodeclara\u00e7\u00e3o e removam contas identificadas como pertencentes a menores.<\/li>\n\n\n\n<li>Determina que jogos eletr\u00f4nicos com caixas de recompensa bloqueiem o acesso de menores ou ofere\u00e7am vers\u00f5es sem essa funcionalidade.<\/li>\n\n\n\n<li>Estabelece que servi\u00e7os de streaming cumpram a classifica\u00e7\u00e3o indicativa e disponibilizem perfis infantis, mecanismos de bloqueio e ferramentas de controle parental.<\/li>\n\n\n\n<li>Plataformas que t\u00eam mais de 1 milh\u00e3o de crian\u00e7as e adolescentes cadastrados devem enviar relat\u00f3rios mostrando como apuraram den\u00fancias e quais medidas de modera\u00e7\u00e3o de conte\u00fado foram adotadas.<\/li>\n<\/ul>\n\n\n\n<p><\/p>\n\n\n\n<p>A mudan\u00e7a tamb\u00e9m afeta a estrutura do governo. A Autoridade Nacional de Prote\u00e7\u00e3o de Dados foi transformada em ag\u00eancia reguladora e ter\u00e1 atribui\u00e7\u00f5es ligadas ao Estatuto Digital da Crian\u00e7a e do Adolescente.<\/p>\n\n\n\n<p>O \u00f3rg\u00e3o ainda dever\u00e1 publicar regras para detalhar pontos-chave da lei, como a verifica\u00e7\u00e3o de idade e a vincula\u00e7\u00e3o de contas de adultos com menores de 16 anos.<\/p>\n\n\n\n<p class=\"has-black-color has-text-color has-link-color has-medium-font-size wp-elements-e0cfcf54d3f912477a13662402b6e0cd\"><strong>Puni\u00e7\u00f5es<\/strong><\/p>\n\n\n\n<p>O descumprimento das medidas pode levar a multas que v\u00e3o de R$ 10 por usu\u00e1rio cadastrado na plataforma at\u00e9 um limite de R$ 50 milh\u00f5es, dependendo da infra\u00e7\u00e3o. As empresas tamb\u00e9m poder\u00e3o ter as atividades suspensas tempor\u00e1ria ou definitivamente.<\/p>\n\n\n\n<p class=\"has-black-color has-text-color has-link-color has-medium-font-size wp-elements-c9058d9926c83fe64e955b039fd27e14\"><strong>Responsabilidade do governo, fam\u00edlia e plataformas digitais<\/strong><\/p>\n\n\n\n<p>O ECA Digital prev\u00ea que a prote\u00e7\u00e3o de crian\u00e7as e adolescentes na internet seja uma responsabilidade compartilhada entre pais, Estado e plataformas digitais.<\/p>\n\n\n\n<p>Para Igor Luna, coordenador do grupo de trabalho de Crian\u00e7as e Adolescentes da C\u00e2mara Brasileira da Economia Digital, a prote\u00e7\u00e3o de menores no ambiente digital deve ser uma responsabilidade compartilhada.<\/p>\n\n\n\n<blockquote class=\"wp-block-quote is-layout-flow wp-block-quote-is-layout-flow\">\n<p><strong><mark style=\"background-color:rgba(0, 0, 0, 0)\" class=\"has-inline-color has-black-color\">&#8220;O poder p\u00fablico estabelece regras e coordena pol\u00edticas de prote\u00e7\u00e3o. As plataformas devem aplicar ferramentas e mecanismos de seguran\u00e7a adequados. J\u00e1 fam\u00edlias e educadores t\u00eam papel importante no acompanhamento do uso da tecnologia e no desenvolvimento do letramento digital&#8221;, afirma.<\/mark><\/strong><\/p>\n<\/blockquote>\n\n\n\n<p>Maria Mello, gerente do eixo digital do Instituto Alana, afirma que a entrada em vigor do Estatuto reafirma, no ambiente digital, o princ\u00edpio da prioridade absoluta e da prote\u00e7\u00e3o integral de crian\u00e7as e adolescentes.<\/p>\n\n\n\n<p>Ela tamb\u00e9m ressalta que a responsabilidade do Estado n\u00e3o se limita apenas \u00e0 ag\u00eancia que vai regular as regras.<\/p>\n\n\n\n<p>&#8220;A ANPD agora se torna uma ag\u00eancia. A ideia \u00e9 que tenha mais autonomia e mais for\u00e7a para acompanhar o processo de adequa\u00e7\u00e3o das empresas. A fiscaliza\u00e7\u00e3o \u00e9 fundamental, n\u00e3o apenas por parte da ANPD, mas tamb\u00e9m do sistema de Justi\u00e7a&#8221;, diz a especialista.<\/p>\n\n\n\n<blockquote class=\"wp-block-quote is-layout-flow wp-block-quote-is-layout-flow\">\n<p><strong><mark style=\"background-color:rgba(0, 0, 0, 0)\" class=\"has-inline-color has-black-color\">&#8220;De forma mais ampla, a comunidade escolar tamb\u00e9m precisa discutir o tema e se apropriar dessa nova lei, produzindo reflex\u00f5es e materiais sobre seu conte\u00fado para gestores, fam\u00edlias e para as pr\u00f3prias crian\u00e7as e adolescentes&#8221;.<\/mark><\/strong><\/p>\n<\/blockquote>\n","protected":false},"excerpt":{"rendered":"<p>Regras foram sancionadas por Lula em setembro. Nova lei cria regras contra a adultiza\u00e7\u00e3o de crian\u00e7as e adolescentes na internet, aplicativos ou plataformas espec\u00edficas Por Ana Clara Alves, L\u00edgia Vieira, TV Globo >> Siga o canal do BEC no WhatsApp A lei que protege crian\u00e7as e adolescentes na internet entra em vigor nesta ter\u00e7a-feira (17). [&hellip;]<\/p>\n","protected":false},"author":2,"featured_media":72244,"comment_status":"open","ping_status":"open","sticky":false,"template":"","format":"standard","meta":{"_acf_changed":false,"_monsterinsights_skip_tracking":false,"_monsterinsights_sitenote_active":false,"_monsterinsights_sitenote_note":"","_monsterinsights_sitenote_category":0,"_jetpack_memberships_contains_paid_content":false,"footnotes":"","jetpack_publicize_message":"","jetpack_publicize_feature_enabled":true,"jetpack_social_post_already_shared":true,"jetpack_social_options":{"image_generator_settings":{"template":"highway","default_image_id":0,"font":"","enabled":false},"version":2}},"categories":[14],"tags":[],"class_list":["post-94317","post","type-post","status-publish","format-standard","has-post-thumbnail","hentry","category-educacao"],"acf":[],"jetpack_publicize_connections":[],"jetpack_featured_media_url":"https:\/\/i0.wp.com\/blogdoeloiltoncajuhy.com.br\/site\/wp-content\/uploads\/2023\/02\/Celular-criancas-%E2%80%94-Foto_Reproducao-TV-Rio-Sul.webp?fit=984%2C535&ssl=1","jetpack_sharing_enabled":true,"publishpress_future_workflow_manual_trigger":{"enabledWorkflows":[]},"_links":{"self":[{"href":"https:\/\/blogdoeloiltoncajuhy.com.br\/site\/wp-json\/wp\/v2\/posts\/94317","targetHints":{"allow":["GET"]}}],"collection":[{"href":"https:\/\/blogdoeloiltoncajuhy.com.br\/site\/wp-json\/wp\/v2\/posts"}],"about":[{"href":"https:\/\/blogdoeloiltoncajuhy.com.br\/site\/wp-json\/wp\/v2\/types\/post"}],"author":[{"embeddable":true,"href":"https:\/\/blogdoeloiltoncajuhy.com.br\/site\/wp-json\/wp\/v2\/users\/2"}],"replies":[{"embeddable":true,"href":"https:\/\/blogdoeloiltoncajuhy.com.br\/site\/wp-json\/wp\/v2\/comments?post=94317"}],"version-history":[{"count":1,"href":"https:\/\/blogdoeloiltoncajuhy.com.br\/site\/wp-json\/wp\/v2\/posts\/94317\/revisions"}],"predecessor-version":[{"id":94318,"href":"https:\/\/blogdoeloiltoncajuhy.com.br\/site\/wp-json\/wp\/v2\/posts\/94317\/revisions\/94318"}],"wp:featuredmedia":[{"embeddable":true,"href":"https:\/\/blogdoeloiltoncajuhy.com.br\/site\/wp-json\/wp\/v2\/media\/72244"}],"wp:attachment":[{"href":"https:\/\/blogdoeloiltoncajuhy.com.br\/site\/wp-json\/wp\/v2\/media?parent=94317"}],"wp:term":[{"taxonomy":"category","embeddable":true,"href":"https:\/\/blogdoeloiltoncajuhy.com.br\/site\/wp-json\/wp\/v2\/categories?post=94317"},{"taxonomy":"post_tag","embeddable":true,"href":"https:\/\/blogdoeloiltoncajuhy.com.br\/site\/wp-json\/wp\/v2\/tags?post=94317"}],"curies":[{"name":"wp","href":"https:\/\/api.w.org\/{rel}","templated":true}]}}