{"id":94308,"date":"2026-03-16T19:16:47","date_gmt":"2026-03-16T22:16:47","guid":{"rendered":"https:\/\/blogdoeloiltoncajuhy.com.br\/site\/?p=94308"},"modified":"2026-03-16T19:16:48","modified_gmt":"2026-03-16T22:16:48","slug":"apos-convenio-com-o-governo-da-bahia-clinica-imais-iniciara-cirurgias-eletivas-para-pacientes-de-senhor-do-bonfim-e-regiao","status":"publish","type":"post","link":"https:\/\/blogdoeloiltoncajuhy.com.br\/site\/apos-convenio-com-o-governo-da-bahia-clinica-imais-iniciara-cirurgias-eletivas-para-pacientes-de-senhor-do-bonfim-e-regiao\/","title":{"rendered":"Ap\u00f3s conv\u00eanio com o Governo da Bahia, Cl\u00ednica Imais iniciar\u00e1 cirurgias eletivas para pacientes de Senhor do Bonfim e regi\u00e3o"},"content":{"rendered":"\n<p><strong>Blog do Eloilton Cajuhy \u2013 BEC<\/strong><\/p>\n\n\n\n<p><strong><a href=\"https:\/\/whatsapp.com\/channel\/0029VaAT7tDLI8Yfj5y9Z50Z\" target=\"_blank\" rel=\"noreferrer noopener\"><mark style=\"background-color:rgba(0, 0, 0, 0)\" class=\"has-inline-color has-luminous-vivid-orange-color\">>> Siga o canal do BEC no WhatsApp<\/mark><\/a><\/strong><\/p>\n\n\n\n<figure class=\"wp-block-image aligncenter size-full is-resized\"><a href=\"https:\/\/i0.wp.com\/blogdoeloiltoncajuhy.com.br\/site\/wp-content\/uploads\/2026\/03\/Cirurgia-2026-03-16.jpg?ssl=1\"><img data-recalc-dims=\"1\" fetchpriority=\"high\" decoding=\"async\" width=\"768\" height=\"576\" src=\"https:\/\/i0.wp.com\/blogdoeloiltoncajuhy.com.br\/site\/wp-content\/uploads\/2026\/03\/Cirurgia-2026-03-16.jpg?resize=768%2C576&#038;ssl=1\" alt=\"\" class=\"wp-image-94309\" style=\"width:552px;height:auto\" srcset=\"https:\/\/i0.wp.com\/blogdoeloiltoncajuhy.com.br\/site\/wp-content\/uploads\/2026\/03\/Cirurgia-2026-03-16.jpg?w=768&amp;ssl=1 768w, https:\/\/i0.wp.com\/blogdoeloiltoncajuhy.com.br\/site\/wp-content\/uploads\/2026\/03\/Cirurgia-2026-03-16.jpg?resize=300%2C225&amp;ssl=1 300w\" sizes=\"(max-width: 768px) 100vw, 768px\" \/><\/a><\/figure>\n\n\n\n<p>Ap\u00f3s a assinatura de conv\u00eanio com o Governo do Estado da Bahia, a Cl\u00ednica Imais passar\u00e1 a realizar cirurgias eletivas para pacientes de Senhor do Bonfim e munic\u00edpios da regi\u00e3o. A iniciativa amplia o acesso da popula\u00e7\u00e3o aos procedimentos por meio do Sistema \u00danico de Sa\u00fade (SUS) e contribui para reduzir a fila de espera por atendimentos cir\u00fargicos.<\/p>\n\n\n\n<p>Inicialmente, o atendimento ser\u00e1 voltado para a triagem de pacientes que necessitam de cirurgia de h\u00e9rnia inguinal (hernioplastia). Nesta primeira etapa, ser\u00e3o disponibilizadas 100 vagas destinadas a pacientes de Senhor do Bonfim e cidades vizinhas. O agendamento est\u00e1 sendo realizado pela Central de Marca\u00e7\u00e3o, e a triagem acontecer\u00e1 no dia 20 de mar\u00e7o, a partir das 8h, na pr\u00f3pria unidade de sa\u00fade.<\/p>\n\n\n\n<p>Para o deputado estadual Bob\u00f4, a chegada das cirurgias eletivas ao munic\u00edpio representa um avan\u00e7o importante para a sa\u00fade p\u00fablica regional, especialmente na redu\u00e7\u00e3o da quantidade de pessoas que aguardam h\u00e1 anos por esses procedimentos. O parlamentar atuou diretamente nas articula\u00e7\u00f5es que resultaram no credenciamento da cl\u00ednica junto ao Governo do Estado, possibilitando ampliar a oferta de cirurgias na regi\u00e3o.<\/p>\n\n\n\n<blockquote class=\"wp-block-quote is-layout-flow wp-block-quote-is-layout-flow\">\n<p><strong><mark style=\"background-color:rgba(0, 0, 0, 0)\" class=\"has-inline-color has-black-color\">\u201cEssa \u00e9 uma conquista importante para a popula\u00e7\u00e3o. Muitas pessoas aguardavam h\u00e1 anos por esses procedimentos e, com esse conv\u00eanio, damos um passo significativo para reduzir essa demanda reprimida, garantindo mais dignidade e cuidado para quem mais precisa\u201d, afirmou o deputado.<\/mark><\/strong><\/p>\n<\/blockquote>\n\n\n\n<p>Com o in\u00edcio das triagens e a previs\u00e3o da realiza\u00e7\u00e3o das primeiras cirurgias, a expectativa \u00e9 que centenas de pacientes sejam beneficiados nos pr\u00f3ximos meses, contribuindo para diminuir o tempo de espera por procedimentos e melhorar a qualidade de vida da popula\u00e7\u00e3o de Senhor do Bonfim e de toda a regi\u00e3o.<\/p>\n","protected":false},"excerpt":{"rendered":"<p>Blog do Eloilton Cajuhy \u2013 BEC >> Siga o canal do BEC no WhatsApp Ap\u00f3s a assinatura de conv\u00eanio com o Governo do Estado da Bahia, a Cl\u00ednica Imais passar\u00e1 a realizar cirurgias eletivas para pacientes de Senhor do Bonfim e munic\u00edpios da regi\u00e3o. A iniciativa amplia o acesso da popula\u00e7\u00e3o aos procedimentos por meio [&hellip;]<\/p>\n","protected":false},"author":2,"featured_media":94309,"comment_status":"open","ping_status":"open","sticky":false,"template":"","format":"standard","meta":{"_acf_changed":false,"_monsterinsights_skip_tracking":false,"_monsterinsights_sitenote_active":false,"_monsterinsights_sitenote_note":"","_monsterinsights_sitenote_category":0,"_jetpack_memberships_contains_paid_content":false,"footnotes":"","jetpack_publicize_message":"","jetpack_publicize_feature_enabled":true,"jetpack_social_post_already_shared":true,"jetpack_social_options":{"image_generator_settings":{"template":"highway","default_image_id":0,"font":"","enabled":false},"version":2}},"categories":[7],"tags":[],"class_list":["post-94308","post","type-post","status-publish","format-standard","has-post-thumbnail","hentry","category-saude"],"acf":[],"jetpack_publicize_connections":[],"jetpack_featured_media_url":"https:\/\/i0.wp.com\/blogdoeloiltoncajuhy.com.br\/site\/wp-content\/uploads\/2026\/03\/Cirurgia-2026-03-16.jpg?fit=768%2C576&ssl=1","jetpack_sharing_enabled":true,"publishpress_future_workflow_manual_trigger":{"enabledWorkflows":[]},"_links":{"self":[{"href":"https:\/\/blogdoeloiltoncajuhy.com.br\/site\/wp-json\/wp\/v2\/posts\/94308","targetHints":{"allow":["GET"]}}],"collection":[{"href":"https:\/\/blogdoeloiltoncajuhy.com.br\/site\/wp-json\/wp\/v2\/posts"}],"about":[{"href":"https:\/\/blogdoeloiltoncajuhy.com.br\/site\/wp-json\/wp\/v2\/types\/post"}],"author":[{"embeddable":true,"href":"https:\/\/blogdoeloiltoncajuhy.com.br\/site\/wp-json\/wp\/v2\/users\/2"}],"replies":[{"embeddable":true,"href":"https:\/\/blogdoeloiltoncajuhy.com.br\/site\/wp-json\/wp\/v2\/comments?post=94308"}],"version-history":[{"count":1,"href":"https:\/\/blogdoeloiltoncajuhy.com.br\/site\/wp-json\/wp\/v2\/posts\/94308\/revisions"}],"predecessor-version":[{"id":94310,"href":"https:\/\/blogdoeloiltoncajuhy.com.br\/site\/wp-json\/wp\/v2\/posts\/94308\/revisions\/94310"}],"wp:featuredmedia":[{"embeddable":true,"href":"https:\/\/blogdoeloiltoncajuhy.com.br\/site\/wp-json\/wp\/v2\/media\/94309"}],"wp:attachment":[{"href":"https:\/\/blogdoeloiltoncajuhy.com.br\/site\/wp-json\/wp\/v2\/media?parent=94308"}],"wp:term":[{"taxonomy":"category","embeddable":true,"href":"https:\/\/blogdoeloiltoncajuhy.com.br\/site\/wp-json\/wp\/v2\/categories?post=94308"},{"taxonomy":"post_tag","embeddable":true,"href":"https:\/\/blogdoeloiltoncajuhy.com.br\/site\/wp-json\/wp\/v2\/tags?post=94308"}],"curies":[{"name":"wp","href":"https:\/\/api.w.org\/{rel}","templated":true}]}}