{"id":94305,"date":"2026-03-16T18:02:40","date_gmt":"2026-03-16T21:02:40","guid":{"rendered":"https:\/\/blogdoeloiltoncajuhy.com.br\/site\/?p=94305"},"modified":"2026-03-16T18:02:41","modified_gmt":"2026-03-16T21:02:41","slug":"dino-acaba-com-aposentadoria-compulsoria-como-maior-punicao-a-magistrados-pena-sera-perda-de-cargo","status":"publish","type":"post","link":"https:\/\/blogdoeloiltoncajuhy.com.br\/site\/dino-acaba-com-aposentadoria-compulsoria-como-maior-punicao-a-magistrados-pena-sera-perda-de-cargo\/","title":{"rendered":"Dino acaba com aposentadoria compuls\u00f3ria como maior puni\u00e7\u00e3o a magistrados; pena ser\u00e1 perda de cargo"},"content":{"rendered":"\n<p class=\"has-medium-font-size\"><strong>Ju\u00edzes e ministros que cometerem crimes n\u00e3o poder\u00e3o ser aposentados. Eles dever\u00e3o ser sancionados com perda de cargo e, consequentemente, deixar\u00e3o de receber sal\u00e1rio<\/strong><\/p>\n\n\n\n<p><strong>Por M\u00e1rcio Falc\u00e3o, Ana Fl\u00e1via Castro, TV Globo e g1<\/strong> \u2014 Bras\u00edlia<\/p>\n\n\n\n<p><strong><a href=\"https:\/\/whatsapp.com\/channel\/0029VaAT7tDLI8Yfj5y9Z50Z\" target=\"_blank\" rel=\"noreferrer noopener\"><mark style=\"background-color:rgba(0, 0, 0, 0)\" class=\"has-inline-color has-luminous-vivid-orange-color\">>> Siga o canal do BEC no WhatsApp<\/mark><\/a><\/strong><\/p>\n\n\n\n<figure class=\"wp-block-image aligncenter size-full is-resized\"><a href=\"https:\/\/i0.wp.com\/blogdoeloiltoncajuhy.com.br\/site\/wp-content\/uploads\/2026\/03\/Ministro-Flavio-Dino-durante-sessao-do-Supremo-Tribunal-Federal-%E2%80%94-Foto-Antonio-Augusto-STF.jpeg?ssl=1\"><img data-recalc-dims=\"1\" fetchpriority=\"high\" decoding=\"async\" width=\"800\" height=\"535\" src=\"https:\/\/i0.wp.com\/blogdoeloiltoncajuhy.com.br\/site\/wp-content\/uploads\/2026\/03\/Ministro-Flavio-Dino-durante-sessao-do-Supremo-Tribunal-Federal-%E2%80%94-Foto-Antonio-Augusto-STF.jpeg?resize=800%2C535&#038;ssl=1\" alt=\"\" class=\"wp-image-94306\" style=\"aspect-ratio:1.4963759644610708;width:672px;height:auto\" srcset=\"https:\/\/i0.wp.com\/blogdoeloiltoncajuhy.com.br\/site\/wp-content\/uploads\/2026\/03\/Ministro-Flavio-Dino-durante-sessao-do-Supremo-Tribunal-Federal-%E2%80%94-Foto-Antonio-Augusto-STF.jpeg?w=817&amp;ssl=1 817w, https:\/\/i0.wp.com\/blogdoeloiltoncajuhy.com.br\/site\/wp-content\/uploads\/2026\/03\/Ministro-Flavio-Dino-durante-sessao-do-Supremo-Tribunal-Federal-%E2%80%94-Foto-Antonio-Augusto-STF.jpeg?resize=300%2C200&amp;ssl=1 300w, https:\/\/i0.wp.com\/blogdoeloiltoncajuhy.com.br\/site\/wp-content\/uploads\/2026\/03\/Ministro-Flavio-Dino-durante-sessao-do-Supremo-Tribunal-Federal-%E2%80%94-Foto-Antonio-Augusto-STF.jpeg?resize=768%2C513&amp;ssl=1 768w\" sizes=\"(max-width: 800px) 100vw, 800px\" \/><\/a><figcaption class=\"wp-element-caption\"><sub>Ministro Fl\u00e1vio Dino durante sess\u00e3o de julgamento da Primeira Turma do Supremo Tribunal Federal \u2014 Foto: Antonio Augusto\/STF<\/sub><\/figcaption><\/figure>\n\n\n\n<p>O ministro Fl\u00e1vio Dino, do Supremo Tribunal Federal (STF), decidiu nesta segunda-feira (16) que o Conselho Nacional de Justi\u00e7a (CNJ) dever\u00e1 aplicar a perda do cargo de magistrado, e a consequente perda de sal\u00e1rio, como a maior puni\u00e7\u00e3o por viola\u00e7\u00f5es disciplinares.<\/p>\n\n\n\n<p>Ou seja, a aposentadoria compuls\u00f3ria deixa de ser a principal san\u00e7\u00e3o para casos mais graves. A medida era duramente criticada porque afastava o juiz da fun\u00e7\u00e3o, mas mantinha a remunera\u00e7\u00e3o mensal proporcional ao tempo de servi\u00e7o.<\/p>\n\n\n\n<p>A medida vale para ju\u00edzes e ministros de todos os tribunais, menos o Supremo Tribunal Federal (STF).<\/p>\n\n\n\n<p>Segundo Dino, a pena de aposentadoria compuls\u00f3ria n\u00e3o cabe &#8220;no ordenamento jur\u00eddico vigente&#8221;. Por isso, magistrados que cometem crimes n\u00e3o poder\u00e3o ser sancionados com a medida.<\/p>\n\n\n\n<blockquote class=\"wp-block-quote is-layout-flow wp-block-quote-is-layout-flow\">\n<p><strong><mark style=\"background-color:rgba(0, 0, 0, 0)\" class=\"has-inline-color has-black-color\">Casos graves, \u00e0 luz da Constitui\u00e7\u00e3o, devem ser punidos com a perda do cargo, que, por conta da vitaliciedade [natureza de cargo vital\u00edcio], depende de a\u00e7\u00e3o judicial&#8221;, destaca o ministro na decis\u00e3o.<\/mark><\/strong><\/p>\n<\/blockquote>\n\n\n\n<p>Antes da decis\u00e3o de Dino, a aposentadoria compuls\u00f3ria era considerada &#8220;pena m\u00e1xima&#8221; administrativa. A medida est\u00e1 prevista na Lei Org\u00e2nica da Magistratura pra ju\u00edzes que cometem infra\u00e7\u00f5es graves. Ele, no entanto, n\u00e3o especificou o que s\u00e3o casos graves.<\/p>\n\n\n\n<p><em>Ela \u00e9, no entanto, alvo de cr\u00edticas por permitir que o magistrado continue recebendo sal\u00e1rio proporcional ao tempo de servi\u00e7o \u2014 ou seja, muitas vezes pode ser vista como uma esp\u00e9cie de &#8220;pr\u00eamio&#8221; (receber sal\u00e1rio sem trabalhar), em vez de puni\u00e7\u00e3o efetiva.<\/em><\/p>\n\n\n\n<p>Segundo Dino, uma emenda aprovada em 2019 acabou com a aposentadoria compuls\u00f3ria punitiva.<\/p>\n\n\n\n<blockquote class=\"wp-block-quote is-layout-flow wp-block-quote-is-layout-flow\">\n<p><strong><mark style=\"background-color:rgba(0, 0, 0, 0)\" class=\"has-inline-color has-black-color\">&#8220;N\u00e3o faz mais sentido que os magistrados fiquem imunes a um sistema efetivo de responsabilidade disciplinar, com a repudiada e j\u00e1 revogada &#8216;aposentadoria compuls\u00f3ria punitiva'&#8221;, escreveu.<\/mark><\/strong><\/p>\n<\/blockquote>\n\n\n\n<p>Na decis\u00e3o, Dino fixa ainda que a perda do cargo tem que ser julgada pelo STF.<\/p>\n\n\n\n<blockquote class=\"wp-block-quote is-layout-flow wp-block-quote-is-layout-flow\">\n<p><strong><mark style=\"background-color:rgba(0, 0, 0, 0)\" class=\"has-inline-color has-black-color\">&#8220;Casos graves, \u00e0 luz da Constitui\u00e7\u00e3o, devem ser punidos com a perda do cargo, que, por conta da vitaliciedade, depende de a\u00e7\u00e3o judicial. Assim, se a perda do cargo for aprovada pelo CNJ, a a\u00e7\u00e3o deve ser ajuizada diretamente no Supremo Tribunal Federal, pelo \u00f3rg\u00e3o de representa\u00e7\u00e3o judicial do CNJ, isto \u00e9, a Advocacia Geral da Uni\u00e3o&#8221;, destaca o ministro.<\/mark><\/strong><\/p>\n<\/blockquote>\n\n\n\n<p>&#8220;Caso a conclus\u00e3o administrativa pela perda do cargo do magistrado for de um tribunal, o processo deve ser enviado ao CNJ, seguindo-se o rito subsequente perante o STF&#8221;, acrescenta.<\/p>\n\n\n\n<p class=\"has-black-color has-text-color has-link-color has-medium-font-size wp-elements-57b970df19d89935c25062303ce2b462\"><strong>A decis\u00e3o<\/strong><\/p>\n\n\n\n<p>Dino decidiu sobre o caso ap\u00f3s a an\u00e1lise de uma a\u00e7\u00e3o de um juiz afastado do Tribunal de Justi\u00e7a do Rio de Janeiro (TJ-RJ) para anular decis\u00f5es do Conselho Nacional de Justi\u00e7a (CNJ), que resultaram em sua aposentadoria compuls\u00f3ria.<\/p>\n\n\n\n<p>O magistrado alvo do processo atuava na Comarca de Mangaratiba (RJ) e foi aposentado depois que o CNJ comprovou condutas como:<\/p>\n\n\n\n<ul class=\"wp-block-list\">\n<li>favorecimento de grupos pol\u00edticos da cidade;<\/li>\n\n\n\n<li>libera\u00e7\u00e3o de bens bloqueados a pedido dos interessados sem a devida manifesta\u00e7\u00e3o do Minist\u00e9rio P\u00fablico;<\/li>\n\n\n\n<li>direcionamento proposital de a\u00e7\u00f5es \u00e0 vara para concess\u00e3o deliminares em benef\u00edcio de policiais militares milicianos;<\/li>\n\n\n\n<li>irregularidade no julgamento de processos ajuizados por policiais militares que visavam a reintegra\u00e7\u00e3o \u00e0s fileiras da Corpora\u00e7\u00e3o; e<\/li>\n\n\n\n<li>anota\u00e7\u00e3o irregular da sigla \u2018PM\u2019 na capa dos autos para identificar processos em que fossem partes os policiais militares.<\/li>\n<\/ul>\n\n\n\n<p><\/p>\n\n\n\n<p>A defesa do magistrado acionou o Supremo ap\u00f3s ele ter sido punido pelo TJ-RJ e pelo CNJ com aposentadoria compuls\u00f3ria.<\/p>\n","protected":false},"excerpt":{"rendered":"<p>Ju\u00edzes e ministros que cometerem crimes n\u00e3o poder\u00e3o ser aposentados. Eles dever\u00e3o ser sancionados com perda de cargo e, consequentemente, deixar\u00e3o de receber sal\u00e1rio Por M\u00e1rcio Falc\u00e3o, Ana Fl\u00e1via Castro, TV Globo e g1 \u2014 Bras\u00edlia >> Siga o canal do BEC no WhatsApp O ministro Fl\u00e1vio Dino, do Supremo Tribunal Federal (STF), decidiu nesta [&hellip;]<\/p>\n","protected":false},"author":2,"featured_media":94306,"comment_status":"open","ping_status":"open","sticky":false,"template":"","format":"standard","meta":{"_acf_changed":false,"_monsterinsights_skip_tracking":false,"_monsterinsights_sitenote_active":false,"_monsterinsights_sitenote_note":"","_monsterinsights_sitenote_category":0,"_jetpack_memberships_contains_paid_content":false,"footnotes":"","jetpack_publicize_message":"","jetpack_publicize_feature_enabled":true,"jetpack_social_post_already_shared":true,"jetpack_social_options":{"image_generator_settings":{"template":"highway","default_image_id":0,"font":"","enabled":false},"version":2}},"categories":[3],"tags":[],"class_list":["post-94305","post","type-post","status-publish","format-standard","has-post-thumbnail","hentry","category-politica"],"acf":[],"jetpack_publicize_connections":[],"jetpack_featured_media_url":"https:\/\/i0.wp.com\/blogdoeloiltoncajuhy.com.br\/site\/wp-content\/uploads\/2026\/03\/Ministro-Flavio-Dino-durante-sessao-do-Supremo-Tribunal-Federal-%E2%80%94-Foto-Antonio-Augusto-STF.jpeg?fit=817%2C546&ssl=1","jetpack_sharing_enabled":true,"publishpress_future_workflow_manual_trigger":{"enabledWorkflows":[]},"_links":{"self":[{"href":"https:\/\/blogdoeloiltoncajuhy.com.br\/site\/wp-json\/wp\/v2\/posts\/94305","targetHints":{"allow":["GET"]}}],"collection":[{"href":"https:\/\/blogdoeloiltoncajuhy.com.br\/site\/wp-json\/wp\/v2\/posts"}],"about":[{"href":"https:\/\/blogdoeloiltoncajuhy.com.br\/site\/wp-json\/wp\/v2\/types\/post"}],"author":[{"embeddable":true,"href":"https:\/\/blogdoeloiltoncajuhy.com.br\/site\/wp-json\/wp\/v2\/users\/2"}],"replies":[{"embeddable":true,"href":"https:\/\/blogdoeloiltoncajuhy.com.br\/site\/wp-json\/wp\/v2\/comments?post=94305"}],"version-history":[{"count":1,"href":"https:\/\/blogdoeloiltoncajuhy.com.br\/site\/wp-json\/wp\/v2\/posts\/94305\/revisions"}],"predecessor-version":[{"id":94307,"href":"https:\/\/blogdoeloiltoncajuhy.com.br\/site\/wp-json\/wp\/v2\/posts\/94305\/revisions\/94307"}],"wp:featuredmedia":[{"embeddable":true,"href":"https:\/\/blogdoeloiltoncajuhy.com.br\/site\/wp-json\/wp\/v2\/media\/94306"}],"wp:attachment":[{"href":"https:\/\/blogdoeloiltoncajuhy.com.br\/site\/wp-json\/wp\/v2\/media?parent=94305"}],"wp:term":[{"taxonomy":"category","embeddable":true,"href":"https:\/\/blogdoeloiltoncajuhy.com.br\/site\/wp-json\/wp\/v2\/categories?post=94305"},{"taxonomy":"post_tag","embeddable":true,"href":"https:\/\/blogdoeloiltoncajuhy.com.br\/site\/wp-json\/wp\/v2\/tags?post=94305"}],"curies":[{"name":"wp","href":"https:\/\/api.w.org\/{rel}","templated":true}]}}