{"id":94283,"date":"2026-03-16T07:57:07","date_gmt":"2026-03-16T10:57:07","guid":{"rendered":"https:\/\/blogdoeloiltoncajuhy.com.br\/site\/?p=94283"},"modified":"2026-03-16T07:57:08","modified_gmt":"2026-03-16T10:57:08","slug":"papa-leao-xiv-pede-cessar-fogo-imediato-na-guerra-no-ira","status":"publish","type":"post","link":"https:\/\/blogdoeloiltoncajuhy.com.br\/site\/papa-leao-xiv-pede-cessar-fogo-imediato-na-guerra-no-ira\/","title":{"rendered":"Papa Le\u00e3o XIV pede cessar-fogo imediato na guerra no Ir\u00e3"},"content":{"rendered":"\n<p class=\"has-medium-font-size\"><strong>\u201cA viol\u00eancia nunca poder\u00e1 levar \u00e0 justi\u00e7a, \u00e0 estabilidade e \u00e0 paz que os povos esperam\u201d, escreveu o pont\u00edfice em sua p\u00e1gina no X<\/strong><\/p>\n\n\n\n<p><strong>Por Evellyn Paola\/Metr\u00f3poles<\/strong><\/p>\n\n\n\n<p><strong><a href=\"https:\/\/whatsapp.com\/channel\/0029VaAT7tDLI8Yfj5y9Z50Z\" target=\"_blank\" rel=\"noreferrer noopener\"><mark style=\"background-color:rgba(0, 0, 0, 0)\" class=\"has-inline-color has-luminous-vivid-orange-color\">>> Siga o canal do BEC no WhatsApp<\/mark><\/a><\/strong><\/p>\n\n\n\n<figure class=\"wp-block-image aligncenter size-full is-resized\"><a href=\"https:\/\/i0.wp.com\/blogdoeloiltoncajuhy.com.br\/site\/wp-content\/uploads\/2026\/03\/Papa-Leao-XIV-Foto-Massimo-Valicchia-NurPhoto-via-Getty-Images.webp?ssl=1\"><img data-recalc-dims=\"1\" fetchpriority=\"high\" decoding=\"async\" width=\"800\" height=\"533\" src=\"https:\/\/i0.wp.com\/blogdoeloiltoncajuhy.com.br\/site\/wp-content\/uploads\/2026\/03\/Papa-Leao-XIV-Foto-Massimo-Valicchia-NurPhoto-via-Getty-Images.webp?resize=800%2C533&#038;ssl=1\" alt=\"\" class=\"wp-image-94284\" style=\"aspect-ratio:1.5000585960389077;width:686px;height:auto\" srcset=\"https:\/\/i0.wp.com\/blogdoeloiltoncajuhy.com.br\/site\/wp-content\/uploads\/2026\/03\/Papa-Leao-XIV-Foto-Massimo-Valicchia-NurPhoto-via-Getty-Images.webp?w=900&amp;ssl=1 900w, https:\/\/i0.wp.com\/blogdoeloiltoncajuhy.com.br\/site\/wp-content\/uploads\/2026\/03\/Papa-Leao-XIV-Foto-Massimo-Valicchia-NurPhoto-via-Getty-Images.webp?resize=300%2C200&amp;ssl=1 300w, https:\/\/i0.wp.com\/blogdoeloiltoncajuhy.com.br\/site\/wp-content\/uploads\/2026\/03\/Papa-Leao-XIV-Foto-Massimo-Valicchia-NurPhoto-via-Getty-Images.webp?resize=768%2C512&amp;ssl=1 768w\" sizes=\"(max-width: 800px) 100vw, 800px\" \/><\/a><figcaption class=\"wp-element-caption\"><sub>Foto: Massimo Valicchia\/NurPhoto via Getty Images<\/sub><\/figcaption><\/figure>\n\n\n\n<p>O papa Le\u00e3o XIV foi \u00e0s redes sociais neste domingo (15) para pedir um cessar-fogo imediato na guerra entre os Estados Unidos (EUA) e Israel contra o Ir\u00e3.<\/p>\n\n\n\n<p>\u201cEm nome dos crist\u00e3os do Oriente M\u00e9dio e de todas as mulheres e homens de boa vontade, dirijo-me aos respons\u00e1veis por este conflito: cessem o fogo! Que se reabram os caminhos do di\u00e1logo! A viol\u00eancia nunca poder\u00e1 levar \u00e0 justi\u00e7a, \u00e0 estabilidade e \u00e0 paz que os povos esperam\u201d, escreveu em sua p\u00e1gina no X.<\/p>\n\n\n\n<p class=\"has-black-color has-text-color has-link-color has-medium-font-size wp-elements-1e1927d1779916325b3309f5ba1f2d7e\"><strong>A guerra no Oriente M\u00e9dio<\/strong><\/p>\n\n\n\n<p>O conflito come\u00e7ou em 28 de fevereiro, quando Estados Unidos e Israel realizaram ataques coordenados contra o Ir\u00e3. A a\u00e7\u00e3o culminou na morte do l\u00edder supremo do pa\u00eds, aiatol\u00e1 Ali Khamenei.<\/p>\n\n\n\n<p>Em retalia\u00e7\u00e3o, o regime teocr\u00e1tico do Ir\u00e3 atacou outros pa\u00edses aliados aos Estados Unidos na regi\u00e3o, elevando a situa\u00e7\u00e3o a um conflito regional com mais de 10 na\u00e7\u00f5es atingidas diretamente e milhares de v\u00edtimas.<\/p>\n\n\n\n<p>Neste domingo (15), a Guarda Revolucion\u00e1ria do Ir\u00e3 afirmou que pretende \u201cperseguir e matar\u201d o primeiro-ministro israelense, Benjamin Netanyahu.<\/p>\n\n\n\n<p>Em comunicado divulgado pelo em seu site Sepah News, o grupo declarou que continuar\u00e1 a persegui-lo \u201ccom toda a for\u00e7a\u201d enquanto ele permanecer vivo, referindo-se ao l\u00edder israelense como respons\u00e1vel pela morte de crian\u00e7as.<\/p>\n\n\n\n<p>A amea\u00e7a ocorre dias ap\u00f3s Netanyahu mencionar, de forma indireta, poss\u00edveis a\u00e7\u00f5es contra figuras centrais do eixo pr\u00f3-Ir\u00e3.<\/p>\n\n\n\n<p>Em entrevista \u00e0 NBC News, o presidente dos EUA, Donald Trump, afirmou que ainda n\u00e3o h\u00e1 condi\u00e7\u00f5es \u201csuficientemente boas\u201d para um acordo para o fim da guerra contra o Ir\u00e3.<\/p>\n\n\n\n<p>O l\u00edder declarou ainda que poder\u00e1 bombardear novamente os alvos do principal centro de exporta\u00e7\u00e3o de petr\u00f3leo bruto do Ir\u00e3, \u201capenas por divers\u00e3o\u201d.<\/p>\n","protected":false},"excerpt":{"rendered":"<p>\u201cA viol\u00eancia nunca poder\u00e1 levar \u00e0 justi\u00e7a, \u00e0 estabilidade e \u00e0 paz que os povos esperam\u201d, escreveu o pont\u00edfice em sua p\u00e1gina no X Por Evellyn Paola\/Metr\u00f3poles >> Siga o canal do BEC no WhatsApp O papa Le\u00e3o XIV foi \u00e0s redes sociais neste domingo (15) para pedir um cessar-fogo imediato na guerra entre os [&hellip;]<\/p>\n","protected":false},"author":2,"featured_media":94284,"comment_status":"open","ping_status":"open","sticky":false,"template":"","format":"standard","meta":{"_acf_changed":false,"_monsterinsights_skip_tracking":false,"_monsterinsights_sitenote_active":false,"_monsterinsights_sitenote_note":"","_monsterinsights_sitenote_category":0,"_jetpack_memberships_contains_paid_content":false,"footnotes":"","jetpack_publicize_message":"","jetpack_publicize_feature_enabled":true,"jetpack_social_post_already_shared":true,"jetpack_social_options":{"image_generator_settings":{"template":"highway","default_image_id":0,"font":"","enabled":false},"version":2}},"categories":[1],"tags":[],"class_list":["post-94283","post","type-post","status-publish","format-standard","has-post-thumbnail","hentry","category-noticias"],"acf":[],"jetpack_publicize_connections":[],"jetpack_featured_media_url":"https:\/\/i0.wp.com\/blogdoeloiltoncajuhy.com.br\/site\/wp-content\/uploads\/2026\/03\/Papa-Leao-XIV-Foto-Massimo-Valicchia-NurPhoto-via-Getty-Images.webp?fit=900%2C600&ssl=1","jetpack_sharing_enabled":true,"publishpress_future_workflow_manual_trigger":{"enabledWorkflows":[]},"_links":{"self":[{"href":"https:\/\/blogdoeloiltoncajuhy.com.br\/site\/wp-json\/wp\/v2\/posts\/94283","targetHints":{"allow":["GET"]}}],"collection":[{"href":"https:\/\/blogdoeloiltoncajuhy.com.br\/site\/wp-json\/wp\/v2\/posts"}],"about":[{"href":"https:\/\/blogdoeloiltoncajuhy.com.br\/site\/wp-json\/wp\/v2\/types\/post"}],"author":[{"embeddable":true,"href":"https:\/\/blogdoeloiltoncajuhy.com.br\/site\/wp-json\/wp\/v2\/users\/2"}],"replies":[{"embeddable":true,"href":"https:\/\/blogdoeloiltoncajuhy.com.br\/site\/wp-json\/wp\/v2\/comments?post=94283"}],"version-history":[{"count":1,"href":"https:\/\/blogdoeloiltoncajuhy.com.br\/site\/wp-json\/wp\/v2\/posts\/94283\/revisions"}],"predecessor-version":[{"id":94285,"href":"https:\/\/blogdoeloiltoncajuhy.com.br\/site\/wp-json\/wp\/v2\/posts\/94283\/revisions\/94285"}],"wp:featuredmedia":[{"embeddable":true,"href":"https:\/\/blogdoeloiltoncajuhy.com.br\/site\/wp-json\/wp\/v2\/media\/94284"}],"wp:attachment":[{"href":"https:\/\/blogdoeloiltoncajuhy.com.br\/site\/wp-json\/wp\/v2\/media?parent=94283"}],"wp:term":[{"taxonomy":"category","embeddable":true,"href":"https:\/\/blogdoeloiltoncajuhy.com.br\/site\/wp-json\/wp\/v2\/categories?post=94283"},{"taxonomy":"post_tag","embeddable":true,"href":"https:\/\/blogdoeloiltoncajuhy.com.br\/site\/wp-json\/wp\/v2\/tags?post=94283"}],"curies":[{"name":"wp","href":"https:\/\/api.w.org\/{rel}","templated":true}]}}