{"id":94277,"date":"2026-03-14T14:58:02","date_gmt":"2026-03-14T17:58:02","guid":{"rendered":"https:\/\/blogdoeloiltoncajuhy.com.br\/site\/?p=94277"},"modified":"2026-03-14T14:58:04","modified_gmt":"2026-03-14T17:58:04","slug":"assessor-chama-sede-do-governo-do-rj-de-gabinete-do-crime-e-e-exonerado-por-castro","status":"publish","type":"post","link":"https:\/\/blogdoeloiltoncajuhy.com.br\/site\/assessor-chama-sede-do-governo-do-rj-de-gabinete-do-crime-e-e-exonerado-por-castro\/","title":{"rendered":"Assessor chama sede do governo do RJ de \u2018gabinete do crime\u2019 e \u00e9 exonerado por Castro"},"content":{"rendered":"\n<p class=\"has-medium-font-size\"><strong>Advogado Victor Travancas detalha den\u00fancias contra governo Cl\u00e1udio Castro em podcast e \u00e9 demitido no mesmo dia<\/strong><\/p>\n\n\n\n<p><strong>Por Estad\u00e3o Conte\u00fado<\/strong><\/p>\n\n\n\n<p><strong><a href=\"https:\/\/whatsapp.com\/channel\/0029VaAT7tDLI8Yfj5y9Z50Z\" target=\"_blank\" rel=\"noreferrer noopener\"><mark style=\"background-color:rgba(0, 0, 0, 0)\" class=\"has-inline-color has-luminous-vivid-orange-color\">>> Siga o canal do BEC no WhatsApp<\/mark><\/a><\/strong><\/p>\n\n\n\n<figure class=\"wp-block-image aligncenter size-full\"><a href=\"https:\/\/i0.wp.com\/blogdoeloiltoncajuhy.com.br\/site\/wp-content\/uploads\/2026\/03\/Claudio-Castro-Foto-Fernando-Frazao-Agencia-Brasil.png?ssl=1\"><img data-recalc-dims=\"1\" fetchpriority=\"high\" decoding=\"async\" width=\"780\" height=\"439\" src=\"https:\/\/i0.wp.com\/blogdoeloiltoncajuhy.com.br\/site\/wp-content\/uploads\/2026\/03\/Claudio-Castro-Foto-Fernando-Frazao-Agencia-Brasil.png?resize=780%2C439&#038;ssl=1\" alt=\"\" class=\"wp-image-94278\" srcset=\"https:\/\/i0.wp.com\/blogdoeloiltoncajuhy.com.br\/site\/wp-content\/uploads\/2026\/03\/Claudio-Castro-Foto-Fernando-Frazao-Agencia-Brasil.png?w=780&amp;ssl=1 780w, https:\/\/i0.wp.com\/blogdoeloiltoncajuhy.com.br\/site\/wp-content\/uploads\/2026\/03\/Claudio-Castro-Foto-Fernando-Frazao-Agencia-Brasil.png?resize=300%2C169&amp;ssl=1 300w, https:\/\/i0.wp.com\/blogdoeloiltoncajuhy.com.br\/site\/wp-content\/uploads\/2026\/03\/Claudio-Castro-Foto-Fernando-Frazao-Agencia-Brasil.png?resize=768%2C432&amp;ssl=1 768w\" sizes=\"(max-width: 780px) 100vw, 780px\" \/><\/a><figcaption class=\"wp-element-caption\"><sub>Cl\u00e1udio Castro &#8211; Foto: Fernando Fraz\u00e3o\/Ag\u00eancia Brasil<\/sub><\/figcaption><\/figure>\n\n\n\n<p>O advogado Victor Travancas foi exonerado do governo do Rio de Janeiro, comandado por Cl\u00e1udio Castro (PL), depois de afirmar que o \u201cPal\u00e1cio da Guanabara \u00e9 o gabinete do crime organizado\u201d no Estado.<\/p>\n\n\n\n<p>A declara\u00e7\u00e3o de Travancas foi feita em um podcast comandado pelo ex-governador do Rio de Janeiro, Anthony Garotinho. O epis\u00f3dio foi ao ar na quinta-feira, 12. O advogado foi exonerado no mesmo dia. Procurado, o governo do Rio de Janeiro ainda n\u00e3o se manifestou.<\/p>\n\n\n\n<p>\u201cEu costumo dizer que o Pal\u00e1cio Guanabara \u00e9 o gabinete do crime organizado no Rio de Janeiro. N\u00f3s temos, na verdade, o crime organizado no Rio de Janeiro funciona dentro do Pal\u00e1cio Guanabara\u201d, disse Travancas.<\/p>\n\n\n\n<p>Travancas ocupava o cargo de assessor da Secretaria da Casa Civil do Rio de Janeiro. Na entrevista, ele conta que j\u00e1 havia pedido v\u00e1rias vezes para ser exonerado \u201cpor n\u00e3o concordar com a corrup\u00e7\u00e3o no governo\u201d.<\/p>\n\n\n\n<p>O advogado afirmou, por exemplo, ter alertado o governador Castro sobre o esc\u00e2ndalo do Ceperj (Centro Estadual de Estat\u00edsticas, Pesquisas e Forma\u00e7\u00e3o de Servidores P\u00fablicos).<\/p>\n\n\n\n<p>O esc\u00e2ndalo do Ceperj est\u00e1 sendo julgado pelo Tribunal Superior Eleitoral (TSE). Segundo a acusa\u00e7\u00e3o, a Funda\u00e7\u00e3o Ceperj e a Universidade do Estado do Rio de Janeiro (Uerj) teriam sido utilizadas para a contrata\u00e7\u00e3o de cabos eleitorais com recursos do governo estadual durante a campanha.<\/p>\n\n\n\n<p>\u201cEu formulei a primeira den\u00fancia ao governador\u201d, afirmou Travancas.<\/p>\n\n\n\n<p>Na ter\u00e7a-feira, 10, o ministro do TSE Kassio Nunes Marques pediu vista e suspendeu o julgamento que pode resultar na cassa\u00e7\u00e3o do mandato de Castro. O julgamento ser\u00e1 retomado no dia 24 de mar\u00e7o. At\u00e9 o momento, o placar est\u00e1 em 2 a 0 pela condena\u00e7\u00e3o do governador por abuso de poder pol\u00edtico e econ\u00f4mico nas elei\u00e7\u00f5es de 2022.<\/p>\n","protected":false},"excerpt":{"rendered":"<p>Advogado Victor Travancas detalha den\u00fancias contra governo Cl\u00e1udio Castro em podcast e \u00e9 demitido no mesmo dia Por Estad\u00e3o Conte\u00fado >> Siga o canal do BEC no WhatsApp O advogado Victor Travancas foi exonerado do governo do Rio de Janeiro, comandado por Cl\u00e1udio Castro (PL), depois de afirmar que o \u201cPal\u00e1cio da Guanabara \u00e9 o [&hellip;]<\/p>\n","protected":false},"author":2,"featured_media":94278,"comment_status":"open","ping_status":"open","sticky":false,"template":"","format":"standard","meta":{"_acf_changed":false,"_monsterinsights_skip_tracking":false,"_monsterinsights_sitenote_active":false,"_monsterinsights_sitenote_note":"","_monsterinsights_sitenote_category":0,"_jetpack_memberships_contains_paid_content":false,"footnotes":"","jetpack_publicize_message":"","jetpack_publicize_feature_enabled":true,"jetpack_social_post_already_shared":true,"jetpack_social_options":{"image_generator_settings":{"template":"highway","default_image_id":0,"font":"","enabled":false},"version":2}},"categories":[3],"tags":[],"class_list":["post-94277","post","type-post","status-publish","format-standard","has-post-thumbnail","hentry","category-politica"],"acf":[],"jetpack_publicize_connections":[],"jetpack_featured_media_url":"https:\/\/i0.wp.com\/blogdoeloiltoncajuhy.com.br\/site\/wp-content\/uploads\/2026\/03\/Claudio-Castro-Foto-Fernando-Frazao-Agencia-Brasil.png?fit=780%2C439&ssl=1","jetpack_sharing_enabled":true,"publishpress_future_workflow_manual_trigger":{"enabledWorkflows":[]},"_links":{"self":[{"href":"https:\/\/blogdoeloiltoncajuhy.com.br\/site\/wp-json\/wp\/v2\/posts\/94277","targetHints":{"allow":["GET"]}}],"collection":[{"href":"https:\/\/blogdoeloiltoncajuhy.com.br\/site\/wp-json\/wp\/v2\/posts"}],"about":[{"href":"https:\/\/blogdoeloiltoncajuhy.com.br\/site\/wp-json\/wp\/v2\/types\/post"}],"author":[{"embeddable":true,"href":"https:\/\/blogdoeloiltoncajuhy.com.br\/site\/wp-json\/wp\/v2\/users\/2"}],"replies":[{"embeddable":true,"href":"https:\/\/blogdoeloiltoncajuhy.com.br\/site\/wp-json\/wp\/v2\/comments?post=94277"}],"version-history":[{"count":1,"href":"https:\/\/blogdoeloiltoncajuhy.com.br\/site\/wp-json\/wp\/v2\/posts\/94277\/revisions"}],"predecessor-version":[{"id":94279,"href":"https:\/\/blogdoeloiltoncajuhy.com.br\/site\/wp-json\/wp\/v2\/posts\/94277\/revisions\/94279"}],"wp:featuredmedia":[{"embeddable":true,"href":"https:\/\/blogdoeloiltoncajuhy.com.br\/site\/wp-json\/wp\/v2\/media\/94278"}],"wp:attachment":[{"href":"https:\/\/blogdoeloiltoncajuhy.com.br\/site\/wp-json\/wp\/v2\/media?parent=94277"}],"wp:term":[{"taxonomy":"category","embeddable":true,"href":"https:\/\/blogdoeloiltoncajuhy.com.br\/site\/wp-json\/wp\/v2\/categories?post=94277"},{"taxonomy":"post_tag","embeddable":true,"href":"https:\/\/blogdoeloiltoncajuhy.com.br\/site\/wp-json\/wp\/v2\/tags?post=94277"}],"curies":[{"name":"wp","href":"https:\/\/api.w.org\/{rel}","templated":true}]}}