{"id":94274,"date":"2026-03-14T14:37:27","date_gmt":"2026-03-14T17:37:27","guid":{"rendered":"https:\/\/blogdoeloiltoncajuhy.com.br\/site\/?p=94274"},"modified":"2026-03-14T14:37:28","modified_gmt":"2026-03-14T17:37:28","slug":"vorcaro-surta-com-decisao-do-stf-esmurra-parede-da-prisao-e-grita-nomes-de-politicos","status":"publish","type":"post","link":"https:\/\/blogdoeloiltoncajuhy.com.br\/site\/vorcaro-surta-com-decisao-do-stf-esmurra-parede-da-prisao-e-grita-nomes-de-politicos\/","title":{"rendered":"Vorcaro surta com decis\u00e3o do STF, esmurra parede da pris\u00e3o e grita nomes de pol\u00edticos"},"content":{"rendered":"\n<p class=\"has-medium-font-size\"><strong>Em seu surto, dono do Banco Master teria gritado nomes de pol\u00edticos e autoridades que n\u00e3o teriam atuado para tir\u00e1-lo da cadeia; ele precisou de atendimento m\u00e9dico ap\u00f3s socar a parede e cogita dela\u00e7\u00e3o premiada<\/strong><\/p>\n\n\n\n<p><strong>Por Ivan Longo\/Revista F\u00f3rum<\/strong><\/p>\n\n\n\n<p><strong><a href=\"https:\/\/whatsapp.com\/channel\/0029VaAT7tDLI8Yfj5y9Z50Z\" target=\"_blank\" rel=\"noreferrer noopener\"><mark style=\"background-color:rgba(0, 0, 0, 0)\" class=\"has-inline-color has-luminous-vivid-orange-color\">>> Siga o canal do BEC no WhatsApp<\/mark><\/a><\/strong><\/p>\n\n\n\n<figure class=\"wp-block-image aligncenter size-full\"><a href=\"https:\/\/i0.wp.com\/blogdoeloiltoncajuhy.com.br\/site\/wp-content\/uploads\/2026\/03\/Daniel-Vorcaro-Foto-DPF.png?ssl=1\"><img data-recalc-dims=\"1\" fetchpriority=\"high\" decoding=\"async\" width=\"780\" height=\"439\" src=\"https:\/\/i0.wp.com\/blogdoeloiltoncajuhy.com.br\/site\/wp-content\/uploads\/2026\/03\/Daniel-Vorcaro-Foto-DPF.png?resize=780%2C439&#038;ssl=1\" alt=\"\" class=\"wp-image-94275\" srcset=\"https:\/\/i0.wp.com\/blogdoeloiltoncajuhy.com.br\/site\/wp-content\/uploads\/2026\/03\/Daniel-Vorcaro-Foto-DPF.png?w=780&amp;ssl=1 780w, https:\/\/i0.wp.com\/blogdoeloiltoncajuhy.com.br\/site\/wp-content\/uploads\/2026\/03\/Daniel-Vorcaro-Foto-DPF.png?resize=300%2C169&amp;ssl=1 300w, https:\/\/i0.wp.com\/blogdoeloiltoncajuhy.com.br\/site\/wp-content\/uploads\/2026\/03\/Daniel-Vorcaro-Foto-DPF.png?resize=768%2C432&amp;ssl=1 768w\" sizes=\"(max-width: 780px) 100vw, 780px\" \/><\/a><figcaption class=\"wp-element-caption\"><sub>Daniel Vorcaro ao ser fichado na Pol\u00edcia Federal (DPF)<\/sub><\/figcaption><\/figure>\n\n\n\n<p>Daniel Vorcaro surtou. Ap\u00f3s a decis\u00e3o do Supremo Tribunal Federal (STF), que nesta sexta-feira (13) decidiu mant\u00ea-lo na pris\u00e3o, o dono do Banco Master, revoltado, esmurrou a parede de sua cela na Penitenci\u00e1ria Federal de Bras\u00edlia, machucou as m\u00e3os e precisou de atendimento m\u00e9dico. As informa\u00e7\u00f5es s\u00e3o da revista <strong>Veja<\/strong>.<\/p>\n\n\n\n<p>Segundo interlocutores de Vorcaro, o banqueiro, durante seu surto, teria ainda gritado nomes de pol\u00edticos e autoridades com quem tinha \u201crela\u00e7\u00f5es financeiras\u201d e que n\u00e3o estariam atuando para tir\u00e1-lo da cadeia.<\/p>\n\n\n\n<p>O dono do Banco Master entrou em desespero ao saber da decis\u00e3o do STF. Mais cedo, a Segunda Turma da Corte formou maioria para confirmar a manuten\u00e7\u00e3o da pris\u00e3o preventiva do banqueiro. At\u00e9 o momento, acompanharam o voto do relator, ministro Andr\u00e9 Mendon\u00e7a, para manter Vorcaro preso, os ministros Luiz Fux e Nunes Marques. Falta votar o ministro Gilmar Mendes, decano da Corte.<\/p>\n\n\n\n<p class=\"has-black-color has-text-color has-link-color has-medium-font-size wp-elements-8fddfde9de1dc878757b4e1503ab0fe4\"><strong>Troca de advogado e dela\u00e7\u00e3o<\/strong><\/p>\n\n\n\n<p>O banqueiro Daniel Vorcaro, preso por fraude banc\u00e1ria, trocou de advogado e prepara uma negocia\u00e7\u00e3o de dela\u00e7\u00e3o premiada. As informa\u00e7\u00f5es s\u00e3o da jornalista <strong>M\u00f4nica Bergamo, na Folha de S.Paulo<\/strong>.<\/p>\n\n\n\n<p>Dessa maneira, o advogado Pierpaolo Bottini, do escrit\u00f3rio Bottini &amp; Tamasauskas, que fazia a defesa de Vorcaro, alegou \u201cmotivos pessoais\u201d e deixou o caso. Quem assume \u00e9 o advogado Jos\u00e9 Luis Oliveira Lima.<\/p>\n\n\n\n<p>Oliveira Lima conduziu dela\u00e7\u00f5es premiadas, entre elas a do ex-presidente da OAS, Leo Pinheiro, no \u00e2mbito da Opera\u00e7\u00e3o Lava Jato. Ele tamb\u00e9m atuou na defesa do ex-ministro Jos\u00e9 Dirceu na \u00e9poca do \u201cmensal\u00e3o\u201d, em 2012. Tamb\u00e9m representou o general Braga Netto no processo por tentativa de golpe de Estado.<\/p>\n\n\n\n<p>Al\u00e9m disso, Oliveira Lima atuava para o Banco Master antes da liquida\u00e7\u00e3o determinada pelo Banco Central.<\/p>\n\n\n\n<p>De acordo com informa\u00e7\u00f5es da jornalista M\u00f4nica Bergamo, Daniel Vorcaro esperava a decis\u00e3o da Segunda Turma do STF sobre a sua pris\u00e3o \u2014 que optou por mant\u00ea-lo preso \u2014 para decidir sobre a dela\u00e7\u00e3o premiada.<\/p>\n\n\n\n<p>Com a manuten\u00e7\u00e3o da pris\u00e3o de Daniel Vorcaro, o banqueiro deve iniciar negocia\u00e7\u00f5es para uma dela\u00e7\u00e3o.<\/p>\n","protected":false},"excerpt":{"rendered":"<p>Em seu surto, dono do Banco Master teria gritado nomes de pol\u00edticos e autoridades que n\u00e3o teriam atuado para tir\u00e1-lo da cadeia; ele precisou de atendimento m\u00e9dico ap\u00f3s socar a parede e cogita dela\u00e7\u00e3o premiada Por Ivan Longo\/Revista F\u00f3rum >> Siga o canal do BEC no WhatsApp Daniel Vorcaro surtou. Ap\u00f3s a decis\u00e3o do Supremo [&hellip;]<\/p>\n","protected":false},"author":2,"featured_media":94275,"comment_status":"open","ping_status":"open","sticky":false,"template":"","format":"standard","meta":{"_acf_changed":false,"_monsterinsights_skip_tracking":false,"_monsterinsights_sitenote_active":false,"_monsterinsights_sitenote_note":"","_monsterinsights_sitenote_category":0,"_jetpack_memberships_contains_paid_content":false,"footnotes":"","jetpack_publicize_message":"","jetpack_publicize_feature_enabled":true,"jetpack_social_post_already_shared":true,"jetpack_social_options":{"image_generator_settings":{"template":"highway","default_image_id":0,"font":"","enabled":false},"version":2}},"categories":[3],"tags":[],"class_list":["post-94274","post","type-post","status-publish","format-standard","has-post-thumbnail","hentry","category-politica"],"acf":[],"jetpack_publicize_connections":[],"jetpack_featured_media_url":"https:\/\/i0.wp.com\/blogdoeloiltoncajuhy.com.br\/site\/wp-content\/uploads\/2026\/03\/Daniel-Vorcaro-Foto-DPF.png?fit=780%2C439&ssl=1","jetpack_sharing_enabled":true,"publishpress_future_workflow_manual_trigger":{"enabledWorkflows":[]},"_links":{"self":[{"href":"https:\/\/blogdoeloiltoncajuhy.com.br\/site\/wp-json\/wp\/v2\/posts\/94274","targetHints":{"allow":["GET"]}}],"collection":[{"href":"https:\/\/blogdoeloiltoncajuhy.com.br\/site\/wp-json\/wp\/v2\/posts"}],"about":[{"href":"https:\/\/blogdoeloiltoncajuhy.com.br\/site\/wp-json\/wp\/v2\/types\/post"}],"author":[{"embeddable":true,"href":"https:\/\/blogdoeloiltoncajuhy.com.br\/site\/wp-json\/wp\/v2\/users\/2"}],"replies":[{"embeddable":true,"href":"https:\/\/blogdoeloiltoncajuhy.com.br\/site\/wp-json\/wp\/v2\/comments?post=94274"}],"version-history":[{"count":1,"href":"https:\/\/blogdoeloiltoncajuhy.com.br\/site\/wp-json\/wp\/v2\/posts\/94274\/revisions"}],"predecessor-version":[{"id":94276,"href":"https:\/\/blogdoeloiltoncajuhy.com.br\/site\/wp-json\/wp\/v2\/posts\/94274\/revisions\/94276"}],"wp:featuredmedia":[{"embeddable":true,"href":"https:\/\/blogdoeloiltoncajuhy.com.br\/site\/wp-json\/wp\/v2\/media\/94275"}],"wp:attachment":[{"href":"https:\/\/blogdoeloiltoncajuhy.com.br\/site\/wp-json\/wp\/v2\/media?parent=94274"}],"wp:term":[{"taxonomy":"category","embeddable":true,"href":"https:\/\/blogdoeloiltoncajuhy.com.br\/site\/wp-json\/wp\/v2\/categories?post=94274"},{"taxonomy":"post_tag","embeddable":true,"href":"https:\/\/blogdoeloiltoncajuhy.com.br\/site\/wp-json\/wp\/v2\/tags?post=94274"}],"curies":[{"name":"wp","href":"https:\/\/api.w.org\/{rel}","templated":true}]}}