{"id":94271,"date":"2026-03-14T14:20:35","date_gmt":"2026-03-14T17:20:35","guid":{"rendered":"https:\/\/blogdoeloiltoncajuhy.com.br\/site\/?p=94271"},"modified":"2026-03-14T14:20:37","modified_gmt":"2026-03-14T17:20:37","slug":"a-dor-de-um-pai-amado-batista-perde-a-filha-lorena","status":"publish","type":"post","link":"https:\/\/blogdoeloiltoncajuhy.com.br\/site\/a-dor-de-um-pai-amado-batista-perde-a-filha-lorena\/","title":{"rendered":"A dor de um pai: Amado Batista perde a filha Lorena"},"content":{"rendered":"\n<p class=\"has-medium-font-size\"><strong>Cantor emociona f\u00e3s ao compartilhar mensagem de despedida e saudade nas redes sociais<\/strong><\/p>\n\n\n\n<p><strong>Por Blog do Eloilton Cajuhy \u2013 BEC<\/strong><\/p>\n\n\n\n<p><strong><a href=\"https:\/\/whatsapp.com\/channel\/0029VaAT7tDLI8Yfj5y9Z50Z\" target=\"_blank\" rel=\"noreferrer noopener\"><mark style=\"background-color:rgba(0, 0, 0, 0)\" class=\"has-inline-color has-luminous-vivid-orange-color\">>> Siga o canal do BEC no WhatsApp<\/mark><\/a><\/strong><\/p>\n\n\n\n<figure class=\"wp-block-image aligncenter size-full is-resized\"><a href=\"https:\/\/i0.wp.com\/blogdoeloiltoncajuhy.com.br\/site\/wp-content\/uploads\/2026\/03\/Amado-e-Lorena-Facebook.png?ssl=1\"><img data-recalc-dims=\"1\" fetchpriority=\"high\" decoding=\"async\" width=\"655\" height=\"849\" src=\"https:\/\/i0.wp.com\/blogdoeloiltoncajuhy.com.br\/site\/wp-content\/uploads\/2026\/03\/Amado-e-Lorena-Facebook.png?resize=655%2C849&#038;ssl=1\" alt=\"\" class=\"wp-image-94272\" style=\"width:573px;height:auto\" srcset=\"https:\/\/i0.wp.com\/blogdoeloiltoncajuhy.com.br\/site\/wp-content\/uploads\/2026\/03\/Amado-e-Lorena-Facebook.png?w=655&amp;ssl=1 655w, https:\/\/i0.wp.com\/blogdoeloiltoncajuhy.com.br\/site\/wp-content\/uploads\/2026\/03\/Amado-e-Lorena-Facebook.png?resize=231%2C300&amp;ssl=1 231w\" sizes=\"(max-width: 655px) 100vw, 655px\" \/><\/a><figcaption class=\"wp-element-caption\"><sub>Foto: Reprodu\u00e7\u00e3o \/ Facebook<\/sub><\/figcaption><\/figure>\n\n\n\n<p>O cantor Amado Batista emocionou seus f\u00e3s ao publicar uma mensagem profunda e comovente nas redes sociais ap\u00f3s a perda de sua filha, Lorena Alves Batista, aos 46 anos, em decorr\u00eancia de um c\u00e2ncer. Conhecido por suas can\u00e7\u00f5es marcadas por sentimentos e hist\u00f3rias de amor, desta vez o artista escreveu n\u00e3o como cantor, mas como pai diante de uma das dores mais dif\u00edceis da vida.<\/p>\n\n\n\n<p>Em um texto cheio de emo\u00e7\u00e3o, Amado Batista se dirigiu aos f\u00e3s \u2014 a quem carinhosamente chama de \u201cminhas princesas e meus pr\u00edncipes\u201d \u2014 para agradecer o apoio recebido neste momento de luto. O cantor falou sobre a saudade deixada pela filha e destacou a coragem com que ela enfrentou uma doen\u00e7a grave.<\/p>\n\n\n\n<p>Segundo o artista, Lorena travou uma batalha silenciosa, marcada por momentos dif\u00edceis, mas sempre com a do\u00e7ura e a for\u00e7a que, segundo ele, eram caracter\u00edsticas marcantes de sua personalidade.<\/p>\n\n\n\n<p>Em um dos trechos mais tocantes da mensagem, o cantor escreveu que perder uma filha \u00e9 \u201ccomo uma m\u00fasica que se interrompe antes do refr\u00e3o\u201d, descrevendo o vazio deixado pela partida precoce. Ele tamb\u00e9m afirmou que, apesar da dor profunda, pretende continuar cantando em homenagem \u00e0 filha e ao p\u00fablico que o acompanha h\u00e1 d\u00e9cadas.<\/p>\n\n\n\n<p>O artista ainda agradeceu pelas in\u00fameras mensagens de carinho, ora\u00e7\u00f5es e demonstra\u00e7\u00f5es de respeito que ele e sua fam\u00edlia t\u00eam recebido desde que a not\u00edcia da morte de Lorena se tornou p\u00fablica.<\/p>\n\n\n\n<p>A publica\u00e7\u00e3o rapidamente comoveu f\u00e3s de todo o pa\u00eds, que deixaram palavras de solidariedade e conforto ao cantor neste momento t\u00e3o delicado.<\/p>\n\n\n\n<p>Mesmo diante da dor, Amado Batista refor\u00e7ou que seguir\u00e1 levando sua m\u00fasica aos palcos, mantendo viva a alegria que, segundo ele, sempre fez parte da ess\u00eancia de sua filha.<\/p>\n\n\n\n<p class=\"has-black-color has-text-color has-link-color wp-elements-afa98df6d545b7c0d8b66878ad821cbe\"><strong>Confira na \u00edntegra a nota publicada pelo artista em suas redes sociais:<\/strong><\/p>\n\n\n\n<p><em>&#8220;Minhas princesas e meus pr\u00edncipes, \u00e9 com o cora\u00e7\u00e3o pesado, mas cheio de f\u00e9, que venho falar com cada um de voc\u00eas.<\/em><\/p>\n\n\n\n<p><em>A vida nos reserva palcos iluminados e aplausos, mas tamb\u00e9m nos coloca diante de sil\u00eancios que parecem n\u00e3o ter fim. Perder a minha querida amada Lorena \u00e9 a dor mais profunda que j\u00e1 senti, uma m\u00fasica que se interrompe antes do refr\u00e3o, um vazio que nem o maior dos sucessos pode preencher.<\/em><\/p>\n\n\n\n<p><em>Ela lutou com uma bravura que me orgulhou todos os dias. Foram tempos dif\u00edceis, de batalhas silenciosas contra uma doen\u00e7a grave, mas ela nunca perdeu a do\u00e7ura que era s\u00f3 dela. Ver uma filha partir \u00e9 inverter a ordem da natureza, \u00e9 sentir a alma descompassada.<\/em><\/p>\n\n\n\n<p><em>Dizem que sou o cronista do sentimento popular, mas hoje, a cr\u00f4nica que escrevo \u00e9 feita de l\u00e1grimas e de uma saudade que n\u00e3o cabe em verso. Lorena, voc\u00ea foi o meu melhor dueto.<\/em><\/p>\n\n\n\n<p><em>Agrade\u00e7o do fundo do meu cora\u00e7\u00e3o por todas as mensagens de carinho, pelas ora\u00e7\u00f5es e pelo respeito que voc\u00eas, meu p\u00fablico querido, t\u00eam demonstrado com a minha fam\u00edlia neste momento de luto. A m\u00fasica continua, pois ela era alegria, e eu seguirei cantando por ela e para voc\u00eas.<\/em><\/p>\n\n\n\n<p><em>Obrigado, AB&#8221;<\/em><\/p>\n","protected":false},"excerpt":{"rendered":"<p>Cantor emociona f\u00e3s ao compartilhar mensagem de despedida e saudade nas redes sociais Por Blog do Eloilton Cajuhy \u2013 BEC >> Siga o canal do BEC no WhatsApp O cantor Amado Batista emocionou seus f\u00e3s ao publicar uma mensagem profunda e comovente nas redes sociais ap\u00f3s a perda de sua filha, Lorena Alves Batista, aos [&hellip;]<\/p>\n","protected":false},"author":2,"featured_media":94272,"comment_status":"open","ping_status":"open","sticky":false,"template":"","format":"standard","meta":{"_acf_changed":false,"_monsterinsights_skip_tracking":false,"_monsterinsights_sitenote_active":false,"_monsterinsights_sitenote_note":"","_monsterinsights_sitenote_category":0,"_jetpack_memberships_contains_paid_content":false,"footnotes":"","jetpack_publicize_message":"","jetpack_publicize_feature_enabled":true,"jetpack_social_post_already_shared":true,"jetpack_social_options":{"image_generator_settings":{"template":"highway","default_image_id":0,"font":"","enabled":false},"version":2}},"categories":[8],"tags":[],"class_list":["post-94271","post","type-post","status-publish","format-standard","has-post-thumbnail","hentry","category-cultura"],"acf":[],"jetpack_publicize_connections":[],"jetpack_featured_media_url":"https:\/\/i0.wp.com\/blogdoeloiltoncajuhy.com.br\/site\/wp-content\/uploads\/2026\/03\/Amado-e-Lorena-Facebook.png?fit=655%2C849&ssl=1","jetpack_sharing_enabled":true,"publishpress_future_workflow_manual_trigger":{"enabledWorkflows":[]},"_links":{"self":[{"href":"https:\/\/blogdoeloiltoncajuhy.com.br\/site\/wp-json\/wp\/v2\/posts\/94271","targetHints":{"allow":["GET"]}}],"collection":[{"href":"https:\/\/blogdoeloiltoncajuhy.com.br\/site\/wp-json\/wp\/v2\/posts"}],"about":[{"href":"https:\/\/blogdoeloiltoncajuhy.com.br\/site\/wp-json\/wp\/v2\/types\/post"}],"author":[{"embeddable":true,"href":"https:\/\/blogdoeloiltoncajuhy.com.br\/site\/wp-json\/wp\/v2\/users\/2"}],"replies":[{"embeddable":true,"href":"https:\/\/blogdoeloiltoncajuhy.com.br\/site\/wp-json\/wp\/v2\/comments?post=94271"}],"version-history":[{"count":1,"href":"https:\/\/blogdoeloiltoncajuhy.com.br\/site\/wp-json\/wp\/v2\/posts\/94271\/revisions"}],"predecessor-version":[{"id":94273,"href":"https:\/\/blogdoeloiltoncajuhy.com.br\/site\/wp-json\/wp\/v2\/posts\/94271\/revisions\/94273"}],"wp:featuredmedia":[{"embeddable":true,"href":"https:\/\/blogdoeloiltoncajuhy.com.br\/site\/wp-json\/wp\/v2\/media\/94272"}],"wp:attachment":[{"href":"https:\/\/blogdoeloiltoncajuhy.com.br\/site\/wp-json\/wp\/v2\/media?parent=94271"}],"wp:term":[{"taxonomy":"category","embeddable":true,"href":"https:\/\/blogdoeloiltoncajuhy.com.br\/site\/wp-json\/wp\/v2\/categories?post=94271"},{"taxonomy":"post_tag","embeddable":true,"href":"https:\/\/blogdoeloiltoncajuhy.com.br\/site\/wp-json\/wp\/v2\/tags?post=94271"}],"curies":[{"name":"wp","href":"https:\/\/api.w.org\/{rel}","templated":true}]}}