{"id":94267,"date":"2026-03-14T13:46:10","date_gmt":"2026-03-14T16:46:10","guid":{"rendered":"https:\/\/blogdoeloiltoncajuhy.com.br\/site\/?p=94267"},"modified":"2026-03-14T13:47:36","modified_gmt":"2026-03-14T16:47:36","slug":"adab-alerta-produtores-do-territorio-piemonte-norte-do-itapicuru-apos-confirmacao-de-caso-de-raiva-em-propriedade-na-regiao-de-quice","status":"publish","type":"post","link":"https:\/\/blogdoeloiltoncajuhy.com.br\/site\/adab-alerta-produtores-do-territorio-piemonte-norte-do-itapicuru-apos-confirmacao-de-caso-de-raiva-em-propriedade-na-regiao-de-quice\/","title":{"rendered":"ADAB alerta produtores do Territ\u00f3rio Piemonte Norte do Itapicuru ap\u00f3s confirma\u00e7\u00e3o de caso de raiva em propriedade na regi\u00e3o de Quic\u00e9"},"content":{"rendered":"\n<p><strong>Blog do Eloilton Cajuhy \u2013 BEC<\/strong><\/p>\n\n\n\n<p><strong><a href=\"https:\/\/whatsapp.com\/channel\/0029VaAT7tDLI8Yfj5y9Z50Z\" target=\"_blank\" rel=\"noreferrer noopener\"><mark style=\"background-color:rgba(0, 0, 0, 0)\" class=\"has-inline-color has-luminous-vivid-orange-color\">>> Siga o canal do BEC no WhatsApp<\/mark><\/a><\/strong><\/p>\n\n\n\n<figure class=\"wp-block-image aligncenter size-full\"><a href=\"https:\/\/i0.wp.com\/blogdoeloiltoncajuhy.com.br\/site\/wp-content\/uploads\/2026\/03\/ChatGPT-Image-14-mar-2026-animas-raiva.png?ssl=1\"><img data-recalc-dims=\"1\" fetchpriority=\"high\" decoding=\"async\" width=\"780\" height=\"520\" src=\"https:\/\/i0.wp.com\/blogdoeloiltoncajuhy.com.br\/site\/wp-content\/uploads\/2026\/03\/ChatGPT-Image-14-mar-2026-animas-raiva.png?resize=780%2C520&#038;ssl=1\" alt=\"\" class=\"wp-image-94268\" srcset=\"https:\/\/i0.wp.com\/blogdoeloiltoncajuhy.com.br\/site\/wp-content\/uploads\/2026\/03\/ChatGPT-Image-14-mar-2026-animas-raiva.png?w=780&amp;ssl=1 780w, https:\/\/i0.wp.com\/blogdoeloiltoncajuhy.com.br\/site\/wp-content\/uploads\/2026\/03\/ChatGPT-Image-14-mar-2026-animas-raiva.png?resize=300%2C200&amp;ssl=1 300w, https:\/\/i0.wp.com\/blogdoeloiltoncajuhy.com.br\/site\/wp-content\/uploads\/2026\/03\/ChatGPT-Image-14-mar-2026-animas-raiva.png?resize=768%2C512&amp;ssl=1 768w\" sizes=\"(max-width: 780px) 100vw, 780px\" \/><\/a><\/figure>\n\n\n\n<p>A Ag\u00eancia de Defesa Agropecu\u00e1ria da Bahia (ADAB), por meio da Unidade Veterin\u00e1ria Local de Senhor do Bonfim, alerta produtores rurais ap\u00f3s a confirma\u00e7\u00e3o de um caso positivo de raiva em uma propriedade localizada na regi\u00e3o de Quic\u00e9, na zona rural do munic\u00edpio.<\/p>\n\n\n\n<p>A raiva \u00e9 uma doen\u00e7a viral grave e fatal, que acomete principalmente herb\u00edvoros como bovinos, equinos, caprinos e ovinos, podendo tamb\u00e9m representar risco \u00e0 sa\u00fade humana. A transmiss\u00e3o ocorre, na maioria das vezes, por meio da mordida de morcegos hemat\u00f3fagos, conhecidos por se alimentarem de sangue.<\/p>\n\n\n\n<p>Diante da confirma\u00e7\u00e3o do caso, a ADAB refor\u00e7a a import\u00e2ncia da vacina\u00e7\u00e3o preventiva dos rebanhos, considerada a principal forma de prote\u00e7\u00e3o contra a doen\u00e7a. A imuniza\u00e7\u00e3o dos animais \u00e9 fundamental para reduzir os riscos de ocorr\u00eancia de novos casos e proteger os rebanhos da regi\u00e3o.<\/p>\n\n\n\n<p>Entre os principais sinais cl\u00ednicos que podem ser observados nos animais est\u00e3o dificuldade de locomo\u00e7\u00e3o, andar cambaleante, saliva\u00e7\u00e3o excessiva, altera\u00e7\u00f5es de comportamento, isolamento do rebanho e paralisia progressiva.<\/p>\n\n\n\n<p>Como parte das a\u00e7\u00f5es de controle sanit\u00e1rio, a ADAB realizar\u00e1 o perifoco na regi\u00e3o com vsita aos produtores no entorno.<\/p>\n\n\n\n<p>A equipe t\u00e9cnica ir\u00e1 promover a vacina\u00e7\u00e3o assistida dos animais existentes na propriedade com a confirma\u00e7\u00e3o do resultado positivo para raiva, al\u00e9m de realiza\u00e7\u00e3o de a\u00e7\u00f5es de educa\u00e7\u00e3o sanit\u00e1ria e cataloga\u00e7\u00e3o de \u00e1reas com poss\u00edveis locais na regi\u00e3o que possam abrigar morcegos hemat\u00f3fagos.<\/p>\n\n\n\n<p>Ao observar sintomas suspeitos, o produtor deve procurar imediatamente o escrit\u00f3rio da ADAB mais pr\u00f3ximo para que a equipe t\u00e9cnica possa realizar a investiga\u00e7\u00e3o e adotar as medidas sanit\u00e1rias necess\u00e1rias.<\/p>\n\n\n\n<p>A ADAB destaca que a colabora\u00e7\u00e3o dos produtores e a vacina\u00e7\u00e3o regular dos animais s\u00e3o medidas essenciais para proteger os rebanhos e manter a sanidade animal na regi\u00e3o.<\/p>\n","protected":false},"excerpt":{"rendered":"<p>Blog do Eloilton Cajuhy \u2013 BEC >> Siga o canal do BEC no WhatsApp A Ag\u00eancia de Defesa Agropecu\u00e1ria da Bahia (ADAB), por meio da Unidade Veterin\u00e1ria Local de Senhor do Bonfim, alerta produtores rurais ap\u00f3s a confirma\u00e7\u00e3o de um caso positivo de raiva em uma propriedade localizada na regi\u00e3o de Quic\u00e9, na zona rural [&hellip;]<\/p>\n","protected":false},"author":2,"featured_media":94268,"comment_status":"open","ping_status":"open","sticky":false,"template":"","format":"standard","meta":{"_acf_changed":false,"_monsterinsights_skip_tracking":false,"_monsterinsights_sitenote_active":false,"_monsterinsights_sitenote_note":"","_monsterinsights_sitenote_category":0,"_jetpack_memberships_contains_paid_content":false,"footnotes":"","jetpack_publicize_message":"","jetpack_publicize_feature_enabled":true,"jetpack_social_post_already_shared":true,"jetpack_social_options":{"image_generator_settings":{"template":"highway","default_image_id":0,"font":"","enabled":false},"version":2}},"categories":[4],"tags":[],"class_list":["post-94267","post","type-post","status-publish","format-standard","has-post-thumbnail","hentry","category-local"],"acf":[],"jetpack_publicize_connections":[],"jetpack_featured_media_url":"https:\/\/i0.wp.com\/blogdoeloiltoncajuhy.com.br\/site\/wp-content\/uploads\/2026\/03\/ChatGPT-Image-14-mar-2026-animas-raiva.png?fit=780%2C520&ssl=1","jetpack_sharing_enabled":true,"publishpress_future_workflow_manual_trigger":{"enabledWorkflows":[]},"_links":{"self":[{"href":"https:\/\/blogdoeloiltoncajuhy.com.br\/site\/wp-json\/wp\/v2\/posts\/94267","targetHints":{"allow":["GET"]}}],"collection":[{"href":"https:\/\/blogdoeloiltoncajuhy.com.br\/site\/wp-json\/wp\/v2\/posts"}],"about":[{"href":"https:\/\/blogdoeloiltoncajuhy.com.br\/site\/wp-json\/wp\/v2\/types\/post"}],"author":[{"embeddable":true,"href":"https:\/\/blogdoeloiltoncajuhy.com.br\/site\/wp-json\/wp\/v2\/users\/2"}],"replies":[{"embeddable":true,"href":"https:\/\/blogdoeloiltoncajuhy.com.br\/site\/wp-json\/wp\/v2\/comments?post=94267"}],"version-history":[{"count":2,"href":"https:\/\/blogdoeloiltoncajuhy.com.br\/site\/wp-json\/wp\/v2\/posts\/94267\/revisions"}],"predecessor-version":[{"id":94270,"href":"https:\/\/blogdoeloiltoncajuhy.com.br\/site\/wp-json\/wp\/v2\/posts\/94267\/revisions\/94270"}],"wp:featuredmedia":[{"embeddable":true,"href":"https:\/\/blogdoeloiltoncajuhy.com.br\/site\/wp-json\/wp\/v2\/media\/94268"}],"wp:attachment":[{"href":"https:\/\/blogdoeloiltoncajuhy.com.br\/site\/wp-json\/wp\/v2\/media?parent=94267"}],"wp:term":[{"taxonomy":"category","embeddable":true,"href":"https:\/\/blogdoeloiltoncajuhy.com.br\/site\/wp-json\/wp\/v2\/categories?post=94267"},{"taxonomy":"post_tag","embeddable":true,"href":"https:\/\/blogdoeloiltoncajuhy.com.br\/site\/wp-json\/wp\/v2\/tags?post=94267"}],"curies":[{"name":"wp","href":"https:\/\/api.w.org\/{rel}","templated":true}]}}