{"id":94260,"date":"2026-03-13T17:30:05","date_gmt":"2026-03-13T20:30:05","guid":{"rendered":"https:\/\/blogdoeloiltoncajuhy.com.br\/site\/?p=94260"},"modified":"2026-03-13T17:30:07","modified_gmt":"2026-03-13T20:30:07","slug":"disque-denuncia-divulga-cartaz-para-encontrar-goleiro-bruno-foragido-da-justica-do-rio","status":"publish","type":"post","link":"https:\/\/blogdoeloiltoncajuhy.com.br\/site\/disque-denuncia-divulga-cartaz-para-encontrar-goleiro-bruno-foragido-da-justica-do-rio\/","title":{"rendered":"Disque Den\u00fancia divulga cartaz para encontrar goleiro Bruno, foragido da Justi\u00e7a do Rio"},"content":{"rendered":"\n<p class=\"has-medium-font-size\"><strong>Ex-jogador do Flamengo violou o livramento condicional e ter\u00e1 de voltar ao regime semiaberto ap\u00f3s sair do Estado sem autoriza\u00e7\u00e3o judicial<\/strong><\/p>\n\n\n\n<p><strong>Por Ta\u00eds Codeco\/Extra<\/strong><\/p>\n\n\n\n<p><strong><a href=\"https:\/\/whatsapp.com\/channel\/0029VaAT7tDLI8Yfj5y9Z50Z\" target=\"_blank\" rel=\"noreferrer noopener\"><mark style=\"background-color:rgba(0, 0, 0, 0)\" class=\"has-inline-color has-luminous-vivid-orange-color\">>> Siga o canal do BEC no WhatsApp<\/mark><\/a><\/strong><\/p>\n\n\n\n<figure class=\"wp-block-image aligncenter size-full\"><a href=\"https:\/\/i0.wp.com\/blogdoeloiltoncajuhy.com.br\/site\/wp-content\/uploads\/2026\/03\/Goleiro-Bruno-procurado-Divulgacao.jpg?ssl=1\"><img data-recalc-dims=\"1\" fetchpriority=\"high\" decoding=\"async\" width=\"624\" height=\"780\" src=\"https:\/\/i0.wp.com\/blogdoeloiltoncajuhy.com.br\/site\/wp-content\/uploads\/2026\/03\/Goleiro-Bruno-procurado-Divulgacao.jpg?resize=624%2C780&#038;ssl=1\" alt=\"\" class=\"wp-image-94261\" srcset=\"https:\/\/i0.wp.com\/blogdoeloiltoncajuhy.com.br\/site\/wp-content\/uploads\/2026\/03\/Goleiro-Bruno-procurado-Divulgacao.jpg?w=624&amp;ssl=1 624w, https:\/\/i0.wp.com\/blogdoeloiltoncajuhy.com.br\/site\/wp-content\/uploads\/2026\/03\/Goleiro-Bruno-procurado-Divulgacao.jpg?resize=240%2C300&amp;ssl=1 240w\" sizes=\"(max-width: 624px) 100vw, 624px\" \/><\/a><figcaption class=\"wp-element-caption\"><sub>Disque Den\u00fancia divulga cartaz de goleiro Bruno Fernandes, foragido da Justi\u00e7a do Rio \u2014 Foto: Divulga\u00e7\u00e3o<\/sub><\/figcaption><\/figure>\n\n\n\n<p>Foragido da Justi\u00e7a, o goleiro Bruno Fernandes est\u00e1 sendo procurado e teve um cartaz divulgado pelo Disque Den\u00fancia do Rio nesta quinta-feira, 12, pedindo informa\u00e7\u00f5es sobre seu paradeiro. No \u00faltimo dia 5, a Justi\u00e7a expediu mandado de pris\u00e3o para que ele volte a cumprir pena em regime semiaberto. O ex-goleiro do Flamengo violou o livramento condicional.<\/p>\n\n\n\n<p>De acordo com a nova decis\u00e3o judicial, no dia 15 de fevereiro, Bruno teria viajado para o Acre sem autoriza\u00e7\u00e3o judicial, para jogar pelo Vasco-AC. Pelas regras impostas pela Justi\u00e7a, ele estava proibido de deixar o estado do Rio de Janeiro.<\/p>\n\n\n\n<p>Segundo o Tribunal de Justi\u00e7a, ele ainda n\u00e3o se apresentou para cumprir a determina\u00e7\u00e3o de retorno ao regime semiaberto e, por isso, est\u00e1 sendo procurado.<\/p>\n\n\n\n<p>Bruno foi preso em 2010 pelo assassinato de Eliza Samudio. O goleiro foi condenado em 2013 a mais de 22 anos de pris\u00e3o por homic\u00eddio, oculta\u00e7\u00e3o de cad\u00e1ver, sequestro e c\u00e1rcere privado da modelo.<\/p>\n\n\n\n<p class=\"has-black-color has-text-color has-link-color has-medium-font-size wp-elements-b5444b4240047b7800929d618b76334f\"><strong>M\u00e3e de Eliza Samudio desabafou<\/strong><\/p>\n\n\n\n<p>S\u00f4nia Moura, m\u00e3e de Eliza, manifestou-se ap\u00f3s a Vara de Execu\u00e7\u00f5es Penais do Rio revogar o livramento condicional concedido ao goleiro Bruno na \u00faltima quinta-feira, 5. Em conversa com o <strong>EXTRA<\/strong>, S\u00f4nia desabafou sobre o sentimento de impot\u00eancia quanto a tudo que passou por causa de Bruno.<\/p>\n\n\n\n<p>&#8220;O Bruno pisa na cabe\u00e7a da Justi\u00e7a. O que ele j\u00e1 fez\u2026 Ele ficou tr\u00eas anos sem atualizar o endere\u00e7o e o oficial de Justi\u00e7a atr\u00e1s dele por quest\u00e3o da pens\u00e3o, vamos ver se v\u00e3o encontr\u00e1-lo no endere\u00e7o que deu. Vamos esperar para ver o que a Justi\u00e7a vai fazer, porque a gente n\u00e3o pode fazer nada, n\u00e3o podemos usar os mesmos meios que ele usa, vamos pelos legais, at\u00e9 porque n\u00e3o somos mau-car\u00e1ter como ele&#8221;, desabafa.<\/p>\n\n\n\n<p>&#8220;Que a Justi\u00e7a consiga olhar com mais empatia, porque n\u00f3s, familiares que ficam, estamos sequelados para sempre, e tem muita gente que n\u00e3o sabe a diferen\u00e7a de um erro e de uma pessoa que comete crime (\u2026) Eu, hoje, estou um pouco mais crente que a Justi\u00e7a est\u00e1 fazendo seu papel, como deve ser feito. Espero que n\u00e3o seja s\u00f3 no meu caso, que seja em todos que est\u00e3o surgindo&#8221;, afirmou.<\/p>\n","protected":false},"excerpt":{"rendered":"<p>Ex-jogador do Flamengo violou o livramento condicional e ter\u00e1 de voltar ao regime semiaberto ap\u00f3s sair do Estado sem autoriza\u00e7\u00e3o judicial Por Ta\u00eds Codeco\/Extra >> Siga o canal do BEC no WhatsApp Foragido da Justi\u00e7a, o goleiro Bruno Fernandes est\u00e1 sendo procurado e teve um cartaz divulgado pelo Disque Den\u00fancia do Rio nesta quinta-feira, 12, [&hellip;]<\/p>\n","protected":false},"author":2,"featured_media":94261,"comment_status":"open","ping_status":"open","sticky":false,"template":"","format":"standard","meta":{"_acf_changed":false,"_monsterinsights_skip_tracking":false,"_monsterinsights_sitenote_active":false,"_monsterinsights_sitenote_note":"","_monsterinsights_sitenote_category":0,"_jetpack_memberships_contains_paid_content":false,"footnotes":"","jetpack_publicize_message":"","jetpack_publicize_feature_enabled":true,"jetpack_social_post_already_shared":true,"jetpack_social_options":{"image_generator_settings":{"template":"highway","default_image_id":0,"font":"","enabled":false},"version":2}},"categories":[15],"tags":[],"class_list":["post-94260","post","type-post","status-publish","format-standard","has-post-thumbnail","hentry","category-policia"],"acf":[],"jetpack_publicize_connections":[],"jetpack_featured_media_url":"https:\/\/i0.wp.com\/blogdoeloiltoncajuhy.com.br\/site\/wp-content\/uploads\/2026\/03\/Goleiro-Bruno-procurado-Divulgacao.jpg?fit=624%2C780&ssl=1","jetpack_sharing_enabled":true,"publishpress_future_workflow_manual_trigger":{"enabledWorkflows":[]},"_links":{"self":[{"href":"https:\/\/blogdoeloiltoncajuhy.com.br\/site\/wp-json\/wp\/v2\/posts\/94260","targetHints":{"allow":["GET"]}}],"collection":[{"href":"https:\/\/blogdoeloiltoncajuhy.com.br\/site\/wp-json\/wp\/v2\/posts"}],"about":[{"href":"https:\/\/blogdoeloiltoncajuhy.com.br\/site\/wp-json\/wp\/v2\/types\/post"}],"author":[{"embeddable":true,"href":"https:\/\/blogdoeloiltoncajuhy.com.br\/site\/wp-json\/wp\/v2\/users\/2"}],"replies":[{"embeddable":true,"href":"https:\/\/blogdoeloiltoncajuhy.com.br\/site\/wp-json\/wp\/v2\/comments?post=94260"}],"version-history":[{"count":1,"href":"https:\/\/blogdoeloiltoncajuhy.com.br\/site\/wp-json\/wp\/v2\/posts\/94260\/revisions"}],"predecessor-version":[{"id":94262,"href":"https:\/\/blogdoeloiltoncajuhy.com.br\/site\/wp-json\/wp\/v2\/posts\/94260\/revisions\/94262"}],"wp:featuredmedia":[{"embeddable":true,"href":"https:\/\/blogdoeloiltoncajuhy.com.br\/site\/wp-json\/wp\/v2\/media\/94261"}],"wp:attachment":[{"href":"https:\/\/blogdoeloiltoncajuhy.com.br\/site\/wp-json\/wp\/v2\/media?parent=94260"}],"wp:term":[{"taxonomy":"category","embeddable":true,"href":"https:\/\/blogdoeloiltoncajuhy.com.br\/site\/wp-json\/wp\/v2\/categories?post=94260"},{"taxonomy":"post_tag","embeddable":true,"href":"https:\/\/blogdoeloiltoncajuhy.com.br\/site\/wp-json\/wp\/v2\/tags?post=94260"}],"curies":[{"name":"wp","href":"https:\/\/api.w.org\/{rel}","templated":true}]}}